{"id":1229,"date":"2019-12-07T01:41:00","date_gmt":"2019-12-06T23:41:00","guid":{"rendered":"https:\/\/borncity.com\/escooter\/?p=1229"},"modified":"2025-05-13T13:07:46","modified_gmt":"2025-05-13T11:07:46","slug":"escooter-verleih-ernchterung-in-dresden","status":"publish","type":"post","link":"https:\/\/borncity.eu\/escooter\/archive\/1229","title":{"rendered":"eScooter-Verleih: Ern&uuml;chterung in Dresden"},"content":{"rendered":"<p><img loading=\"lazy\" decoding=\"async\" title=\"eScooter\" style=\"float: left; margin: 0px 10px 0px 0px; display: inline\" alt=\"eScooter\" src=\"https:\/\/borncity.eu\/escooter\/wp-content\/uploads\/2023\/05\/mDHY4zR-300x221.jpg\" width=\"129\" align=\"left\" height=\"95\">Zumindest der Nachrichtenlage nach sind Leih-Elektro-Tretroller das Trendthema im Sommer 2019. Die Dinger stehen in den Innenst\u00e4dten \u00fcberall im Weg. Stehen ist die Devise, denn das gro\u00dfe Gesch\u00e4ft ist in Dresden wohl eher ausgeblieben. <\/p>\n<p><!--more--><\/p>\n<p>Was f\u00fcr eine Euphorie, bei den Verleihern und bei der Politik: Verkehrswende, umweltfreundliches Verkehrsmittel und was noch alles an Versprechen kamen. Es mag sein, dass Elektro-Tretroller (eScooter) f\u00fcr Individuen Sinn machen. Aber Leih-eScooter stechen eher als \u00c4rgernis hervor, weil sie wild geparkt werden und Fu\u00dfg\u00e4nger gef\u00e4hrden. <\/p>\n<p><img decoding=\"async\" title=\"E-Tretroller zur Ausleihe\" alt=\"E-Tretroller zur Ausleihe\" src=\"https:\/\/borncity.eu\/escooter\/wp-content\/uploads\/2023\/05\/3AjGIe9.jpg\"><br \/>(eScooter, Symbolbild, Quelle: Pexels, <a href=\"https:\/\/www.pexels.com\/photo\/black-kick-scooters-parked-near-body-of-water-2547627\/\">Magda Ehlers<\/a>, freie Nutzung)  <\/p>\n<p>Jetzt ist es bald Winter und so Mancher zieht Bilanz. Erste Verleihfirmen streichen die Segel und machen Winterpause (<a href=\"https:\/\/borncity.eu\/escooter\/archive\/1226\">Ups, eScooter-Verleiher Bird verf\u00e4llt in den 'Winterschlaf'<\/a>). Und was war mit Dresden? <\/p>\n<blockquote class=\"twitter-tweet\">\n<p lang=\"de\" dir=\"ltr\">Kein Scooter-Boom in Dresden: Die gro\u00dfe E-Ern\u00fcchterung. #Dresden <a href=\"https:\/\/web.archive.org\/web\/20231223073729\/https:\/\/t.co\/Jqk4wXS2yY\">https:\/\/t.co\/Jqk4wXS2yY<\/a> pic.twitter.com\/nW9JSCn89W<\/p>\n<p>\u2014 TAG24 NEWS Dresden (@TAG24DD) November 29, 2019<\/p><\/blockquote>\n<p>Obigem Tweet ist zu entnehmen, dass zwar der Anbieter Lime in Dresden pr\u00e4sent sei und Voi nachziehen wollte. Es gab eine Kooperationsvereinbarung zwischen Voi und der Stadtverwaltung von Dresden. Aber bisher sind wohl keine Voi E-Tretroller in Dresden gesichtet worden.<\/p>\n<p>Da macht sich wohl Ern\u00fcchterung breit. Die Stadt wei\u00df nicht, ob und wann Voi in Dresden starten will. Und der Anbieter vermeidet, dem verlinkten Artikel von TAG24, eine konkrete Festlegung. Irgendwann im Winter oder Fr\u00fchjahr ist die vage Aussage. Und laut Bericht von TAG24 scheinen die Gespr\u00e4che mit f\u00fcnf weiteren Verleihfirmen wohl geplatzt. Zitat aus dem Dresdener-Rathaus: \"zur\u00fcckgestellt bzw. revidiert\".&nbsp; Nun ja, 2020 hei\u00dft es dann 'Neues Jahr, neues Gl\u00fcck' \u2013 und m\u00f6glicherweise sehen wir die ersten Pleiten von eScooter-Verleihern. <\/p>\n<p><strong>\u00c4hnliche Artikel<br \/><\/strong><a href=\"https:\/\/borncity.eu\/escooter\/archive\/82\">E-Roller, was man \u00fcber eScooter wissen muss<\/a><br \/><a href=\"https:\/\/borncity.eu\/escooter\/?p=450\">Massive Kritik der Verbraucherzentralen an eScooter-Verleihern<\/a><br \/><a href=\"https:\/\/borncity.eu\/escooter\/archive\/300\">US-Studie zeigt: E-Roller sind gar nicht so umweltfreundlich<\/a><br \/><a href=\"https:\/\/borncity.eu\/escooter\/archive\/211\">13.200 E-Roller in Deutschland\u2013aber ein Hipster-Ding<\/a><br \/><a href=\"https:\/\/borncity.eu\/escooter\/archive\/166\">Sind E-Roller umweltfreundlich\u2013oder eher Hipster-Ding?<\/a><br \/><a href=\"https:\/\/borncity.eu\/escooter\/archive\/675\">eScooter: Elektroschrott f\u00fcr die Umwelt?<\/a><br \/><a href=\"https:\/\/borncity.eu\/escooter\/archive\/199\">Wie praxistauglich sind eScooter eigentlich?<\/a><br \/><a href=\"https:\/\/borncity.eu\/escooter\/?p=275\">Miet-E-Scooter kaum als g\u00fcnstiges Verkehrsmittel geeignet<\/a><br \/><a href=\"https:\/\/borncity.eu\/escooter\/archive\/697\">Z\u00fcrich: eScooter-Verleiher Bird zieht sich (tempor\u00e4r) zur\u00fcck<\/a><br \/><a href=\"https:\/\/borncity.eu\/escooter\/archive\/687\">Innsbruck: Dritter eScooter-Verleiher zieht sich zur\u00fcck<\/a><br \/><a href=\"https:\/\/borncity.eu\/escooter\/archive\/254\">Civity-Studie Juli 2019: Bringen E-Roller die Verkehrswende?<\/a><br \/><a href=\"https:\/\/borncity.eu\/escooter\/archive\/491\">eScooter-Kritik von Deutsche Umwelthilfe und Umweltbundesamt<\/a><br \/><a href=\"https:\/\/borncity.eu\/escooter\/archive\/881\">Wintervorbereitungen der eScooter-Verleiher<\/a><br \/><a href=\"https:\/\/borncity.eu\/escooter\/archive\/868\">T\u00dcV fordert Sperre f\u00fcr Leih-eScooter bei Gl\u00e4tte<\/a><br \/><a href=\"https:\/\/borncity.eu\/escooter\/archive\/767\">Was passiert mit den Leih-eScootern im Winter?<\/a><br \/><a href=\"https:\/\/borncity.eu\/escooter\/archive\/1175\">eScooter-Verleiher geraten wirtschaftlich ins Schlingern \u2026<\/a><br \/><a href=\"https:\/\/borncity.eu\/escooter\/archive\/1098\">eScooter: Was vom Hype geblieben ist<\/a><br \/><a href=\"https:\/\/borncity.eu\/escooter\/archive\/462\">eScooter-Sommerm\u00e4rchen: Ist der Hype Ende 2019 vorbei?<\/a><\/p>\n","protected":false},"excerpt":{"rendered":"<p>Zumindest der Nachrichtenlage nach sind Leih-Elektro-Tretroller das Trendthema im Sommer 2019. Die Dinger stehen in den Innenst\u00e4dten \u00fcberall im Weg. Stehen ist die Devise, denn das gro\u00dfe Gesch\u00e4ft ist in Dresden wohl eher ausgeblieben.<\/p>\n","protected":false},"author":1,"featured_media":0,"comment_status":"open","ping_status":"open","sticky":false,"template":"","format":"standard","meta":{"footnotes":""},"categories":[8],"tags":[7,40],"class_list":["post-1229","post","type-post","status-publish","format-standard","hentry","category-escooter","tag-escooter","tag-verleih"],"_links":{"self":[{"href":"https:\/\/borncity.eu\/escooter\/wp-json\/wp\/v2\/posts\/1229","targetHints":{"allow":["GET"]}}],"collection":[{"href":"https:\/\/borncity.eu\/escooter\/wp-json\/wp\/v2\/posts"}],"about":[{"href":"https:\/\/borncity.eu\/escooter\/wp-json\/wp\/v2\/types\/post"}],"author":[{"embeddable":true,"href":"https:\/\/borncity.eu\/escooter\/wp-json\/wp\/v2\/users\/1"}],"replies":[{"embeddable":true,"href":"https:\/\/borncity.eu\/escooter\/wp-json\/wp\/v2\/comments?post=1229"}],"version-history":[{"count":4,"href":"https:\/\/borncity.eu\/escooter\/wp-json\/wp\/v2\/posts\/1229\/revisions"}],"predecessor-version":[{"id":5286,"href":"https:\/\/borncity.eu\/escooter\/wp-json\/wp\/v2\/posts\/1229\/revisions\/5286"}],"wp:attachment":[{"href":"https:\/\/borncity.eu\/escooter\/wp-json\/wp\/v2\/media?parent=1229"}],"wp:term":[{"taxonomy":"category","embeddable":true,"href":"https:\/\/borncity.eu\/escooter\/wp-json\/wp\/v2\/categories?post=1229"},{"taxonomy":"post_tag","embeddable":true,"href":"https:\/\/borncity.eu\/escooter\/wp-json\/wp\/v2\/tags?post=1229"}],"curies":[{"name":"wp","href":"https:\/\/api.w.org\/{rel}","templated":true}]}}