{"id":1246,"date":"2019-12-08T01:08:00","date_gmt":"2019-12-07T23:08:00","guid":{"rendered":"https:\/\/borncity.com\/escooter\/?p=1246"},"modified":"2025-05-13T13:07:46","modified_gmt":"2025-05-13T11:07:46","slug":"wien-und-die-plage-mit-leih-escootern","status":"publish","type":"post","link":"https:\/\/borncity.eu\/escooter\/archive\/1246","title":{"rendered":"Wien und die Plage mit Leih-eScootern"},"content":{"rendered":"<p><img loading=\"lazy\" decoding=\"async\" title=\"eScooter\" style=\"float: left; margin: 0px 10px 0px 0px; display: inline\" alt=\"eScooter\" src=\"https:\/\/borncity.eu\/escooter\/wp-content\/uploads\/2023\/05\/mDHY4zR-300x221.jpg\" width=\"129\" align=\"left\" height=\"95\">Die \u00f6sterreichische Stadt Wien kommt bez\u00fcglich Elektro-Tretrollern nicht zur Ruhe. Speziell die Leihfahrzeuge sorgen f\u00fcr st\u00e4ndigen \u00c4rger.&nbsp; Der Verkehrssprecher der Wiener FP\u00d6, Klubobmann Toni Mahdalik, sieht Leih-eScooter als Plage f\u00fcr die Stadt Wien an. <\/p>\n<p><!--more--><\/p>\n<p>Hintergrund ist wohl, dass Unbekannte k\u00fcrzlich 36 eScooter in den Donaukanal geworfen haben \u2013 Schaden rund 58.000 Euro.<\/p>\n<blockquote class=\"twitter-tweet\">\n<p lang=\"de\" dir=\"ltr\">Unbekannte T\u00e4ter hatten 36 #EScooter in den Kanal geworfen, die mittels einer Menschenkette der #Feuerwehr wieder ins Trockene gebracht wurden. #wien<a href=\"https:\/\/t.co\/oeb3zfz2sM\">https:\/\/t.co\/oeb3zfz2sM<\/a><\/p>\n<p>\u2014 Kleine Zeitung (@kleinezeitung) November 27, 2019<\/p><\/blockquote>\n<p>Der obige Tweet thematisiert das Ganze, Details sind dem verlinkten Beitrag zu entnehmen. <\/p>\n<p><img decoding=\"async\" title=\"E-Tretroller zur Ausleihe\" alt=\"E-Tretroller zur Ausleihe\" src=\"https:\/\/borncity.eu\/escooter\/wp-content\/uploads\/2023\/05\/3AjGIe9.jpg\"><br \/>(eScooter, Symbolbild, Quelle: Pexels, <a href=\"https:\/\/www.pexels.com\/photo\/black-kick-scooters-parked-near-body-of-water-2547627\/\">Magda Ehlers<\/a>, freie Nutzung) <\/p>\n<p>Die Bergung der Fahrzeuge hat nat\u00fcrlich Kosten verursacht, und die FP\u00d6 bef\u00fcrchtet, dass diese Kosten dem Steuerzahler aufgedr\u00fcckt werden sollen.<\/p>\n<blockquote class=\"twitter-tweet\">\n<p lang=\"de\" dir=\"ltr\">FP-Mahdalik: Leih-E-Scooter werden zur Plage f\u00fcr Wien <a href=\"https:\/\/t.co\/HkXDwCc8dV\">https:\/\/t.co\/HkXDwCc8dV<\/a> pic.twitter.com\/6sNlNZXmlQ<\/p>\n<p>\u2014 brandaktuell.at (@brandaktuellat) November 28, 2019<\/p><\/blockquote>\n<p>Ab es nun politisches Gepl\u00e4nkel der FP\u00d6 ist oder Substanz hat, kann ich als Au\u00dfenstehender nicht beurteilen. Aber Aktionen wie diese (eScooter in Fl\u00fcsse werfen), sind einfach hirnrissig. <\/p>\n<p><strong>\u00c4hnliche Artikel<br \/><\/strong><a href=\"https:\/\/borncity.eu\/escooter\/archive\/82\">E-Roller, was man \u00fcber eScooter wissen muss<\/a><br \/><a href=\"https:\/\/borncity.eu\/escooter\/?p=450\">Massive Kritik der Verbraucherzentralen an eScooter-Verleihern<\/a><br \/><a href=\"https:\/\/borncity.eu\/escooter\/archive\/300\">US-Studie zeigt: E-Roller sind gar nicht so umweltfreundlich<\/a><br \/><a href=\"https:\/\/borncity.eu\/escooter\/archive\/211\">13.200 E-Roller in Deutschland\u2013aber ein Hipster-Ding<\/a><br \/><a href=\"https:\/\/borncity.eu\/escooter\/archive\/166\">Sind E-Roller umweltfreundlich\u2013oder eher Hipster-Ding?<\/a><br \/><a href=\"https:\/\/borncity.eu\/escooter\/archive\/254\">Civity-Studie Juli 2019: Bringen E-Roller die Verkehrswende?<\/a><br \/><a href=\"https:\/\/borncity.eu\/escooter\/archive\/491\">eScooter-Kritik von Deutsche Umwelthilfe und Umweltbundesamt<\/a><br \/><a href=\"https:\/\/borncity.eu\/escooter\/archive\/720\">1 Jahr eScooter in den USA<\/a><br \/><a href=\"https:\/\/borncity.eu\/escooter\/archive\/675\">eScooter: Elektroschrott f\u00fcr die Umwelt?<\/a><br \/><a href=\"https:\/\/borncity.eu\/escooter\/archive\/199\">Wie praxistauglich sind eScooter eigentlich?<\/a><br \/><a href=\"https:\/\/borncity.eu\/escooter\/?p=275\">Miet-E-Scooter kaum als g\u00fcnstiges Verkehrsmittel geeignet<\/a><br \/><a href=\"https:\/\/borncity.eu\/escooter\/archive\/862\">Zahlen zum Thema E-Tretroller und Umwelt<\/a><\/p>\n","protected":false},"excerpt":{"rendered":"<p>Die \u00f6sterreichische Stadt Wien kommt bez\u00fcglich Elektro-Tretrollern nicht zur Ruhe. Speziell die Leihfahrzeuge sorgen f\u00fcr st\u00e4ndigen \u00c4rger.&nbsp; Der Verkehrssprecher der Wiener FP\u00d6, Klubobmann Toni Mahdalik, sieht Leih-eScooter als Plage f\u00fcr die Stadt Wien an.<\/p>\n","protected":false},"author":1,"featured_media":0,"comment_status":"open","ping_status":"open","sticky":false,"template":"","format":"standard","meta":{"footnotes":""},"categories":[8,41],"tags":[7,14],"class_list":["post-1246","post","type-post","status-publish","format-standard","hentry","category-escooter","category-recht","tag-escooter","tag-recht"],"_links":{"self":[{"href":"https:\/\/borncity.eu\/escooter\/wp-json\/wp\/v2\/posts\/1246","targetHints":{"allow":["GET"]}}],"collection":[{"href":"https:\/\/borncity.eu\/escooter\/wp-json\/wp\/v2\/posts"}],"about":[{"href":"https:\/\/borncity.eu\/escooter\/wp-json\/wp\/v2\/types\/post"}],"author":[{"embeddable":true,"href":"https:\/\/borncity.eu\/escooter\/wp-json\/wp\/v2\/users\/1"}],"replies":[{"embeddable":true,"href":"https:\/\/borncity.eu\/escooter\/wp-json\/wp\/v2\/comments?post=1246"}],"version-history":[{"count":6,"href":"https:\/\/borncity.eu\/escooter\/wp-json\/wp\/v2\/posts\/1246\/revisions"}],"predecessor-version":[{"id":5292,"href":"https:\/\/borncity.eu\/escooter\/wp-json\/wp\/v2\/posts\/1246\/revisions\/5292"}],"wp:attachment":[{"href":"https:\/\/borncity.eu\/escooter\/wp-json\/wp\/v2\/media?parent=1246"}],"wp:term":[{"taxonomy":"category","embeddable":true,"href":"https:\/\/borncity.eu\/escooter\/wp-json\/wp\/v2\/categories?post=1246"},{"taxonomy":"post_tag","embeddable":true,"href":"https:\/\/borncity.eu\/escooter\/wp-json\/wp\/v2\/tags?post=1246"}],"curies":[{"name":"wp","href":"https:\/\/api.w.org\/{rel}","templated":true}]}}