{"id":1789,"date":"2020-02-27T00:17:00","date_gmt":"2020-02-26T23:17:00","guid":{"rendered":"https:\/\/borncity.com\/escooter\/?p=1789"},"modified":"2025-10-13T12:49:16","modified_gmt":"2025-10-13T10:49:16","slug":"escooter-der-stand-der-regulierung-in-deutschland","status":"publish","type":"post","link":"https:\/\/borncity.eu\/escooter\/archive\/1789","title":{"rendered":"eScooter: Der Stand der Regulierung in Deutschland"},"content":{"rendered":"<p><img loading=\"lazy\" decoding=\"async\" style=\"float: left; margin: 0px 10px 0px 0px; display: inline; border-width: 0px;\" title=\"Recht\" src=\"ttps:\/\/borncity.eu\/escooter\/wp-content\/uploads\/2026\/01\/Para.jpg\" alt=\"Paragraph\" width=\"91\" height=\"88\" align=\"left\" border=\"0\" \/>Kleiner Einsprengsel in Sachen 'Stand der gesetzlichen Regulierung von Elektrotretrollern im Verleih'. Welche rechtlichen M\u00f6glichkeiten haben Kommunen, den durch Verleihfirmen verursachten Wildwuchs in Sachen eScooter zu regulieren?<\/p>\n<p><!--more--><\/p>\n<p>Ich hatte ja k\u00fcrzlich im Blog-Beitrag <a href=\"https:\/\/borncity.eu\/escooter\/archive\/1646\">Bundesrats Verkehrsausschuss ber\u00e4t \u00fcber eScooter-Regeln<\/a> das Thema schon mal aufgegriffen. Es ging um die Initiative des Bundeslands Berlin, welches wohl besonders unter einer auf B\u00fcrgersteigen abgestellten Flut von Elektrotretrollern der Verleihfirmen leidet, dieses Abstellen genehmigungspflichtig zu machen.<\/p>\n<p><img decoding=\"async\" title=\"E-Tretroller zur Ausleihe\" src=\"https:\/\/borncity.eu\/escooter\/wp-content\/uploads\/2023\/05\/3AjGIe9.jpg\" alt=\"E-Tretroller zur Ausleihe\" \/><br \/>\n(eScooter, Symbolbild, Quelle: Pexels, Magda Ehlers, freie Nutzung)<\/p>\n<p>Das Ganze endete damit, dass der Bundesrat diesen winzigen Regulierungsansatz (dank Lobby-Arbeit, siehe <a href=\"https:\/\/borncity.eu\/escooter\/archive\/1761\">Lobby-Schlacht um eScooter-Regulierung f\u00fcr Verleiher<\/a>) abschmetterte. Gut, ist meine isolierte Sicht \u2013 und die Verleihfirmen sehen das naturgem\u00e4\u00df anders \u2013 es klappt ja so gut mit 'freiwilligen Vereinbarungen', so der Tenor.<\/p>\n<blockquote class=\"twitter-tweet\">\n<p dir=\"ltr\" lang=\"de\">MUST READ: wo steht eigentlich die Regulierung rund um E-Scooter? Autor: ein echt dufter Typ! \ud83d\ude42 https:\/\/t.co\/NrzrcJWMyi @limebike @tierscooters @SixtDE @Uber_Ger #escooter @handelsblatt @BMVI @bundesrat @Bundestag<\/p>\n<p>\u2014 Christopher (@TheSieler) February 21, 2020<\/p><\/blockquote>\n<p>Im Blog des Handelsblatts bereitet Rechtsanwalt Dr. Norman Koschmieder von der Kanzlei Hengeler Mueller aus Berlin die rechtliche Lage in Sachen Regulierung von Leih-Elektrokleinstfahrzeugen auf und zeigt, wo es klemmt. Ganz lesenswert, auch wenn es von einem Juristen kommt. Umso \u00e4rgerlicher ist es, dass die Initiative aus Berlin im Bundesrat abgeschmettert wurde.<\/p>\n<p>Um es klar zu stellen: Ich bin daf\u00fcr, dass Privatleute, wenn es Sinn macht, sich einen eScooter zulegen. Und ich habe auch nichts gegen die Sharing-Angebote, wenn diese nicht auf Kosten der Allgemeinheit oder zu Lasten unbeteiligter B\u00fcrger geht. Elektrotretroller als Stolperfalle f\u00fcr Menschen mit Beeintr\u00e4chtigungen (siehe <a href=\"https:\/\/borncity.eu\/escooter\/archive\/283\">Warnung des Sozialverbands VdK vor E-Rollern<\/a>) geht gar nicht.<\/p>\n<p><strong>\u00c4hnliche Artikel<br \/>\n<\/strong><a href=\"https:\/\/borncity.eu\/escooter\/archive\/82\">E-Roller, was man \u00fcber eScooter wissen muss<\/a><br \/>\n<a href=\"https:\/\/borncity.eu\/escooter\/archive\/137\">E-Roller: Die wichtigsten eScooter-Regeln im \u00dcberblick<\/a><br \/>\n<a href=\"https:\/\/borncity.eu\/escooter\/archive\/199\">Wie praxistauglich sind eScooter eigentlich?<\/a><br \/>\n<a href=\"https:\/\/borncity.eu\/escooter\/archive\/146\">Verkehrsverb\u00e4nde und ADAC warnen vor eScooter-Risiken<\/a><br \/>\n<a href=\"https:\/\/borncity.eu\/escooter\/archive\/862\">Zahlen zum Thema E-Tretroller und Umwelt<\/a><br \/>\n<a href=\"https:\/\/borncity.eu\/escooter\/?p=450\">Massive Kritik der Verbraucherzentralen an eScooter-Verleihern<\/a><br \/>\n<a href=\"https:\/\/borncity.eu\/escooter\/archive\/300\">US-Studie zeigt: E-Roller sind gar nicht so umweltfreundlich<\/a><br \/>\n<a href=\"https:\/\/borncity.eu\/escooter\/archive\/491\">eScooter-Kritik von Deutsche Umwelthilfe und Umweltbundesamt<\/a><br \/>\n<a href=\"https:\/\/borncity.eu\/escooter\/?p=275\">Miet-E-Scooter kaum als g\u00fcnstiges Verkehrsmittel geeignet<\/a><br \/>\n<a href=\"https:\/\/borncity.eu\/escooter\/archive\/1692\">eScooter: Umweltagentur EEA r\u00e4t 'mal zu Fu\u00df zu gehen'<\/a><br \/>\n<a href=\"https:\/\/borncity.eu\/escooter\/archive\/1175\">eScooter-Verleiher geraten wirtschaftlich ins Schlingern<\/a><br \/>\n<a href=\"https:\/\/borncity.eu\/escooter\/archive\/1787\">eScooter-Verleih, die Situation in 2020<\/a><br \/>\n<a href=\"https:\/\/borncity.eu\/escooter\/archive\/1646\">Bundesrats Verkehrsausschuss ber\u00e4t \u00fcber eScooter-Regeln<\/a><br \/>\n<a href=\"https:\/\/borncity.eu\/escooter\/archive\/1761\">Lobby-Schlacht um eScooter-Regulierung f\u00fcr Verleiher<\/a><br \/>\n<a href=\"https:\/\/borncity.eu\/escooter\/archive\/283\">Warnung des Sozialverbands VdK vor E-Rollern<\/a><br \/>\n<a href=\"https:\/\/borncity.eu\/escooter\/archive\/1134\">Berlin: Bezirke k\u00f6nnen eScooter-Abstellfl\u00e4chen ausweisen<\/a><br \/>\n<a href=\"https:\/\/borncity.eu\/escooter\/archive\/864\">Tag des Wei\u00dfen Stockes: eScooter und R\u00fccksichtnahme<\/a><br \/>\n<a href=\"https:\/\/borncity.eu\/escooter\/archive\/1482\">Ist es Voi egal, wie die eScooter geparkt werden?<\/a><br \/>\n<a href=\"https:\/\/borncity.eu\/escooter\/archive\/1744\">eScooter: Ausleihe auf l\u00e4ngeren Strecken unwirtschaftlich<\/a><br \/>\n<a href=\"https:\/\/borncity.eu\/escooter\/archive\/1776\">Weltverkehrsforum zum eScooter-Unfallrisiko<\/a><br \/>\n<a href=\"https:\/\/borncity.eu\/escooter\/archive\/1705\">eScooter-Fahrer: Verkehrst\u00fcchtigkeit ungen\u00fcgend<\/a><\/p>\n","protected":false},"excerpt":{"rendered":"<p>Kleiner Einsprengsel in Sachen 'Stand der gesetzlichen Regulierung von Elektrotretrollern im Verleih'. Welche rechtlichen M\u00f6glichkeiten haben Kommunen, den durch Verleihfirmen verursachten Wildwuchs in Sachen eScooter zu regulieren?<\/p>\n","protected":false},"author":1,"featured_media":0,"comment_status":"open","ping_status":"open","sticky":false,"template":"","format":"standard","meta":{"footnotes":""},"categories":[5,41],"tags":[7,14],"class_list":["post-1789","post","type-post","status-publish","format-standard","hentry","category-e-roller","category-recht","tag-escooter","tag-recht"],"_links":{"self":[{"href":"https:\/\/borncity.eu\/escooter\/wp-json\/wp\/v2\/posts\/1789","targetHints":{"allow":["GET"]}}],"collection":[{"href":"https:\/\/borncity.eu\/escooter\/wp-json\/wp\/v2\/posts"}],"about":[{"href":"https:\/\/borncity.eu\/escooter\/wp-json\/wp\/v2\/types\/post"}],"author":[{"embeddable":true,"href":"https:\/\/borncity.eu\/escooter\/wp-json\/wp\/v2\/users\/1"}],"replies":[{"embeddable":true,"href":"https:\/\/borncity.eu\/escooter\/wp-json\/wp\/v2\/comments?post=1789"}],"version-history":[{"count":10,"href":"https:\/\/borncity.eu\/escooter\/wp-json\/wp\/v2\/posts\/1789\/revisions"}],"predecessor-version":[{"id":6334,"href":"https:\/\/borncity.eu\/escooter\/wp-json\/wp\/v2\/posts\/1789\/revisions\/6334"}],"wp:attachment":[{"href":"https:\/\/borncity.eu\/escooter\/wp-json\/wp\/v2\/media?parent=1789"}],"wp:term":[{"taxonomy":"category","embeddable":true,"href":"https:\/\/borncity.eu\/escooter\/wp-json\/wp\/v2\/categories?post=1789"},{"taxonomy":"post_tag","embeddable":true,"href":"https:\/\/borncity.eu\/escooter\/wp-json\/wp\/v2\/tags?post=1789"}],"curies":[{"name":"wp","href":"https:\/\/api.w.org\/{rel}","templated":true}]}}