{"id":1870,"date":"2020-03-06T00:21:00","date_gmt":"2020-03-05T23:21:00","guid":{"rendered":"https:\/\/borncity.com\/escooter\/?p=1870"},"modified":"2025-10-13T12:40:46","modified_gmt":"2025-10-13T10:40:46","slug":"braunschweig-keine-leih-escooter-in-der-stadt","status":"publish","type":"post","link":"https:\/\/borncity.eu\/escooter\/archive\/1870","title":{"rendered":"Braunschweig: Keine Leih-eScooter in der Stadt"},"content":{"rendered":"<p><img loading=\"lazy\" decoding=\"async\" style=\"float: left; margin: 0px 10px 0px 0px; display: inline;\" title=\"eScooter\" src=\"https:\/\/borncity.eu\/escooter\/wp-content\/uploads\/2023\/05\/mDHY4zR-300x221.jpg\" alt=\"eScooter\" width=\"129\" height=\"95\" align=\"left\" \/>Die in der Stadt Braunschweig vertretenden Parteien SPD, Gr\u00fcne und BiBS haben sich darauf verst\u00e4ndigt, dass es zuk\u00fcnftig keine Elektrotretroller zur Miete in der Stadt geben soll. In einem Antrag wird die Stadt Braunschweig aufgefordert den Verleih zu untersagen.<\/p>\n<p><!--more--><\/p>\n<p>Ich bin \u00fcber den nachfolgenden Tweet der Braunschweiger Verkehrsinfo auf diesen Sachverhalt gesto\u00dfen.<\/p>\n<blockquote class=\"twitter-tweet\">\n<p dir=\"ltr\" lang=\"de\">BS: Parteien mit Weitsicht &#8211; #SPD, #Gr\u00fcne und #BiBS wollen keine E-Scooter im Verleih in #Braunschweig#BSVerkehr #BviBS #EScooter<a href=\"https:\/\/t.co\/8PQZ0ZWFQj\">https:\/\/t.co\/8PQZ0ZWFQj<\/a><\/p>\n<p>\u2014 BVI &#8211; Braunschweiger Verkehrsinfo (@BS_Verkehr) March 2, 2020<\/p><\/blockquote>\n<p>Wenn ich es richtig interpretiere, sind in Braunschweig bereits Verleihunternehmen unterwegs. Im Gegensatz zu Wolfsburg, wo Tier seine Fahrzeuge im Rahmen einer 'freiwilligen Selbstkontrolle' aufstellen darf, soll es das in Braunschweig nicht geben.<\/p>\n<p><img decoding=\"async\" title=\"E-Tretroller zur Ausleihe\" src=\"https:\/\/borncity.eu\/escooter\/wp-content\/uploads\/2023\/05\/3AjGIe9.jpg\" alt=\"E-Tretroller zur Ausleihe\" \/><br \/>\n(eScooter, Symbolbild, Quelle: Pexels, Magda Ehlers, freie Nutzung)<\/p>\n<p>In einem gemeinsamen Antrag von SPD, den Gr\u00fcnen und der BIBS im Bezirksrat Volkmarode-Dibbesdorf-Schapen fordern die Fraktionen die Stadt Braunschweig auf, den Verleih von E\u2011Scootern im gesamten Stadtgebiet zu untersagen. Au\u00dferdem sollen klare Auflagen zum Einsammeln abgestellter E\u2011Scooter erlassen werden.<\/p>\n<p>Interessant ist die Begr\u00fcndung der drei Fraktionen: Der Verleih der Fahrzeuge diene \"\u00fcberwiegend der Freizeitgestaltung und weniger der gezielten Fortbewegung\". Also nix von der M\u00e4r des umweltfreundlichen Verkehrsmittels, was die Verkehrswende bringen soll \u2013 sondern eine realistische Betrachtung. Eine Hebel, das Ganze flott juristisch umzusetzen, hatten Lobby-Gruppen samt verbundener Politiker ja im Februar 2020 im Bundesrat abgebogen (siehe <a href=\"https:\/\/borncity.eu\/escooter\/archive\/1761\">Lobby-Schlacht um eScooter-Regulierung f\u00fcr Verleiher<\/a>).<\/p>\n<p><strong>\u00c4hnliche Artikel<br \/>\n<\/strong><a href=\"https:\/\/borncity.eu\/escooter\/archive\/82\">E-Roller, was man \u00fcber eScooter wissen muss<\/a><br \/>\n<a href=\"https:\/\/borncity.eu\/escooter\/archive\/137\">E-Roller: Die wichtigsten eScooter-Regeln im \u00dcberblick<\/a><br \/>\n<a href=\"https:\/\/borncity.eu\/escooter\/archive\/283\">Warnung des Sozialverbands VdK vor E-Rollern<\/a><br \/>\n<a href=\"https:\/\/borncity.eu\/escooter\/archive\/199\">Wie praxistauglich sind eScooter eigentlich?<\/a><br \/>\n<a href=\"https:\/\/borncity.eu\/escooter\/archive\/146\">Verkehrsverb\u00e4nde und ADAC warnen vor eScooter-Risiken<\/a><br \/>\n<a href=\"https:\/\/borncity.eu\/escooter\/archive\/862\">Zahlen zum Thema E-Tretroller und Umwelt<\/a><br \/>\n<a href=\"https:\/\/borncity.eu\/escooter\/?p=450\">Massive Kritik der Verbraucherzentralen an eScooter-Verleihern<\/a><br \/>\n<a href=\"https:\/\/borncity.eu\/escooter\/archive\/300\">US-Studie zeigt: E-Roller sind gar nicht so umweltfreundlich<\/a><br \/>\n<a href=\"https:\/\/borncity.eu\/escooter\/archive\/211\">13.200 E-Roller in Deutschland\u2013aber ein Hipster-Ding<\/a><br \/>\n<a href=\"https:\/\/borncity.eu\/escooter\/archive\/166\">Sind E-Roller umweltfreundlich\u2013oder eher Hipster-Ding?<\/a><br \/>\n<a href=\"https:\/\/borncity.eu\/escooter\/archive\/254\">Civity-Studie Juli 2019: Bringen E-Roller die Verkehrswende?<\/a><br \/>\n<a href=\"https:\/\/borncity.eu\/escooter\/archive\/491\">eScooter-Kritik von Deutsche Umwelthilfe und Umweltbundesamt<\/a><br \/>\n<a href=\"https:\/\/borncity.eu\/escooter\/?p=275\">Miet-E-Scooter kaum als g\u00fcnstiges Verkehrsmittel geeignet<\/a><br \/>\n<a href=\"https:\/\/borncity.eu\/escooter\/archive\/1692\">eScooter: Umweltagentur EEA r\u00e4t 'mal zu Fu\u00df zu gehen'<\/a><br \/>\n<a href=\"https:\/\/borncity.eu\/escooter\/archive\/1747\">Deutschlandkarte Elektrotretroller-Ausleihe<\/a><br \/>\n<a href=\"https:\/\/borncity.eu\/escooter\/archive\/1175\">eScooter-Verleiher geraten wirtschaftlich ins Schlingern<\/a><br \/>\n<a href=\"https:\/\/borncity.eu\/escooter\/archive\/462\">eScooter-Sommerm\u00e4rchen: Ist der Hype Ende 2019 vorbei<\/a><br \/>\n<a href=\"https:\/\/borncity.eu\/escooter\/archive\/1220\">Lime &amp; Wave eScooter aus Auckland abgezogen<\/a><br \/>\n<a href=\"https:\/\/borncity.eu\/escooter\/archive\/1087\">Bremen: Tier und Voi wollen eScooter verleihen<\/a><br \/>\n<a href=\"https:\/\/borncity.eu\/escooter\/archive\/354\">Mailand verbietet nach Unfall eScooter<\/a><br \/>\n<a href=\"https:\/\/borncity.eu\/escooter\/archive\/420\">eScooter: Neue Regeln zwischen Kommunen und Verleihern<\/a><br \/>\n<a href=\"https:\/\/borncity.eu\/escooter\/archive\/201\">Paris f\u00fchrt seit Juni 2019 drastische Regeln f\u00fcr E-Roller ein<\/a><br \/>\n<a href=\"https:\/\/borncity.eu\/escooter\/archive\/265\">Paris verbietet das Abstellen von eScootern auf Trottoir<\/a><br \/>\n<a href=\"https:\/\/borncity.eu\/escooter\/archive\/1246\">Wien und die Plage mit Leih-eScootern<\/a><br \/>\n<a href=\"https:\/\/borncity.eu\/escooter\/archive\/857\">Tel Aviv hat wohl eScooter-Parken im Griff<\/a><br \/>\n<a href=\"https:\/\/borncity.eu\/escooter\/archive\/526\">Tel Aviv will eScooter verbieten<\/a><\/p>\n","protected":false},"excerpt":{"rendered":"<p>Die in der Stadt Braunschweig vertretenden Parteien SPD, Gr\u00fcne und BiBS haben sich darauf verst\u00e4ndigt, dass es zuk\u00fcnftig keine Elektrotretroller zur Miete in der Stadt geben soll. In einem Antrag wird die Stadt Braunschweig aufgefordert den Verleih zu untersagen.<\/p>\n","protected":false},"author":1,"featured_media":0,"comment_status":"open","ping_status":"open","sticky":false,"template":"","format":"standard","meta":{"footnotes":""},"categories":[8],"tags":[44,7],"class_list":["post-1870","post","type-post","status-publish","format-standard","hentry","category-escooter","tag-ausleihe","tag-escooter"],"_links":{"self":[{"href":"https:\/\/borncity.eu\/escooter\/wp-json\/wp\/v2\/posts\/1870","targetHints":{"allow":["GET"]}}],"collection":[{"href":"https:\/\/borncity.eu\/escooter\/wp-json\/wp\/v2\/posts"}],"about":[{"href":"https:\/\/borncity.eu\/escooter\/wp-json\/wp\/v2\/types\/post"}],"author":[{"embeddable":true,"href":"https:\/\/borncity.eu\/escooter\/wp-json\/wp\/v2\/users\/1"}],"replies":[{"embeddable":true,"href":"https:\/\/borncity.eu\/escooter\/wp-json\/wp\/v2\/comments?post=1870"}],"version-history":[{"count":9,"href":"https:\/\/borncity.eu\/escooter\/wp-json\/wp\/v2\/posts\/1870\/revisions"}],"predecessor-version":[{"id":6317,"href":"https:\/\/borncity.eu\/escooter\/wp-json\/wp\/v2\/posts\/1870\/revisions\/6317"}],"wp:attachment":[{"href":"https:\/\/borncity.eu\/escooter\/wp-json\/wp\/v2\/media?parent=1870"}],"wp:term":[{"taxonomy":"category","embeddable":true,"href":"https:\/\/borncity.eu\/escooter\/wp-json\/wp\/v2\/categories?post=1870"},{"taxonomy":"post_tag","embeddable":true,"href":"https:\/\/borncity.eu\/escooter\/wp-json\/wp\/v2\/tags?post=1870"}],"curies":[{"name":"wp","href":"https:\/\/api.w.org\/{rel}","templated":true}]}}