{"id":2147,"date":"2020-05-07T00:16:00","date_gmt":"2020-05-06T22:16:00","guid":{"rendered":"https:\/\/borncity.com\/escooter\/?p=2147"},"modified":"2025-09-16T15:18:00","modified_gmt":"2025-09-16T13:18:00","slug":"voi-in-zrich-mit-escooter-verleih-zurck","status":"publish","type":"post","link":"https:\/\/borncity.eu\/escooter\/archive\/2147","title":{"rendered":"Voi in Z&uuml;rich mit eScooter-Verleih zur&uuml;ck"},"content":{"rendered":"<p><img loading=\"lazy\" decoding=\"async\" style=\"float: left; margin: 0px 10px 0px 0px; display: inline;\" title=\"eScooter\" src=\"https:\/\/borncity.eu\/escooter\/wp-content\/uploads\/2023\/05\/mDHY4zR-300x221.jpg\" alt=\"eScooter\" width=\"129\" height=\"95\" align=\"left\" \/>Die Elektrotretroller der Verleihfirmen wie Voi, Tier, Bird etc. waren ja wegen des Coronavirus-Lockdowns aus dem Stadtbild weitgehend verschwunden. Der schwedische Verleiher Voi will jetzt in der Stadt Z\u00fcrich wieder einige eScooter zur Miete anbieten.<\/p>\n<p><!--more--><\/p>\n<p>Seit Wochen haben die meisten Anbieter von Leih-Elektrotretrollern ja ihre Fahrzeuge von der Stra\u00dfe geholt und eingemottet. Es gibt nur noch eine Art Notbetrieb in einzelnen St\u00e4dten. Bereits im April 2020 hatte Voi einen Mobilit\u00e4tsdienst f\u00fcr bestimmte Zielgruppen in Deutschland angek\u00fcndigt (<a href=\"https:\/\/borncity.eu\/escooter\/archive\/2089\">Voi startet WeAllMove f\u00fcr Krankenh\u00e4user und Lieferdienste<\/a>).<\/p>\n<blockquote class=\"twitter-tweet\">\n<p dir=\"ltr\" lang=\"de\">Der schwedische E-Scooter-Sharing-Dienst Voi bringt am morgigen Donnerstag vorerst 200 Scooter nach Z\u00fcrich. Ausserdem sollen in Winterthur wieder 100 E-Trottis stationiert werden. <a href=\"https:\/\/t.co\/cgXruwM2eY\">https:\/\/t.co\/cgXruwM2eY<\/a><\/p>\n<p>\u2014 <a href=\"https:\/\/x.com\/Lakenewsch\/status\/1258035622226386944\" target=\"_blank\" rel=\"noopener\">Lakenews.ch<\/a> (@Lakenewsch) May 6, 2020<\/p><\/blockquote>\n<p>Obigem Tweet entnehme ich, dass Voi am heutigen Donnerstag, den 7. Mai 2020, in Z\u00fcrich wieder mit einem begrenzten Fahrzeugbestand starten will. Und Wintherthur ist auch dabei.<\/p>\n<p><strong>\u00c4hnliche Artikel<br \/>\n<\/strong><a href=\"https:\/\/borncity.eu\/escooter\/archive\/82\">E-Roller, was man \u00fcber eScooter wissen muss<\/a><br \/>\n<a href=\"https:\/\/borncity.eu\/escooter\/archive\/137\">E-Roller: Die wichtigsten eScooter-Regeln im \u00dcberblick<\/a><br \/>\n<a href=\"https:\/\/borncity.eu\/escooter\/archive\/199\">Wie praxistauglich sind eScooter eigentlich?<\/a><br \/>\n<a href=\"https:\/\/borncity.eu\/escooter\/archive\/1692\">eScooter: Umweltagentur EEA r\u00e4t 'mal zu Fu\u00df zu gehen'<\/a><br \/>\n<a href=\"https:\/\/borncity.eu\/escooter\/archive\/1744\">eScooter: Ausleihe auf l\u00e4ngeren Strecken unwirtschaftlich<\/a><br \/>\n<a href=\"https:\/\/borncity.eu\/escooter\/archive\/1960\">Coronavirus: eScooter-Verleiher stellen Betrieb in Europa ein<\/a><br \/>\n<a href=\"https:\/\/borncity.eu\/escooter\/archive\/1956\">Bird stellt eScooter-Verleih in Europa wegen Coronavirus ein<\/a><br \/>\n<a href=\"https:\/\/borncity.eu\/escooter\/archive\/1942\">eScooter-Verleih: Wie haltet ihr es mit dem Coronavirus?<\/a><br \/>\n<a href=\"https:\/\/borncity.eu\/escooter\/archive\/1975\">L\u00fcbeck: Voi legt eScooter wegen Coronavirus still<\/a><br \/>\n<a href=\"https:\/\/borncity.eu\/escooter\/archive\/2072\">So k\u00f6nnen eScooter-Verleiher \u00fcberleben<\/a><br \/>\n<a href=\"https:\/\/borncity.eu\/escooter\/archive\/2123\">Nach Corona: Kommen die eScooter zur\u00fcck?<\/a><br \/>\n<a href=\"https:\/\/borncity.eu\/escooter\/archive\/2089\">Voi startet WeAllMove f\u00fcr Krankenh\u00e4user und Lieferdienste<\/a><br \/>\n<a href=\"https:\/\/borncity.eu\/escooter\/archive\/1175\">eScooter-Verleiher geraten wirtschaftlich ins Schlingern \u2026<\/a><br \/>\n<a href=\"https:\/\/borncity.eu\/escooter\/archive\/2083\">Lime reaktiviert eScooter in einigen St\u00e4dten<\/a><\/p>\n","protected":false},"excerpt":{"rendered":"<p>Die Elektrotretroller der Verleihfirmen wie Voi, Tier, Bird etc. waren ja wegen des Coronavirus-Lockdowns aus dem Stadtbild weitgehend verschwunden. Der schwedische Verleiher Voi will jetzt in der Stadt Z\u00fcrich wieder einige eScooter zur Miete anbieten.<\/p>\n","protected":false},"author":1,"featured_media":0,"comment_status":"open","ping_status":"open","sticky":false,"template":"","format":"standard","meta":{"footnotes":""},"categories":[8],"tags":[7,40],"class_list":["post-2147","post","type-post","status-publish","format-standard","hentry","category-escooter","tag-escooter","tag-verleih"],"_links":{"self":[{"href":"https:\/\/borncity.eu\/escooter\/wp-json\/wp\/v2\/posts\/2147","targetHints":{"allow":["GET"]}}],"collection":[{"href":"https:\/\/borncity.eu\/escooter\/wp-json\/wp\/v2\/posts"}],"about":[{"href":"https:\/\/borncity.eu\/escooter\/wp-json\/wp\/v2\/types\/post"}],"author":[{"embeddable":true,"href":"https:\/\/borncity.eu\/escooter\/wp-json\/wp\/v2\/users\/1"}],"replies":[{"embeddable":true,"href":"https:\/\/borncity.eu\/escooter\/wp-json\/wp\/v2\/comments?post=2147"}],"version-history":[{"count":3,"href":"https:\/\/borncity.eu\/escooter\/wp-json\/wp\/v2\/posts\/2147\/revisions"}],"predecessor-version":[{"id":6205,"href":"https:\/\/borncity.eu\/escooter\/wp-json\/wp\/v2\/posts\/2147\/revisions\/6205"}],"wp:attachment":[{"href":"https:\/\/borncity.eu\/escooter\/wp-json\/wp\/v2\/media?parent=2147"}],"wp:term":[{"taxonomy":"category","embeddable":true,"href":"https:\/\/borncity.eu\/escooter\/wp-json\/wp\/v2\/categories?post=2147"},{"taxonomy":"post_tag","embeddable":true,"href":"https:\/\/borncity.eu\/escooter\/wp-json\/wp\/v2\/tags?post=2147"}],"curies":[{"name":"wp","href":"https:\/\/api.w.org\/{rel}","templated":true}]}}