{"id":2260,"date":"2020-06-16T00:06:00","date_gmt":"2020-06-15T22:06:00","guid":{"rendered":"https:\/\/borncity.com\/escooter\/?p=2260"},"modified":"2020-10-25T23:14:13","modified_gmt":"2020-10-25T22:14:13","slug":"1-jahr-e-scooter-stdte-fordern-mehr-sicherheit","status":"publish","type":"post","link":"https:\/\/borncity.eu\/escooter\/archive\/2260","title":{"rendered":"1 Jahr E-Scooter: St&auml;dte fordern mehr Sicherheit"},"content":{"rendered":"<p><img loading=\"lazy\" decoding=\"async\" title=\"eScooter\" style=\"float: left; margin: 0px 10px 0px 0px; display: inline\" alt=\"eScooter\" src=\"https:\/\/borncity.eu\/escooter\/wp-content\/uploads\/2023\/05\/mDHY4zR-300x221.jpg\" width=\"129\" align=\"left\" height=\"95\">Ein Jahr nach der Freigabe von Elektrotretrollern im \u00f6ffentlichen Verkehr in Deutschland wird vielerorts Bilanz gezogen. Die St\u00e4dte fordern jetzt mehr Sicherheit in Bezug auf die E-Scooter und den Schutz von Fu\u00dfg\u00e4ngern vor diesen Fahrzeugen.<\/p>\n<p><!--more--><\/p>\n<p>Ich hatte gestern ja bereits im Blog-Beitrag <a href=\"https:\/\/borncity.eu\/escooter\/archive\/2258\">Bilanz nach einem Jahr E-Scooter-Freigabe<\/a> einige Gedanken in Sachen Verkehrswende und Sharing zusammen gefasst. Aber das Thema Sicherheit im Stra\u00dfenverkehr ist f\u00fcr die St\u00e4dte in Bezug auf Fu\u00dfg\u00e4nger und Elektrotretroller nach wie vor auf der Agenda. <\/p>\n<p><img decoding=\"async\" title=\"E-Tretroller zur Ausleihe\" alt=\"E-Tretroller zur Ausleihe\" src=\"https:\/\/borncity.eu\/escooter\/wp-content\/uploads\/2023\/05\/3AjGIe9.jpg\"><br \/>(eScooter, Symbolbild, Quelle: Pexels, <a href=\"https:\/\/www.pexels.com\/photo\/black-kick-scooters-parked-near-body-of-water-2547627\/\">Magda Ehlers<\/a>, freie Nutzung) <\/p>\n<p>In einer Pressemitteilung vom 15.6.2020 zieht der Hauptgesch\u00e4ftsf\u00fchrer des Deutschen St\u00e4dtetages, Helmut Dedy, Bilanz: \"Vor einem Jahr gab es einen gro\u00dfen Hype um die E-Tretroller. Viele Menschen wollten sie ausprobieren. Aber der Start war auch etwas chaotisch und mit den Anbietern mussten einige Regeln gekl\u00e4rt werden. Heute k\u00f6nnen wir sagen: Am Erfolg von Mobilit\u00e4ts-Apps, die auch E-Tretroller einbeziehen, haben die St\u00e4dte einen entscheidenden Anteil. Wir haben mit den Anbietern verabredet, in welchen Bereichen der Stadt die E-Tretroller gefahren und abgestellt werden k\u00f6nnen und an welchen Stellen sie nicht geeignet sind. Das ungeordnete Abstellen und Ablegen der Roller irgendwo am Stra\u00dfenrand, auf B\u00fcrgersteigen oder auf \u00f6ffentlichen Pl\u00e4tzen sorgte anf\u00e4nglich f\u00fcr viel Frust und \u00c4rger. Das konnte h\u00e4ufig ausger\u00e4umt werden.\" <\/p>\n<h2>Nur kurze Strecken gefahren<\/h2>\n<p>Mit Elektrokleinstfahrzeugen wie Elektro-Rollern und E-Scootern werden in vielen St\u00e4dten eher kurze Strecken gefahren. E-Roller sind inzwischen ein gewohnter Anblick auf Stra\u00dfen und Pl\u00e4tzen. Viele Menschen nutzen die Fahrzeuge als Erg\u00e4nzung zum Angebot des \u00d6PNV. E-Scooter verbreitern den Verkehrsmix in den St\u00e4dten. Der St\u00e4dtetag meint, dass wir eine Verkehrswende hin zu weniger Emissionen, weniger L\u00e4rm und mehr Platz f\u00fcr das gesellschaftliche Zusammenleben im \u00f6ffentlichen Raum brauchen. Da stehen die E-Tretroller nat\u00fcrlich nicht im Mittelpunkt, aber ein bisschen k\u00f6nnen sie auch beitragen. <\/p>\n<p>Was der Deutsche St\u00e4dtetag jetzt vom Bund braucht, so Helmut Dedy. ist eine gesetzliche Vorschrift, um die Geschwindigkeit der Leihroller zu drosseln. F\u00fcr besonders stark besuchte Orte in den St\u00e4dten, wie vor historischen Sehensw\u00fcrdigkeiten und auf Pl\u00e4tzen mit vielen Menschen muss die Leistung der Roller auf Schrittgeschwindigkeit begrenzt werden. Insbesondere \u00e4ltere Menschen, Menschen mit Behinderungen und Kinder m\u00fcssen sich dort auch k\u00fcnftig angstfrei und gesch\u00fctzt bewegen k\u00f6nnen. Solange es keine Drosselung gibt, haben die E-Tretroller \u00fcbrigens in Fu\u00dfg\u00e4ngerzonen nichts verloren. <\/p>\n<p>Au\u00dferdem brauchen die St\u00e4dte ein Verkehrszeichen 'Elektrokleinstfahrzeuge verboten', damit in sensiblen Bereichen eine Benutzung auch plakativ ausgeschlossen werden kann. Heute kann auf E-Roller etwa im Umfeld des M\u00fcnchener Oktoberfests nur freiwillig verzichtet werden. In Zukunft m\u00fcssen st\u00e4dtische Verkehrsbeh\u00f6rden das verbindlich vorschreiben k\u00f6nnen. <\/p>\n<p>F\u00fcr Ende des Jahres ist eine erneute Novelle der Stra\u00dfenverkehrsordnung angek\u00fcndigt. Diese Chance sollte laut Helmut Dedy genutzt werden, damit es m\u00f6glich wird, die Geschwindigkeit zu drosseln und auch ein Verbotsverkehrszeichen einzuf\u00fchren. Beim Ansatz Anfang 2020 war dagegen die Novelle der Stra\u00dfenverkehrsordnung in Bezug auf eScooter gekippt worden (siehe <a href=\"https:\/\/borncity.eu\/escooter\/archive\/1761\">Lobby-Schlacht um eScooter-Regulierung f\u00fcr Verleiher<\/a>).  <\/p>\n<p><strong>\u00c4hnliche Artikel<br \/><\/strong><a href=\"https:\/\/borncity.eu\/escooter\/archive\/82\">E-Roller, was man \u00fcber eScooter wissen muss<\/a><br \/><a href=\"https:\/\/borncity.eu\/escooter\/archive\/137\">E-Roller: Die wichtigsten eScooter-Regeln im \u00dcberblick<\/a><br \/><a href=\"https:\/\/borncity.eu\/escooter\/archive\/94\">Betrunken eScooter fahren: F\u00fchrerschein weg!<\/a><br \/><a href=\"https:\/\/borncity.eu\/escooter\/archive\/204\">Jung und verliebt: E-Roller zu zweit fahren<\/a><br \/><a href=\"https:\/\/borncity.eu\/escooter\/archive\/113\">eScooter: Diese Verst\u00f6\u00dfe sind der Polizei aufgefallen<\/a><br \/><a href=\"https:\/\/borncity.eu\/escooter\/archive\/1560\">Polizeimeldungen zu eScootern: Unf\u00e4lle, Verst\u00f6\u00dfe und Alkohol<\/a><br \/><a href=\"https:\/\/borncity.eu\/escooter\/archive\/1675\">\u00c4rzte: Typische Unfallverletzungen beim eScooter<\/a><br \/><a href=\"https:\/\/borncity.eu\/escooter\/archive\/146\">Verkehrsverb\u00e4nde und ADAC warnen vor eScooter-Risiken<\/a><br \/><a href=\"https:\/\/borncity.eu\/escooter\/archive\/2092\">Immer wieder: eScooter ohne Versicherung<\/a><br \/><a href=\"https:\/\/borncity.eu\/escooter\/archive\/805\">ADAC: 1\/4 der eScooter-Fahrer\/innen halten sich nicht an Regeln<\/a><br \/><a href=\"https:\/\/borncity.eu\/escooter\/archive\/420\">eScooter: Neue Regeln zwischen Kommunen und Verleihern<\/a><br \/><a href=\"https:\/\/borncity.eu\/escooter\/archive\/283\">Warnung des Sozialverbands VdK vor E-Rollern<\/a><br \/><a href=\"https:\/\/borncity.eu\/escooter\/archive\/199\">Wie praxistauglich sind eScooter eigentlich?<\/a><br \/><a href=\"https:\/\/borncity.eu\/escooter\/archive\/146\">Verkehrsverb\u00e4nde und ADAC warnen vor eScooter-Risiken<\/a><br \/><a href=\"https:\/\/borncity.eu\/escooter\/archive\/862\">Zahlen zum Thema E-Tretroller und Umwelt<\/a><br \/><a href=\"https:\/\/borncity.eu\/escooter\/?p=450\">Massive Kritik der Verbraucherzentralen an eScooter-Verleihern<\/a><br \/><a href=\"https:\/\/borncity.eu\/escooter\/archive\/300\">US-Studie zeigt: E-Roller sind gar nicht so umweltfreundlich<\/a><br \/><a href=\"https:\/\/borncity.eu\/escooter\/archive\/211\">13.200 E-Roller in Deutschland\u2013aber ein Hipster-Ding<\/a><br \/><a href=\"https:\/\/borncity.eu\/escooter\/archive\/166\">Sind E-Roller umweltfreundlich\u2013oder eher Hipster-Ding?<\/a><br \/><a href=\"https:\/\/borncity.eu\/escooter\/archive\/254\">Civity-Studie Juli 2019: Bringen E-Roller die Verkehrswende?<\/a><br \/><a href=\"https:\/\/borncity.eu\/escooter\/archive\/491\">eScooter-Kritik von Deutsche Umwelthilfe und Umweltbundesamt<\/a><br \/><a href=\"https:\/\/borncity.eu\/escooter\/archive\/675\">eScooter: Elektroschrott f\u00fcr die Umwelt?<\/a><br \/><a href=\"https:\/\/borncity.eu\/escooter\/?p=275\">Miet-E-Scooter kaum als g\u00fcnstiges Verkehrsmittel geeignet<\/a><br \/><a href=\"https:\/\/borncity.eu\/escooter\/archive\/1646\">Bundesrats Verkehrsausschuss ber\u00e4t \u00fcber eScooter-Regeln<\/a><br \/><a href=\"https:\/\/borncity.eu\/escooter\/archive\/2222\">eScooter: Ist es mit der Liebe der Deutschen zu Ende?<\/a><br \/><a href=\"https:\/\/borncity.eu\/escooter\/archive\/2248\">E-Scooter, Shared Mobility und Umwelthoffnung?<\/a><\/p>\n","protected":false},"excerpt":{"rendered":"<p>Ein Jahr nach der Freigabe von Elektrotretrollern im \u00f6ffentlichen Verkehr in Deutschland wird vielerorts Bilanz gezogen. Die St\u00e4dte fordern jetzt mehr Sicherheit in Bezug auf die E-Scooter und den Schutz von Fu\u00dfg\u00e4ngern vor diesen Fahrzeugen.<\/p>\n","protected":false},"author":1,"featured_media":0,"comment_status":"open","ping_status":"open","sticky":false,"template":"","format":"standard","meta":{"footnotes":""},"categories":[5,8],"tags":[7,14],"class_list":["post-2260","post","type-post","status-publish","format-standard","hentry","category-e-roller","category-escooter","tag-escooter","tag-recht"],"_links":{"self":[{"href":"https:\/\/borncity.eu\/escooter\/wp-json\/wp\/v2\/posts\/2260","targetHints":{"allow":["GET"]}}],"collection":[{"href":"https:\/\/borncity.eu\/escooter\/wp-json\/wp\/v2\/posts"}],"about":[{"href":"https:\/\/borncity.eu\/escooter\/wp-json\/wp\/v2\/types\/post"}],"author":[{"embeddable":true,"href":"https:\/\/borncity.eu\/escooter\/wp-json\/wp\/v2\/users\/1"}],"replies":[{"embeddable":true,"href":"https:\/\/borncity.eu\/escooter\/wp-json\/wp\/v2\/comments?post=2260"}],"version-history":[{"count":0,"href":"https:\/\/borncity.eu\/escooter\/wp-json\/wp\/v2\/posts\/2260\/revisions"}],"wp:attachment":[{"href":"https:\/\/borncity.eu\/escooter\/wp-json\/wp\/v2\/media?parent=2260"}],"wp:term":[{"taxonomy":"category","embeddable":true,"href":"https:\/\/borncity.eu\/escooter\/wp-json\/wp\/v2\/categories?post=2260"},{"taxonomy":"post_tag","embeddable":true,"href":"https:\/\/borncity.eu\/escooter\/wp-json\/wp\/v2\/tags?post=2260"}],"curies":[{"name":"wp","href":"https:\/\/api.w.org\/{rel}","templated":true}]}}