{"id":2357,"date":"2020-07-22T00:18:00","date_gmt":"2020-07-21T22:18:00","guid":{"rendered":"https:\/\/borncity.com\/escooter\/?p=2357"},"modified":"2025-09-15T12:57:49","modified_gmt":"2025-09-15T10:57:49","slug":"helfen-parkflchen-beim-leih-e-scooter-abstellproblem","status":"publish","type":"post","link":"https:\/\/borncity.eu\/escooter\/archive\/2357","title":{"rendered":"Helfen Parkfl&auml;chen beim Leih-E-Scooter-Abstellproblem?"},"content":{"rendered":"<p>Seit der Freigabe der Elektrotretroller im \u00f6ffentlichen Verkehr in Deutschland wogt der Streit ja um die Parksituation abgestellter E-Scooter. Die Verleiher stellen die Fahrzeuge auf B\u00fcrgersteigen oder \u00f6ffentlichen Fl\u00e4chen ab. Nochmals ein kurzer Blick.<\/p>\n<p><!--more--><\/p>\n<p>Nach dem Hype um die eScooter, den Verleiher 2019, nach der Freigabe in Europa, entfesselten st\u00fcrzten manchen St\u00e4dte ins Chaos. Sehr zum Verdruss vieler Fu\u00dfg\u00e4nger und anderer Verkehrsteilnehmen stellen die Mieter die Fahrzeuge beliebig ab und behindern andere.<\/p>\n<p><img decoding=\"async\" title=\"E-Tretroller zur Ausleihe\" src=\"https:\/\/borncity.eu\/escooter\/wp-content\/uploads\/2023\/05\/3AjGIe9.jpg\" alt=\"E-Tretroller zur Ausleihe\" \/><br \/>\n(eScooter, Symbolbild, Quelle: Pexels, Magda Ehlers, freie Nutzung)<\/p>\n<p>Manche St\u00e4dte versuchen 'Parkzonen f\u00fcr E-Scooter' einzurichten \u2013 wie beispielsweise Berlin. Ziel ist es, Wildparken abzustellen. Eine Bundesratsverordnung zur Regulierung der Miet-E-Scooter-Geschichte, von Berlin angeleiert, wurde ja abgeschmettert (siehe <a href=\"https:\/\/borncity.eu\/escooter\/archive\/1761\">Lobby-Schlacht um eScooter-Regulierung f\u00fcr Verleiher<\/a>).<\/p>\n<blockquote class=\"twitter-tweet\">\n<p dir=\"ltr\" lang=\"de\">#Parkfl\u00e4chen f\u00fcr #eScooter sind sinnvoll, werden ohne Vereinbarungen mit den Anbietern \u00fcber umliegende Parkverbotszonen nur bedingt helfen. Und dann sind da noch die Kosten aufseiten der Kommunen, sofern Anbieter keine Geb\u00fchr zur Nutzung des \u00f6ffentlichen Raums entrichten. https:\/\/t.co\/XPXTSlIWps<\/p>\n<p>\u2014 Stephan Trappe (@sttrappe) July 20, 2020<\/p><\/blockquote>\n<p>In obigem Tweet macht sich rbb24 in einem Video einige Gedanken um Parkfl\u00e4chen f\u00fcr E-Scooter und die fehlende Pflicht, die Leihfahrzeuge auch dort abzustellen, wo diese Fl\u00e4chen ausgewiesen wurden. Andi Scheuer hat das halt prima hingekriegt.<\/p>\n<p><strong>\u00c4hnliche Artikel<br \/>\n<\/strong><a href=\"https:\/\/borncity.eu\/escooter\/archive\/82\">E-Roller, was man \u00fcber eScooter wissen muss<\/a><br \/>\n<a href=\"https:\/\/borncity.eu\/escooter\/archive\/137\">E-Roller: Die wichtigsten eScooter-Regeln im \u00dcberblick<\/a><br \/>\n<a href=\"https:\/\/borncity.eu\/escooter\/archive\/283\">Warnung des Sozialverbands VdK vor E-Rollern<\/a><br \/>\n<a href=\"https:\/\/borncity.eu\/escooter\/archive\/199\">Wie praxistauglich sind eScooter eigentlich?<\/a><br \/>\n<a href=\"https:\/\/borncity.eu\/escooter\/archive\/146\">Verkehrsverb\u00e4nde und ADAC warnen vor eScooter-Risiken<\/a><br \/>\n<a href=\"https:\/\/borncity.eu\/escooter\/archive\/862\">Zahlen zum Thema E-Tretroller und Umwelt<\/a><br \/>\n<a href=\"https:\/\/borncity.eu\/escooter\/?p=450\">Massive Kritik der Verbraucherzentralen an eScooter-Verleihern<\/a><br \/>\n<a href=\"https:\/\/borncity.eu\/escooter\/archive\/300\">US-Studie zeigt: E-Roller sind gar nicht so umweltfreundlich<\/a><br \/>\n<a href=\"https:\/\/borncity.eu\/escooter\/archive\/211\">13.200 E-Roller in Deutschland\u2013aber ein Hipster-Ding<\/a><br \/>\n<a href=\"https:\/\/borncity.eu\/escooter\/archive\/166\">Sind E-Roller umweltfreundlich\u2013oder eher Hipster-Ding?<\/a><br \/>\n<a href=\"https:\/\/borncity.eu\/escooter\/archive\/254\">Civity-Studie Juli 2019: Bringen E-Roller die Verkehrswende?<\/a><br \/>\n<a href=\"https:\/\/borncity.eu\/escooter\/archive\/491\">eScooter-Kritik von Deutsche Umwelthilfe und Umweltbundesamt<\/a><br \/>\n<a href=\"https:\/\/borncity.eu\/escooter\/archive\/1787\">eScooter-Verleih, die Situation in 2020<\/a><br \/>\n<a href=\"https:\/\/borncity.eu\/escooter\/archive\/1851\">Erlangen: Voi will mit eScooter-Verleih starten<\/a><br \/>\n<a href=\"https:\/\/borncity.eu\/escooter\/archive\/216\">OTTO NOW: Bundesweite Vermietung von eScootern<\/a><br \/>\n<a href=\"https:\/\/borncity.eu\/escooter\/archive\/1922\">Rollt 2020 die n\u00e4chste eScooter-Welle der Verleiher?<\/a><br \/>\n<a href=\"https:\/\/borncity.eu\/escooter\/archive\/1175\">eScooter-Verleiher geraten wirtschaftlich ins Schlingern<\/a><br \/>\n<a href=\"https:\/\/borncity.eu\/escooter\/archive\/462\">eScooter-Sommerm\u00e4rchen: Ist der Hype Ende 2019 vorbei<\/a><br \/>\n<a href=\"https:\/\/borncity.eu\/escooter\/archive\/1761\">Lobby-Schlacht um eScooter-Regulierung f\u00fcr Verleiher<\/a><br \/>\n<a href=\"https:\/\/borncity.eu\/escooter\/archive\/1646\">Bundesrats Verkehrsausschuss ber\u00e4t \u00fcber eScooter-Regeln<\/a><br \/>\n<a href=\"https:\/\/borncity.eu\/escooter\/archive\/1789\">eScooter: Der Stand der Regulierung in Deutschland<\/a><br \/>\n<a href=\"https:\/\/borncity.eu\/escooter\/archive\/1817\">eScooter Ladestationssystem f\u00fcr SmartCities<\/a><\/p>\n","protected":false},"excerpt":{"rendered":"<p>Seit der Freigabe der Elektrotretroller im \u00f6ffentlichen Verkehr in Deutschland wogt der Streit ja um die Parksituation abgestellter E-Scooter. Die Verleiher stellen die Fahrzeuge auf B\u00fcrgersteigen oder \u00f6ffentlichen Fl\u00e4chen ab. Nochmals ein kurzer Blick.<\/p>\n","protected":false},"author":1,"featured_media":0,"comment_status":"open","ping_status":"open","sticky":false,"template":"","format":"standard","meta":{"footnotes":""},"categories":[8,41],"tags":[7,86],"class_list":["post-2357","post","type-post","status-publish","format-standard","hentry","category-escooter","category-recht","tag-escooter","tag-vermietung"],"_links":{"self":[{"href":"https:\/\/borncity.eu\/escooter\/wp-json\/wp\/v2\/posts\/2357","targetHints":{"allow":["GET"]}}],"collection":[{"href":"https:\/\/borncity.eu\/escooter\/wp-json\/wp\/v2\/posts"}],"about":[{"href":"https:\/\/borncity.eu\/escooter\/wp-json\/wp\/v2\/types\/post"}],"author":[{"embeddable":true,"href":"https:\/\/borncity.eu\/escooter\/wp-json\/wp\/v2\/users\/1"}],"replies":[{"embeddable":true,"href":"https:\/\/borncity.eu\/escooter\/wp-json\/wp\/v2\/comments?post=2357"}],"version-history":[{"count":6,"href":"https:\/\/borncity.eu\/escooter\/wp-json\/wp\/v2\/posts\/2357\/revisions"}],"predecessor-version":[{"id":6147,"href":"https:\/\/borncity.eu\/escooter\/wp-json\/wp\/v2\/posts\/2357\/revisions\/6147"}],"wp:attachment":[{"href":"https:\/\/borncity.eu\/escooter\/wp-json\/wp\/v2\/media?parent=2357"}],"wp:term":[{"taxonomy":"category","embeddable":true,"href":"https:\/\/borncity.eu\/escooter\/wp-json\/wp\/v2\/categories?post=2357"},{"taxonomy":"post_tag","embeddable":true,"href":"https:\/\/borncity.eu\/escooter\/wp-json\/wp\/v2\/tags?post=2357"}],"curies":[{"name":"wp","href":"https:\/\/api.w.org\/{rel}","templated":true}]}}