{"id":283,"date":"2019-08-04T00:20:00","date_gmt":"2019-08-03T22:20:00","guid":{"rendered":"https:\/\/borncity.com\/escooter\/?p=283"},"modified":"2025-05-13T13:01:33","modified_gmt":"2025-05-13T11:01:33","slug":"warnung-des-sozialverbands-vdk-vor-e-rollern","status":"publish","type":"post","link":"https:\/\/borncity.eu\/escooter\/archive\/283","title":{"rendered":"Warnung des Sozialverbands VdK vor E-Rollern"},"content":{"rendered":"<p><img loading=\"lazy\" decoding=\"async\" style=\"float: left; margin: 0px 10px 0px 0px; display: inline;\" title=\"eScooter\" src=\"https:\/\/borncity.eu\/escooter\/wp-content\/uploads\/2023\/05\/mDHY4zR-300x221.jpg\" alt=\"eScooter\" width=\"129\" height=\"95\" align=\"left\" \/>Leider gibt es r\u00fccksichtslose Fahrer von E-Rollern, die das negative Bild in der \u00d6ffentlichkeit pr\u00e4gen. Der Sozialverband VdK warnt jetzt vor Gefahren durch E-Roller in Deutschland, die diese f\u00fcr Kinder, \u00c4ltere und Menschen mit Behinderung bringen.<\/p>\n<p><!--more--><\/p>\n<p>Es ist ein Thema, was es am gestrigen Samstag sogar bis in die Tagesschau geschafft hat. Hier der Tweet der Tagesschau mit dem Videobeitrag.<\/p>\n<blockquote class=\"twitter-tweet\">\n<p dir=\"ltr\" lang=\"de\">#ERoller in der Kritik: VdK fordert h\u00e4rtere Strafen f\u00fcr r\u00fccksichtslose Nutzer &#8211; <a href=\"https:\/\/web.archive.org\/web\/20231221064401\/https:\/\/t.co\/FuLKz1ANKS\">https:\/\/t.co\/FuLKz1ANKS<\/a><\/p>\n<p>\u2014 Sozialverband VdK (@VdK_Deutschland) August 3, 2019<\/p><\/blockquote>\n<p>E-Roller auf B\u00fcrgersteigen, die Kinder, \u00c4ltere und Menschen mit Behinderung in Gefahr bringen. \"F\u00fcr kleine Kinder, f\u00fcr \u00c4ltere und f\u00fcr Menschen mit Behinderung ist das Risiko am h\u00f6chsten\", sagte VdK-Pr\u00e4sidentin Verena Bentele dem Redaktions Netzwerk Deutschland (Samstag). Diese Menschen k\u00f6nnten oft nicht so schnell reagieren und zur Seite springen, wie es notwendig w\u00e4re.<\/p>\n<p>Bentele kritisierte die Politik und Verkehrsminister Scheuer: \"E-Roller in diesem gro\u00dfen Ma\u00dfstab einzuf\u00fchren, war unbedacht. Es zeigt sich, dass sie eher eine Alternative f\u00fcr Fu\u00dfg\u00e4nger oder zum Fahrrad sind. Und das sorgt f\u00fcr jede Menge Probleme.\" Frau Bentele beklagt, dass E-Roller \u00fcberall kreuz und quer herumstehen oder herumliegen, und sprach sich daf\u00fcr aus, \"so wie jetzt in Paris, das Abstellen auf Fu\u00dfwegen zu verbieten\".<\/p>\n<blockquote class=\"twitter-tweet\">\n<p dir=\"ltr\" lang=\"de\">Solche Tafeln mit Abstellverbot f\u00fcr Fahrr\u00e4der bieten sich f\u00fcr #escooter halt schon als guter Parkplatz an. Vielleicht Mal die Piktos anpassen @sbbnews, damit's alle verstehen&#8230; pic.twitter.com\/dfUZrfDZQ7<\/p>\n<p>\u2014 Thomas Hug (@tho__hug) August 3, 2019<\/p><\/blockquote>\n<p>Verena Bentele, die selbst blind ist, kennt die Probleme. \"Viele sind mit dem E-Roller auf Fu\u00dfwegen unterwegs. Das geht nicht.\" Viele Mitglieder des VdK melden sich und weisen auf die Probleme hin: \"Seit Zulassung der E-Roller f\u00fchlen sie sich unsicherer, wenn sie in der Stadt unterwegs sind. Viele weisen darauf hin, dass sie mit ihrem Rollator oder ihrem Rollstuhl an manchen Stellen auf dem B\u00fcrgersteig Slalom fahren m\u00fcssen.\"<\/p>\n<blockquote class=\"twitter-tweet\">\n<p dir=\"ltr\" lang=\"en\">F*ck scooters. pic.twitter.com\/yRluK3BouM<\/p>\n<p>\u2014 Jake Williams (@MalwareJake) August 2, 2019<\/p><\/blockquote>\n<p>Grunds\u00e4tzlich ist der Verband nicht gegen E-Roller, fordert aber sch\u00e4rfere Regelungen f\u00fcr die Nutzung von eScootern. F\u00fcr Verst\u00f6\u00dfe wie Fahren auf dem B\u00fcrgersteig m\u00fcsse es deutlich h\u00f6here Bu\u00dfgelder geben. \"Wir fordern auch eine 0,0-Promille-Grenze f\u00fcr alle, die E-Roller fahren\", f\u00fcgte Bentele hinzu. \"Manche sind alkoholisiert unterwegs, was die Sache noch gef\u00e4hrlicher macht.\"<\/p>\n<p>Zudem fordert der VdK 'Fahrstunden f\u00fcr E-Roller-Fahrer', wie man <a href=\"https:\/\/www.heise.de\/newsticker\/meldung\/Fahrschule-fuer-E-Tretroller-Behindertenverband-fordert-Kurse-4487799.html\" target=\"_blank\" rel=\"noopener noreferrer\">hier<\/a> nachlesen kann.\u00a0Unter diesem Blickwinkel und unter Ber\u00fccksichtigung, dass bei manchen Leuten auf dem eScooter 'Wild-West' herrscht, sind die Forderungen nachvollziehbar.<\/p>\n<p><strong>\u00c4hnliche Artikel<\/strong><br \/>\n<a href=\"https:\/\/borncity.eu\/escooter\/archive\/82\">E-Roller, was man \u00fcber eScooter wissen muss<\/a><br \/>\n<a href=\"https:\/\/borncity.eu\/escooter\/archive\/94\">Betrunken eScooter fahren: F\u00fchrerschein weg!<\/a><br \/>\n<a href=\"https:\/\/borncity.eu\/escooter\/archive\/137\">E-Roller: Die wichtigsten eScooter-Regeln im \u00dcberblick<\/a><br \/>\n<a href=\"https:\/\/borncity.eu\/escooter\/archive\/146\">Verkehrsverb\u00e4nde und ADAC warnen vor eScooter-Risiken<\/a><\/p>\n","protected":false},"excerpt":{"rendered":"<p>Leider gibt es r\u00fccksichtslose Fahrer von E-Rollern, die das negative Bild in der \u00d6ffentlichkeit pr\u00e4gen. Der Sozialverband VdK warnt jetzt vor Gefahren durch E-Roller in Deutschland, die diese f\u00fcr Kinder, \u00c4ltere und Menschen mit Behinderung bringen.<\/p>\n","protected":false},"author":1,"featured_media":0,"comment_status":"open","ping_status":"open","sticky":false,"template":"","format":"standard","meta":{"footnotes":""},"categories":[5,26],"tags":[7,22],"class_list":["post-283","post","type-post","status-publish","format-standard","hentry","category-e-roller","category-risiko","tag-escooter","tag-risiko"],"_links":{"self":[{"href":"https:\/\/borncity.eu\/escooter\/wp-json\/wp\/v2\/posts\/283","targetHints":{"allow":["GET"]}}],"collection":[{"href":"https:\/\/borncity.eu\/escooter\/wp-json\/wp\/v2\/posts"}],"about":[{"href":"https:\/\/borncity.eu\/escooter\/wp-json\/wp\/v2\/types\/post"}],"author":[{"embeddable":true,"href":"https:\/\/borncity.eu\/escooter\/wp-json\/wp\/v2\/users\/1"}],"replies":[{"embeddable":true,"href":"https:\/\/borncity.eu\/escooter\/wp-json\/wp\/v2\/comments?post=283"}],"version-history":[{"count":8,"href":"https:\/\/borncity.eu\/escooter\/wp-json\/wp\/v2\/posts\/283\/revisions"}],"predecessor-version":[{"id":4148,"href":"https:\/\/borncity.eu\/escooter\/wp-json\/wp\/v2\/posts\/283\/revisions\/4148"}],"wp:attachment":[{"href":"https:\/\/borncity.eu\/escooter\/wp-json\/wp\/v2\/media?parent=283"}],"wp:term":[{"taxonomy":"category","embeddable":true,"href":"https:\/\/borncity.eu\/escooter\/wp-json\/wp\/v2\/categories?post=283"},{"taxonomy":"post_tag","embeddable":true,"href":"https:\/\/borncity.eu\/escooter\/wp-json\/wp\/v2\/tags?post=283"}],"curies":[{"name":"wp","href":"https:\/\/api.w.org\/{rel}","templated":true}]}}