{"id":3150,"date":"2024-05-26T21:17:37","date_gmt":"2024-05-26T19:17:37","guid":{"rendered":"https:\/\/borncity.com\/escooter\/?p=3150"},"modified":"2024-05-26T21:17:37","modified_gmt":"2024-05-26T19:17:37","slug":"brandgefahr-bayern-bann-fuer-escooter-oepv","status":"publish","type":"post","link":"https:\/\/borncity.eu\/escooter\/archive\/3150","title":{"rendered":"Brandgefahr:  Bayern-Bann f\u00fcr eScooter \u00d6PV"},"content":{"rendered":"<p><img loading=\"lazy\" decoding=\"async\" style=\"float: left; margin: 0px 10px 0px 0px; display: inline;\" title=\"eScooter\" src=\"https:\/\/borncity.eu\/escooter\/wp-content\/uploads\/2023\/05\/mDHY4zR-300x221.jpg\" alt=\"eScooter\" width=\"129\" height=\"95\" align=\"left\" \/>Br\u00e4nde von eScooter-Akkus in Bussen und Stra\u00dfenbahnen f\u00fchren dazu, dass die bayerischen Verkehrsbetriebe Elektrotretroller von der Mitnahme in \u00f6ffentlichen Verkehrsmitteln (Busse, U-\/S-Bahn etc.) ausschlie\u00dfen.<\/p>\n<p><!--more--><\/p>\n<p>In der Stadt M\u00fcnchen ist die Mitnahme von eScootern in S- und U-Bahnen sowie Trams bereits verboten. Auch die Verkehrsbetriebe der St\u00e4dte Regensburg und N\u00fcrnberg haben im April 2024 nachgezogen.<\/p>\n<p><img decoding=\"async\" title=\"E-Tretroller zur Ausleihe\" src=\"https:\/\/borncity.eu\/escooter\/wp-content\/uploads\/2023\/05\/3AjGIe9.jpg\" alt=\"E-Tretroller zur Ausleihe\" \/><br \/>\n(eScooter, Symbolbild, Quelle: Pexels, Magda Ehlers, freie Nutzung)<\/p>\n<p>Als Begr\u00fcndung wird die Bandgefahr genannt. Maximillian Kaltner von den M\u00fcnchner Verkehrsbetrieben sagt dazu: \"Es ist eine klare Empfehlung an alle Verkehrsunternehmen. Wir haben uns daran orientiert, weil die Sicherheit der Fahrg\u00e4ste bei uns ganz oben steht.\"<\/p>\n<p>Ein Video eines solchen Brands sowie Details zum eScooter-Bann im \u00d6PNV findet sich in <a href=\"https:\/\/www.focus.de\/politik\/deutschland\/muenchen-augsburg-und-muenchen-brandgefahr-bayern-schmeisst-e-scooter-aus-s-und-u-bahn_id_259823202.html\" target=\"_blank\" rel=\"noopener\">diesem Artikel<\/a> auf Focus Online.<\/p>\n<p><strong>\u00c4hnliche Artikel<br \/>\n<\/strong><a href=\"https:\/\/borncity.eu\/escooter\/archive\/82\">E-Roller, was man \u00fcber eScooter wissen muss<\/a><br \/>\n<a href=\"https:\/\/borncity.eu\/escooter\/archive\/137\">E-Roller: Die wichtigsten eScooter-Regeln im \u00dcberblick<\/a><br \/>\n<a href=\"https:\/\/borncity.eu\/escooter\/archive\/94\">Betrunken eScooter fahren: F\u00fchrerschein weg!<\/a><br \/>\n<a href=\"https:\/\/borncity.eu\/escooter\/archive\/204\">Jung und verliebt: E-Roller zu zweit fahren<\/a><br \/>\n<a href=\"https:\/\/borncity.eu\/escooter\/archive\/971\">Wie unsicher sind eScooter?<\/a><br \/>\n<a href=\"https:\/\/borncity.eu\/escooter\/archive\/113\">eScooter: Diese Verst\u00f6\u00dfe sind der Polizei aufgefallen<\/a><br \/>\n<a href=\"https:\/\/borncity.eu\/escooter\/archive\/613\">eScooter-Unf\u00e4lle: VOI bietet Sicherheitstraining an<\/a><br \/>\n<a href=\"https:\/\/borncity.eu\/escooter\/archive\/2310\">E-Scooter: Entlastung f\u00fcr die Umwelt oder Fluch?<\/a><br \/>\n<a href=\"https:\/\/borncity.eu\/escooter\/archive\/199\">Wie praxistauglich sind eScooter eigentlich?<\/a><br \/>\n<a href=\"https:\/\/borncity.eu\/escooter\/archive\/1744\">eScooter: Ausleihe auf l\u00e4ngeren Strecken unwirtschaftlich<\/a><br \/>\n<a href=\"https:\/\/borncity.eu\/escooter\/archive\/1825\">eScooter-Unf\u00e4lle: Bei 25% sind Alkohol und Drogen im Spiel<\/a><br \/>\n<a href=\"https:\/\/borncity.eu\/escooter\/archive\/2267\">E-Roller leisten keinen Beitrag zur Verkehrswende<\/a><br \/>\n<a href=\"https:\/\/borncity.eu\/escooter\/archive\/2262\">1 Jahr E-Scooter: Die Sicht des T\u00fcV<\/a><br \/>\n<a href=\"https:\/\/borncity.eu\/escooter\/archive\/2260\">1 Jahr E-Scooter: St\u00e4dte fordern mehr Sicherheit<\/a><br \/>\n<a href=\"https:\/\/borncity.eu\/escooter\/archive\/2258\">Bilanz nach einem Jahr E-Scooter-Freigabe<\/a><br \/>\n<a href=\"https:\/\/borncity.eu\/escooter\/archive\/2277\">1 Jahr E-Scooter: Bilanz der Unf\u00e4lle und Anzeigen in Berlin<\/a><br \/>\n<a href=\"https:\/\/borncity.eu\/escooter\/archive\/567\">Kassen\u00e4rztlicher Chef fordert eScooter-Verbot<\/a><br \/>\n<a href=\"https:\/\/borncity.eu\/escooter\/archive\/563\">Klinik Hamburg: Mehr eScooter-Unf\u00e4lle als bei Fahrr\u00e4dern<\/a><br \/>\n<a href=\"https:\/\/borncity.eu\/escooter\/archive\/2442\">Voi unterst\u00fctzt Roll ohne Risiko-Kampagne<\/a><br \/>\n<a href=\"https:\/\/borncity.eu\/escooter\/archive\/2377\">Voi zieht Bilanz zu E-Scooter-Unfallstatistik in Deutschland<\/a><br \/>\n<a href=\"https:\/\/borncity.eu\/escooter\/archive\/1825\">eScooter-Unf\u00e4lle: Bei 25% sind Alkohol und Drogen im Spiel<\/a><br \/>\n<a href=\"https:\/\/borncity.eu\/escooter\/archive\/146\">Verkehrsverb\u00e4nde und ADAC warnen vor eScooter-Risiken<\/a><br \/>\n<a href=\"https:\/\/borncity.eu\/escooter\/archive\/2642\">D\u00fcsseldorf hat die Faxen bez\u00fcglich E-Scootern dicke<\/a><br \/>\n<a href=\"https:\/\/borncity.eu\/escooter\/archive\/2562\">K\u00f6ln: \"E-Scooter-Depot\" rottet auf dem Grund des Rheins \u2026<\/a><br \/>\n<a href=\"https:\/\/borncity.eu\/escooter\/archive\/2646\">K\u00f6ln: E-Scooter-Bergung aus dem Rhein gestoppt<\/a><br \/>\n<a href=\"https:\/\/borncity.eu\/escooter\/archive\/2483\">Unfallstatistik 2020: eScooter als Risikofaktor<\/a><br \/>\n<a href=\"https:\/\/borncity.eu\/escooter\/archive\/2258\">Bilanz nach einem Jahr E-Scooter-Freigabe<\/a><br \/>\n<a href=\"https:\/\/borncity.eu\/escooter\/archive\/1776\">Weltverkehrsforum zum eScooter-Unfallrisiko<\/a><br \/>\n<a href=\"https:\/\/borncity.eu\/escooter\/archive\/1698\">USA: 1\/3 aller eScooter-Unf\u00e4lle enden mit Kopfverletzungen<\/a><br \/>\n<a href=\"https:\/\/borncity.eu\/escooter\/archive\/2610\">E-Scooter-Sharing: 140 Mio. Euro Umsatz in Deutschland<\/a><br \/>\n<a href=\"https:\/\/borncity.eu\/escooter\/archive\/2661\" rel=\"bookmark\">Paris drosselt E-Scooter auf 10 km\/h in einigen Bereichen<\/a><br \/>\n<a href=\"https:\/\/borncity.eu\/escooter\/archive\/2803\" rel=\"bookmark\">In Paris droht ein eScooter-Verbot<\/a><\/p>\n","protected":false},"excerpt":{"rendered":"<p>Br\u00e4nde von eScooter-Akkus in Bussen und Stra\u00dfenbahnen f\u00fchren dazu, dass die bayerischen Verkehrsbetriebe Elektrotretroller von der Mitnahme in \u00f6ffentlichen Verkehrsmitteln (Busse, U-\/S-Bahn etc.) ausschlie\u00dfen.<\/p>\n","protected":false},"author":1,"featured_media":0,"comment_status":"open","ping_status":"open","sticky":false,"template":"","format":"standard","meta":{"footnotes":""},"categories":[26],"tags":[28],"class_list":["post-3150","post","type-post","status-publish","format-standard","hentry","category-risiko","tag-sicherheit"],"_links":{"self":[{"href":"https:\/\/borncity.eu\/escooter\/wp-json\/wp\/v2\/posts\/3150","targetHints":{"allow":["GET"]}}],"collection":[{"href":"https:\/\/borncity.eu\/escooter\/wp-json\/wp\/v2\/posts"}],"about":[{"href":"https:\/\/borncity.eu\/escooter\/wp-json\/wp\/v2\/types\/post"}],"author":[{"embeddable":true,"href":"https:\/\/borncity.eu\/escooter\/wp-json\/wp\/v2\/users\/1"}],"replies":[{"embeddable":true,"href":"https:\/\/borncity.eu\/escooter\/wp-json\/wp\/v2\/comments?post=3150"}],"version-history":[{"count":1,"href":"https:\/\/borncity.eu\/escooter\/wp-json\/wp\/v2\/posts\/3150\/revisions"}],"predecessor-version":[{"id":3151,"href":"https:\/\/borncity.eu\/escooter\/wp-json\/wp\/v2\/posts\/3150\/revisions\/3151"}],"wp:attachment":[{"href":"https:\/\/borncity.eu\/escooter\/wp-json\/wp\/v2\/media?parent=3150"}],"wp:term":[{"taxonomy":"category","embeddable":true,"href":"https:\/\/borncity.eu\/escooter\/wp-json\/wp\/v2\/categories?post=3150"},{"taxonomy":"post_tag","embeddable":true,"href":"https:\/\/borncity.eu\/escooter\/wp-json\/wp\/v2\/tags?post=3150"}],"curies":[{"name":"wp","href":"https:\/\/api.w.org\/{rel}","templated":true}]}}