{"id":567,"date":"2019-09-09T11:04:20","date_gmt":"2019-09-09T09:04:20","guid":{"rendered":"https:\/\/borncity.com\/escooter\/?p=567"},"modified":"2025-05-13T13:04:51","modified_gmt":"2025-05-13T11:04:51","slug":"kassenrztlicher-chef-fordert-escooter-verbot","status":"publish","type":"post","link":"https:\/\/borncity.eu\/escooter\/archive\/567","title":{"rendered":"Kassen&auml;rztlicher Chef fordert eScooter-Verbot"},"content":{"rendered":"<p>Steigende Unfallzahlen bei Elektro-Tretrollern rufen inzwischen \u00c4rzte auf den Plan. Der Chef der Kassen\u00e4rztlichen Bundesvereinigung (KBV), Andreas Gassen, fordert ein komplettes Verbot der neuen Fahrzeuge, um die Unf\u00e4lle mit Verletzten zu vermeiden.<\/p>\n<p><!--more--><\/p>\n<p><img loading=\"lazy\" decoding=\"async\" src=\"https:\/\/vg06.met.vgwort.de\/na\/efad30478c1c4b68856f24c213aea772\" alt=\"\" width=\"1\" height=\"1\" \/>Es wurde vor der Verabschiedung der Elektrokleinstfahrzeugeverordnung vor den Risiken gewarnt \u2013 und es wird seit der Freigabe der Elektro-Tretroller zum 15. Juni 2019 vor den Unfallrisiken gewarnt. Hier im Blog greife ich ja immer wieder Unf\u00e4lle und Risiken als Warnung auf. Aber so richtig ernst nehmen die eScooter-Piloten das wohl nicht. Die Fahrzeuge sind cool und au\u00dferdem ist alles Panikmache.<\/p>\n<p>Heute werde ich allerdings mal wieder von der Wirklichkeit links und rechts \u00fcberholt. Am Sonntag habe ich den Beitrag <a href=\"https:\/\/borncity.eu\/escooter\/archive\/563\">Klinik Hamburg: Mehr eScooter-Unf\u00e4lle als bei Fahrr\u00e4dern<\/a> auf Vorrat zur heutigen Ver\u00f6ffentlichung geschrieben. Mir war eine Aussage einer Hamburger Klinik in die Finger gefallen, wo Mediziner feststellen, dass man mehr eScooter-Unfallopfer behandeln muss als verunfallte Fahrradfahrer. War aber wieder nur eine Einzelmeinung.<\/p>\n<p><img decoding=\"async\" title=\"E-Tretroller zur Ausleihe\" src=\"https:\/\/borncity.eu\/escooter\/wp-content\/uploads\/2023\/05\/3AjGIe9.jpg\" alt=\"E-Tretroller zur Ausleihe\" \/><br \/>\n(eScooter, Symbolbild, Quelle: Pexels, <a href=\"https:\/\/www.pexels.com\/photo\/black-kick-scooters-parked-near-body-of-water-2547627\/\" target=\"_blank\" rel=\"noopener noreferrer\">Magda Ehlers<\/a>, freie Nutzung)<\/p>\n<h2>Kassen\u00e4rztlichen Bundesvereinigung (KBV) wird deutlich<\/h2>\n<p>Jetzt hat der Chef der Kassen\u00e4rztlichen Bundesvereinigung (KBV), Andreas Gassen, in der Neue Osnabr\u00fccker Zeitung (<a href=\"https:\/\/www.noz.de\/deutschland-welt\/politik\/artikel\/1866819\/kassenarzt-chef-fordert-verbot-von-e-tretrollern\" target=\"_blank\" rel=\"noopener noreferrer\">Paywall<\/a>, der <a href=\"https:\/\/www.weser-kurier.de\/deutschland-welt\/deutschland-welt-vermischtes_artikel,-kassenaerztechef-fuer-verbot-etretroller-sind-katastrophe-_arid,1858769.html\" target=\"_blank\" rel=\"noopener noreferrer\">Weser-Kurier<\/a> hat es frei zug\u00e4nglich gehalten, den Pressetet gibt es <a href=\"https:\/\/www.presseportal.de\/pm\/58964\/4369400\" target=\"_blank\" rel=\"noopener noreferrer\">hier<\/a>) ein Verbot von E-Tretrollern gefordert. Gassen sagt:<\/p>\n<blockquote><p>Nur das [generelle Verbot] w\u00fcrde helfen, Verletzungen zu vermeiden. \u00dcberall dort, wo diese Fahrzeuge inzwischen rumfahren, haben wir deutlich mehr Verletzte.<\/p><\/blockquote>\n<p>Die Argumente Gassens sind nicht von der Hand zu weisen. Die Fahrer sind eine wachsense Gefahr f\u00fcr die Allgemeinheit und sich selbst. Da werden Kreuzungen einfach mal so 'blindlings' \u00fcberquert, man ist trotz Verbots zu zweit oder betrunken unterwegs und kennt sich mit den Fahrzeugen auch nicht aus. Vor wenigen Stunden habe ich den Beitrag <a href=\"https:\/\/borncity.eu\/escooter\/archive\/559\">eScooter fahren: Aller Anfang ist schwer \u2026<\/a> ver\u00f6ffentlicht, der in einem Video zeigt, wie schnell man bei kleinsten Fahrfehlern mit einem eScooter st\u00fcrzen kann. Die \u00c4rzte sehen in der Notfallaufnahmen der Kliniken komplexe Br\u00fcche von Armen und Beinen, aber es gibt auch (teils schwere) Kopfverletzungen. Leider sind auch Todesf\u00e4lle (im Ausland) mit eScootern zu vermelden. Der Mediziner hat ein klares Urteil:<\/p>\n<blockquote><p>Die schlimmsten Bef\u00fcrchtungen sind eingetreten. Aus unfallchirurgischer Sicht sind E-Tretroller eine Katastrophe. Aber das war absehbar. Aus \u00e4rztlicher Perspektive war es unverantwortlich, gr\u00fcnes Licht f\u00fcr E-Tretroller zu geben. Es gibt auch keine Notwendigkeit f\u00fcr diese Gef\u00e4hrte. Sie geh\u00f6ren nicht auf die Stra\u00dfe und schon gar nicht auf den Gehweg. Die Rettungsstellen sind schon voll genug.<\/p><\/blockquote>\n<p>Gassen sieht in der Einf\u00fchrung eines E-Tretroller-F\u00fchrerscheins daher keine L\u00f6sung. Auch das Anbringen von Blinkern sei keine Abhilfe.<\/p>\n<h2>Unfallforscher widerspricht<\/h2>\n<p>Interessant ist die Aussage des Unfallforscher Siegfried Brockmann vom Gesamtverband der Versicherer (GdV), der der Forderung des Mediziners in der Neue Osnabr\u00fccker Zeitung widerspricht:<\/p>\n<blockquote><p>Ein Verbot der E-Tretroller so kurz nach der Einf\u00fchrung zu fordern ist Quatsch. Es war von vornherein klar, dass, wenn wir dieses zus\u00e4tzliche Verkehrsmittel auf unseren Stra\u00dfen zulassen, es zu Unf\u00e4llen kommen wird. Wir stellen auch schwere Unf\u00e4lle unter Beteiligung von Radfahrern fest &#8211; aber es w\u00fcrde niemand auf die Idee kommen, sie im Stra\u00dfenverkehr zu verbieten.\"<\/p><\/blockquote>\n<p>Der Unfallforscher findet, dass es lediglich wichtig sei, Fehlentwicklungen, etwa durch mehr polizeiliche Kontrolle, zu beseitigen.<\/p>\n<blockquote><p>Was wir brauchen, ist mehr polizeiliche Kontrolle. Es gibt zu viele Nutzer von E-Tretrollern, die zu zweit oder auf dem Gehweg fahren oder unter Alkoholeinfluss unterwegs sind.\"<\/p><\/blockquote>\n<p>Da die Polizei nur begrenzte Ressourcen habe, m\u00fcssten Bu\u00dfgelder einschl\u00e4gig erh\u00f6ht werden, um Verbesserungen herbeizuf\u00fchren. Aktuelle Unfallstatistiken zu E-Scootern liegen dem GdV laut Brockmann bislang noch nicht vor. Die Polizei f\u00e4ngt gerade erst mit der punktuellen Erhebung an. Ab Januar sollen die Zahlen dann fl\u00e4chendeckend erhoben werden.<\/p>\n<p>Ist nat\u00fcrlich eine zul\u00e4ssige Sichtweise \u2013 aber nur mal am Rande bemerkt: Klar, es gibt schwere Unf\u00e4lle mit Fahrr\u00e4dern. Nur ist deren Nutzung wesentlich breiter aufgestellt und dort sind die gefahrenen Kilometer deutlich h\u00f6her. Elektro-Tretroller sind aber eher Hipster-Ding und Experiment, welches auf den Knochen naiver junger Leute ausgetragen wird.<\/p>\n<h2>Altmeier gegen Verbote<\/h2>\n<p>Spiegel Online zitiert hier Bundeswirtschaftsminister Peter Altmaier (CDU). Dieser hatte sich am Wochenende in Zeitungen der Funke-Mediengruppe gegen strengere Regeln f\u00fcr die elektrischen Tretroller ausgesprochen. Er sei f\u00fcr die \"Freiheit im Stra\u00dfenverkehr\", sagte Altmaier, da es gebe ohnehin schon \"mehr als genug Verbote\". Wichtig sei aber, dass die Sicherheit aller Verkehrsteilnehmer gew\u00e4hrleistet bleibe. Altmeier ist also mal wieder mit der Quadratur des Kreises befasst.<\/p>\n<p>Ein interessanter Abriss der Geschichte findet sich in <a href=\"https:\/\/web.archive.org\/web\/20191214095840\/https:\/\/aiomag.de\/elektroroller-strassenzulassung-fuer-e-scooter-zieht-sich-hin-11175\" target=\"_blank\" rel=\"noopener noreferrer\">diesem Artikel<\/a> (wobei die Blinkerpflicht fehlerhaft genannt wird, die sind nur erlaubt, aber nicht vorgeschrieben, <a href=\"https:\/\/www.heise.de\/forum\/heise-online\/News-Kommentare\/E-Scooter-von-Segway-Ninebot-mit-Strassenzulassung\/Stehroller-und-Blinker-eine-Erklaerung\/thread-6111792\/\" target=\"_blank\" rel=\"noopener noreferrer\">siehe auch<\/a>), zum 15. Juni 2019 erschienen. Der T\u00fcV forderte eine 'Regulierung mit Augenma\u00df' und der Bundesverband eMobilit\u00e4t forderte 'Experimentierfelder'. Sch\u00f6n, dass man das auf den Knochen der eScooter-Piloten (alles freiwillig) ausprobiert.<\/p>\n<h2>Schwierige Kiste, aber es muss was passieren<\/h2>\n<p>Es bleibt eine schwierige Kiste und ich kann die Argumentation der Mediziner deutlich besser nachvollziehen als die Position des Unfallforschers \u2013 obwohl er in Punkto Verbot nach 2,5 Monaten Recht hat. Aber es bleibt festzuhalten, dass die eScooter die 'vielen Versprechen' in Sachen Nachhaltigkeit und Umweltschutz nicht einhalten, wir werden als Gesellschaft die (Unfall-)Folgen tragen, nur weil einige Firmen als Verleiher (mit Startup-Investoren im Hintergrund) oder Hersteller der Ger\u00e4te ein Gesch\u00e4ftsmodell sehen. Das bleibt zumindest zu hinterfragen.<\/p>\n<h2>Deutsche Hysterie?<\/h2>\n<p>Ist das mal wieder typisch deutsche Verbotsdenke? Mitnichten, wenn ich mal \u00fcber den Sch\u00fcsselrand der deutschen Befindlichkeiten blicke. Nur mal ein paar Artikel der letzten Tage: <a href=\"https:\/\/borncity.eu\/escooter\/archive\/354\">Mailand verbietet nach Unfall eScooter<\/a>, <a href=\"https:\/\/borncity.eu\/escooter\/archive\/526\">Tel Aviv will eScooter verbieten<\/a>, <a href=\"https:\/\/borncity.eu\/escooter\/archive\/201\">Paris f\u00fchrt seit Juni 2019 drastische Regeln f\u00fcr E-Roller ein<\/a>. Selbst aus den USA liegen mir Meldungen \u00fcber Verbote vor.<\/p>\n<p>Ich m\u00f6chte noch eine kleine Erg\u00e4nzung anbringen &#8211; in den sozial Media-Kan\u00e4len geht es ja teilweise in der Art 'tausende Fahrrad- und Autounf\u00e4lle, aber eScooter verbieten'. Aus dieser Diskussion halte ich mich raus &#8211; es war eine Schnapsidee, die Dinger in der aktuellen Form frei zu geben. Aber gerade ist mir der folgende Tweet unter die Augen gekommen.<\/p>\n<blockquote class=\"twitter-tweet\">\n<p dir=\"ltr\" lang=\"en\">After 1 month of tracking #escooter injuries: Here's what professionals at #Sentara found <a href=\"https:\/\/web.archive.org\/web\/20231221045416\/https:\/\/t.co\/5dOCdAUcRZ\">https:\/\/t.co\/5dOCdAUcRZ<\/a>#virginiabeach @sentarahealth pic.twitter.com\/UkIJNXpe06<\/p>\n<p>\u2014 Lucretia Cunningham (@Lucretia_News) September 9, 2019<\/p><\/blockquote>\n<p><script async=\"\" src=\"https:\/\/platform.twitter.com\/widgets.js\" charset=\"utf-8\"><\/script><\/p>\n<p>Da geht es um Zahlen aus einer US-Klinik in Virginia Beach, wo sich die Mediziner die Unfalldaten des letzten Monats angesehen haben. Zwei Mal mehr Verletzte von eScooter-Unf\u00e4llen als Opfer von Autounf\u00e4llen sind schon eine klare Ansage. Und noch was: Die Schwere der Unfallverletzungen bei eScootern ist mit denen von Motorrad- und Autounf\u00e4llen vergleichbar. H\u00e4ufig m\u00fcssen neurologische Behandlungen erfolgen.<\/p>\n<p>\"Wir hatten gerade einen 79-j\u00e4hrigen Mann, der einen E-Scooter ausprobieren wollten. Er st\u00fcrzte und brach sich die H\u00fcfte\", so ein Klinik-Mitarbeiter. \"Die Unf\u00e4lle \u00fcberschreiten alle sozio\u00f6konomischen Grenzen, alle Ethnien und alle Altersgruppen.\"\u00a0Etwa die H\u00e4lfte dieser 29 Unfallopfer musste ins Krankenhaus eingeliefert werden\", sagte ein verantwortlicher Programm-Manager der Klinik. \"Die Mehrheit der Verletzungen sind gebrochene Arme und Beine, die n\u00e4chstgr\u00f6\u00dfere Gruppe sind Kopfverletzungen.\"<\/p>\n<p>Die signifikante Anzahl und Schwere von Verletzungen im Zusammenhang mit E-Scootern h\u00e4ngt auch damit zusammen, dass die Fahrer ohne Helm fuhren. Hier werden Anbieter wie Bird und Lime in die Verantwortung genommen, die endlich ein \u00f6ffentliches Bewusstsein schaffen sollen, wie man einen E-Scooter sicher benutzt.<\/p>\n<p>Es ist ein darwinistisches Experiment, dessen Kosten die Allgemeinheit tr\u00e4gt.\u00a0Aber vielleicht hat sich das Thema eh bald erledigt, wie ich im Artikel <a href=\"https:\/\/borncity.eu\/escooter\/archive\/462\">eScooter-Sommerm\u00e4rchen: Ist der Hype Ende 2019 vorbei?<\/a> ausf\u00fchre.<\/p>\n<p><strong>\u00c4hnliche Artikel<br \/>\n<\/strong><a href=\"https:\/\/borncity.eu\/escooter\/archive\/82\">E-Roller, was man \u00fcber eScooter wissen muss<\/a><br \/>\n<a href=\"https:\/\/borncity.eu\/escooter\/archive\/137\">E-Roller: Die wichtigsten eScooter-Regeln im \u00dcberblick<\/a><br \/>\n<a href=\"https:\/\/borncity.eu\/escooter\/archive\/146\">Verkehrsverb\u00e4nde und ADAC warnen vor eScooter-Risiken<\/a><br \/>\n<a href=\"https:\/\/borncity.eu\/escooter\/archive\/94\">Betrunken eScooter fahren: F\u00fchrerschein weg!<\/a><br \/>\n<a href=\"https:\/\/borncity.eu\/escooter\/archive\/113\">eScooter: Diese Verst\u00f6\u00dfe sind der Polizei aufgefallen<\/a><br \/>\n<a href=\"https:\/\/borncity.eu\/escooter\/archive\/345\">Frankreich: T\u00f6dlicher Unfall mit eScooter auf Autobahn<\/a><br \/>\n<a href=\"https:\/\/borncity.eu\/escooter\/archive\/510\">eScooter: Da fehlt halt die Knautschzone beim Unfall<\/a><br \/>\n<a href=\"https:\/\/borncity.eu\/escooter\/archive\/297\">Krasser Unfall mit einem eScooter \u2013 purer Leichtsinn<\/a><br \/>\n<a href=\"https:\/\/borncity.eu\/escooter\/archive\/402\">eScooter-Unfall in Kiel, lebensgef\u00e4hrliche Verletzungen<\/a><br \/>\n<a href=\"https:\/\/borncity.eu\/escooter\/archive\/199\">Wie praxistauglich sind eScooter eigentlich?<\/a><br \/>\n<a href=\"https:\/\/borncity.eu\/escooter\/archive\/345\">Frankreich: T\u00f6dlicher Unfall mit eScooter auf Autobahn<\/a><br \/>\n<a href=\"https:\/\/borncity.eu\/escooter\/archive\/354\">Mailand verbietet nach Unfall eScooter<\/a><br \/>\n<a href=\"https:\/\/borncity.eu\/escooter\/archive\/526\">Tel Aviv will eScooter verbieten<\/a><br \/>\n<a href=\"https:\/\/borncity.eu\/escooter\/archive\/158\">Britische YouTuberin stirbt bei eScooter-Unfall<\/a><br \/>\n<a href=\"https:\/\/borncity.eu\/escooter\/archive\/287\">eScooter-Unfall in L\u00fcbeck<\/a><br \/>\n<a href=\"https:\/\/borncity.eu\/escooter\/archive\/462\">eScooter-Sommerm\u00e4rchen: Ist der Hype Ende 2019 vorbei?<\/a><br \/>\n<a href=\"https:\/\/borncity.eu\/escooter\/?p=450\">Massive Kritik der Verbraucherzentralen an eScooter-Verleihern<\/a><br \/>\n<a href=\"https:\/\/borncity.eu\/escooter\/archive\/300\">US-Studie zeigt: E-Roller sind gar nicht so umweltfreundlich<\/a><br \/>\n<a href=\"https:\/\/borncity.eu\/escooter\/archive\/166\">Sind E-Roller umweltfreundlich\u2013oder eher Hipster-Ding?<\/a><br \/>\n<a href=\"https:\/\/borncity.eu\/escooter\/archive\/254\">Civity-Studie Juli 2019: Bringen E-Roller die Verkehrswende?<\/a><br \/>\n<a href=\"https:\/\/borncity.eu\/escooter\/archive\/385\">Micromobilit\u00e4t: 150 Milliarden Umsatzpotential in Europa?<\/a><\/p>\n","protected":false},"excerpt":{"rendered":"<p>Steigende Unfallzahlen bei Elektro-Tretrollern rufen inzwischen \u00c4rzte auf den Plan. Der Chef der Kassen\u00e4rztlichen Bundesvereinigung (KBV), Andreas Gassen, fordert ein komplettes Verbot der neuen Fahrzeuge, um die Unf\u00e4lle mit Verletzten zu vermeiden.<\/p>\n","protected":false},"author":1,"featured_media":0,"comment_status":"open","ping_status":"open","sticky":false,"template":"","format":"standard","meta":{"footnotes":""},"categories":[5,26],"tags":[7,22],"class_list":["post-567","post","type-post","status-publish","format-standard","hentry","category-e-roller","category-risiko","tag-escooter","tag-risiko"],"_links":{"self":[{"href":"https:\/\/borncity.eu\/escooter\/wp-json\/wp\/v2\/posts\/567","targetHints":{"allow":["GET"]}}],"collection":[{"href":"https:\/\/borncity.eu\/escooter\/wp-json\/wp\/v2\/posts"}],"about":[{"href":"https:\/\/borncity.eu\/escooter\/wp-json\/wp\/v2\/types\/post"}],"author":[{"embeddable":true,"href":"https:\/\/borncity.eu\/escooter\/wp-json\/wp\/v2\/users\/1"}],"replies":[{"embeddable":true,"href":"https:\/\/borncity.eu\/escooter\/wp-json\/wp\/v2\/comments?post=567"}],"version-history":[{"count":8,"href":"https:\/\/borncity.eu\/escooter\/wp-json\/wp\/v2\/posts\/567\/revisions"}],"predecessor-version":[{"id":4704,"href":"https:\/\/borncity.eu\/escooter\/wp-json\/wp\/v2\/posts\/567\/revisions\/4704"}],"wp:attachment":[{"href":"https:\/\/borncity.eu\/escooter\/wp-json\/wp\/v2\/media?parent=567"}],"wp:term":[{"taxonomy":"category","embeddable":true,"href":"https:\/\/borncity.eu\/escooter\/wp-json\/wp\/v2\/categories?post=567"},{"taxonomy":"post_tag","embeddable":true,"href":"https:\/\/borncity.eu\/escooter\/wp-json\/wp\/v2\/tags?post=567"}],"curies":[{"name":"wp","href":"https:\/\/api.w.org\/{rel}","templated":true}]}}