{"id":598,"date":"2019-09-16T00:15:00","date_gmt":"2019-09-15T22:15:00","guid":{"rendered":"https:\/\/borncity.com\/escooter\/?p=598"},"modified":"2025-05-13T13:05:01","modified_gmt":"2025-05-13T11:05:01","slug":"mnchen-escooter-regeln-zum-oktoberfest","status":"publish","type":"post","link":"https:\/\/borncity.eu\/escooter\/archive\/598","title":{"rendered":"M&uuml;nchen: eScooter-Regeln zum Oktoberfest"},"content":{"rendered":"<p><img loading=\"lazy\" decoding=\"async\" style=\"float: left; margin: 0px 10px 0px 0px; display: inline;\" title=\"eScooter\" src=\"https:\/\/borncity.eu\/escooter\/wp-content\/uploads\/2023\/05\/mDHY4zR-300x221.jpg\" alt=\"eScooter\" width=\"129\" height=\"95\" align=\"left\" \/>Von Samstag, den 21. September bis zum Sonntag, den 6. Oktober 2019 findet in M\u00fcnchen die Wiesn (das Oktoberfest) statt. Wildes Campen ist verboten und die Stadt M\u00fcnchen hat im Vorfeld schon mal Regeln f\u00fcr eScooter, u. a. mit Verbotszonen, ver\u00f6ffentlicht.<\/p>\n<p><!--more--><\/p>\n<p><img loading=\"lazy\" decoding=\"async\" src=\"https:\/\/vg06.met.vgwort.de\/na\/3b3c9a46845245bb8dc5de51d2db90b8\" alt=\"\" width=\"1\" height=\"1\" \/>Ich bin \u00fcber nachfolgenden Tweet auf die E-Scooter-Regeln zum Oktoberfest aufmerksam geworden.<\/p>\n<blockquote class=\"twitter-tweet\">\n<p dir=\"ltr\" lang=\"und\">https:\/\/t.co\/upWK794Gn2 #escooter #wiesn #oktoberfest<\/p>\n<p>\u2014 Michael Humpa (@micmuc) September 10, 2019<\/p><\/blockquote>\n<p>In Absprache mit der Polizei und gemeinsam mit allen f\u00fcnf in M\u00fcnchen vertretenen und weiteren potentiellen Verleih-Anbietern hat das Kreisverwaltungsreferat der Landeshauptstadt zum Oktoberfest weitreichende Verbotszonen f\u00fcr das Benutzen, Entleihen und Parken von E-Scootern rund um die Theresienwiese festgelegt.<\/p>\n<p>E-Scooter d\u00fcrfen nur bis zur Grenze des \u00c4u\u00dferen Sperrrings fahren, der wie jedes Jahr zum Oktoberfest f\u00fcr den Verkehr eingerichtet wird. Ab dort gilt ein Fahr- und Parkverbot f\u00fcr E-Scooter.<\/p>\n<p>E-Scooter Zonen Oktoberfest 2019<\/p>\n<p>An den Zufahrten zum \u00c4u\u00dferen Sperrring werden Hinweisschilder mit dem Text \u201eNO E-Scooter\" angebracht. Zum Parken von E-Scootern werden f\u00fcnf Sammelstellen entlang des \u00c4u\u00dferen Sperrrings eingerichtet. Die Anbieter sorgen f\u00fcr ein regelm\u00e4\u00dfiges Entfernen der E-Scooter entlang des Sperrrings und an den Sammelstellen.<\/p>\n<p>Jeden Abend ab 17 Uhr bis morgens 6 Uhr gelten dar\u00fcber hinaus in einem erweiterten Radius von bis zu einem Kilometer um den \u00c4u\u00dferen Sperrring herum Ausleihverbote, die von den Anbietern \u00fcber Geofencing technisch umgesetzt werden. Der Beginn eines Leihvorgangs ist in diesen Gebieten dann nicht m\u00f6glich. Die Anbieter werden daf\u00fcr sorgen, dass die dort abgestellten E-Scooter regelm\u00e4\u00dfig entfernt werden. Die abendliche Ausleihverbotszone umfasst Teile des Westends und das Bahnhofsviertel einschlie\u00dflich Sendlinger Tor, Stachus, Bahnhofplatz und Hackerbr\u00fccke.<\/p>\n<p>Im n\u00f6rdlichen Teil der Verbotszone zwischen Schwanthalerstra\u00dfe und Arnulfstra\u00dfe einschlie\u00dflich Hackerbr\u00fccke, Bahnhofplatz und Stachus k\u00f6nnen abends E-Scooter zudem auch nicht geparkt werden. Hier wird das Beenden eines Leihvorgangs ab 17 Uhr technisch nicht erm\u00f6glicht. Dazu kommen die ohnehin festgelegten Parkverbotszonen in Parks und Gr\u00fcnanlagen.<\/p>\n<h5><strong>Fahrerverbotszone \u00c4u\u00dferer Sperrring (in der Karte rot)<\/strong><\/h5>\n<ul>\n<li>Der \u00c4u\u00dfere Sperrring um das Festgel\u00e4nde mit einem kompletten E-Scooter-Verbot wird begrenzt durch Schwanthalerstra\u00dfe, Paul-Heyse-Stra\u00dfe und Herzog-Heinrich-Stra\u00dfe, Lindwurmstra\u00dfe, Poccistra\u00dfe und Hans-Fischer-Stra\u00dfe, Ganghoferstra\u00dfe, Heimeranstra\u00dfe und Schie\u00dfst\u00e4ttstra\u00dfe.<\/li>\n<\/ul>\n<p><strong>Sammelstellen (in der Karte kleine lila Punkte)<\/strong><\/p>\n<ul>\n<li>Die f\u00fcnf Sammelstellen zum Abstellen von E-Scootern am Rand des \u00c4u\u00dferen Sperrrings befinden sich an Paul-Heyse-Stra\u00dfe Westseite \/ n\u00f6rdlich Pettenkoferstra\u00dfe, Mozartstra\u00dfe S\u00fcdseite \/ \u00f6stlich Herzog-Heinrich-Stra\u00dfe, Hans-Fischer-Stra\u00dfe Nordseite \/ westlich Theresienh\u00f6he, Alter Messeplatz Nordseite \/ \u00f6stlich Schie\u00dfst\u00e4ttstra\u00dfe, Schwanthalerstra\u00dfe S\u00fcdseite \/ \u00f6stlich Martin-Greif-Stra\u00dfe (dort nur bis 17 Uhr).<\/li>\n<\/ul>\n<p><strong>Erweiterte Verbotszonen von 17 bis 6 Uhr<\/strong><\/p>\n<p><em>Ausleih- und Parkverbot (in der Karte gelb)<\/em><\/p>\n<ul>\n<li>Im Bereich n\u00f6rdlich der Schwanthalerstra\u00dfe mit Be\u00adgrenzung durch Sonnenstra\u00dfe, Karlsplatz, Prielmayerstra\u00dfe, Arnulfstra\u00dfe, Hacker\u00adbr\u00fccke, Grasserstra\u00dfe, Landsberger Stra\u00dfe, Schenkstra\u00dfe und Ganghoferstra\u00dfe gilt von 17 bis 6 Uhr ein Ausleih- und Parkverbot.<\/li>\n<\/ul>\n<p><em>Ausleihverbot (in der Karte t\u00fcrkis)<\/em><\/p>\n<ul>\n<li>Im Bereich s\u00fcdlich der Schwanthalerstra\u00dfe mit Begrenzung durch Sonnenstra\u00dfe, Sendlinger-Tor-Platz, Lindwurmstra\u00dfe, H\u00e4berlstra\u00dfe, Kapuzinerplatz, Tumblingerstra\u00dfe, Ruppertstra\u00dfe, Lindwurmstra\u00dfe, Pfeufferstra\u00dfe und Ganghoferstra\u00dfe gilt von 17 bis 6 Uhr ein Ausleihverbot.<\/li>\n<\/ul>\n<p><strong>Parkverbotszonen (in der Karte blau)<\/strong><\/p>\n<ul>\n<li>Hier handelt es sich um die ohnehin dauerhaft festgelegten Parkverbotszonen in Parks und Gr\u00fcnanlagen, etwa im Westpark und an der Isar.<\/li>\n<\/ul>\n<p>Karte zum Download<\/p>\n","protected":false},"excerpt":{"rendered":"<p>Von Samstag, den 21. September bis zum Sonntag, den 6. Oktober 2019 findet in M\u00fcnchen die Wiesn (das Oktoberfest) statt. Wildes Campen ist verboten und die Stadt M\u00fcnchen hat im Vorfeld schon mal Regeln f\u00fcr eScooter, u. a. mit Verbotszonen, &hellip; <a href=\"https:\/\/borncity.eu\/escooter\/archive\/598\">Weiterlesen <span class=\"meta-nav\">&rarr;<\/span><\/a><\/p>\n","protected":false},"author":1,"featured_media":0,"comment_status":"open","ping_status":"open","sticky":false,"template":"","format":"standard","meta":{"footnotes":""},"categories":[8,41],"tags":[7,48],"class_list":["post-598","post","type-post","status-publish","format-standard","hentry","category-escooter","category-recht","tag-escooter","tag-muenchen"],"_links":{"self":[{"href":"https:\/\/borncity.eu\/escooter\/wp-json\/wp\/v2\/posts\/598","targetHints":{"allow":["GET"]}}],"collection":[{"href":"https:\/\/borncity.eu\/escooter\/wp-json\/wp\/v2\/posts"}],"about":[{"href":"https:\/\/borncity.eu\/escooter\/wp-json\/wp\/v2\/types\/post"}],"author":[{"embeddable":true,"href":"https:\/\/borncity.eu\/escooter\/wp-json\/wp\/v2\/users\/1"}],"replies":[{"embeddable":true,"href":"https:\/\/borncity.eu\/escooter\/wp-json\/wp\/v2\/comments?post=598"}],"version-history":[{"count":7,"href":"https:\/\/borncity.eu\/escooter\/wp-json\/wp\/v2\/posts\/598\/revisions"}],"predecessor-version":[{"id":4762,"href":"https:\/\/borncity.eu\/escooter\/wp-json\/wp\/v2\/posts\/598\/revisions\/4762"}],"wp:attachment":[{"href":"https:\/\/borncity.eu\/escooter\/wp-json\/wp\/v2\/media?parent=598"}],"wp:term":[{"taxonomy":"category","embeddable":true,"href":"https:\/\/borncity.eu\/escooter\/wp-json\/wp\/v2\/categories?post=598"},{"taxonomy":"post_tag","embeddable":true,"href":"https:\/\/borncity.eu\/escooter\/wp-json\/wp\/v2\/tags?post=598"}],"curies":[{"name":"wp","href":"https:\/\/api.w.org\/{rel}","templated":true}]}}