{"id":6130,"date":"2025-07-31T00:36:38","date_gmt":"2025-07-30T22:36:38","guid":{"rendered":"https:\/\/borncity.com\/escooter\/?p=6130"},"modified":"2026-01-09T06:36:34","modified_gmt":"2026-01-09T05:36:34","slug":"kommt-ein-gehweg-parkverbot-fuer-escooter","status":"publish","type":"post","link":"https:\/\/borncity.eu\/escooter\/archive\/6130","title":{"rendered":"Kommt ein Gehweg-Parkverbot f\u00fcr Miet-eScooter?"},"content":{"rendered":"<p><img loading=\"lazy\" decoding=\"async\" style=\"float: left; margin: 0px 10px 0px 0px; display: inline;\" title=\"eScooter\" src=\"https:\/\/borncity.eu\/escooter\/wp-content\/uploads\/2023\/05\/mDHY4zR-300x221.jpg\" alt=\"eScooter\" width=\"129\" height=\"95\" align=\"left\" \/>Das Thema ist seit Ende Juni 2025 bekannt, ich greife es jetzt mal kurz auf. Der deutsche Verkehrsminister Schmider will die Klagen von Kommunen und Fu\u00dfg\u00e4ngern durch eine Novelle der Regelungen f\u00fcr E-Scooter ab Fahrr\u00e4der angleichen. In der Diskussion reduziert sich dies auf ein \"Gehweg-Parkverbot f\u00fcr eScooter\", was die Verleihfirmen auf die Barrikaden treibt.<\/p>\n<p><!--more--><\/p>\n<h2>Novelle der eScooter-Regeln geplant<\/h2>\n<p>Es geht um eine Versch\u00e4rfung der gesetzlichen\u00a0Regeln f\u00fcr Elektrotretroller (kurz\u00a0eScooter). Die Elektrokleinfahrzeugeverordnung von Verkehrsminister Scheuer stammt noch aus dem Jahr 2019. Volker Wissing, der vorherige Verkehrsminister, wollte, dass E-Scooter (wie Fahrr\u00e4der) bei gen\u00fcgend Platz auch auf Gehwegen und in Fu\u00dfg\u00e4ngerzonen abgestellt werden d\u00fcrfen.<\/p>\n<p><img decoding=\"async\" title=\"E-Tretroller zur Ausleihe\" src=\"https:\/\/borncity.eu\/escooter\/wp-content\/uploads\/2023\/05\/3AjGIe9.jpg\" alt=\"E-Tretroller zur Ausleihe\" \/><br \/>\n(eScooter, Symbolbild, Quelle: Pexels, Magda Ehlers, freie Nutzung)<\/p>\n<p>Das klappt aber an vielen Orten erkennbar nicht, wo dann Leih-eScooter wild abgestellt werden, umfallen oder umgesto\u00dfen werden und die Fu\u00dfg\u00e4ngerwege blockieren. \u00c4ltere Menschen und Gehbehinderte haben aber Probleme mit diesem Stolperfallen.<\/p>\n<p>Der Entwurf der Novelle sieht vor, dass die M\u00f6glichkeit, auf Gehwegen und in Fu\u00dfg\u00e4ngerzonen frei zu parken, nun nur noch f\u00fcr E-Scooter und Fahrr\u00e4der im Privatbesitz gilt. Mietfahrzeuge sollen (als gr\u00f6\u00dftes Problem) explizit ausgenommen werden. F\u00fcr das Abstellen muss eine Sondernutzung von den Verleihfirmen beantragt, von den Kommunen genehmigt und von den Verleihern auch bezahlt werden.<\/p>\n<p>Schnieder will Rechtsklarheit schaffen und den Kommunen eine M\u00f6glichkeit geben, mit den Verleihern \u00fcber Abstellm\u00f6glichkeiten und Sanktionen bei Verst\u00f6\u00dfen zu verhandeln. Es k\u00f6nnte Parkzonen, feste Abstellfl\u00e4chen aber auch freie Wahl der Abstellorte geben &#8211; zust\u00e4ndig f\u00fcr die Festlegung w\u00e4re die betreffende Kommune. Die Verleihfirmen sind eher nicht so begeistert, wie man beispielsweise in <a href=\"https:\/\/www.nw.de\/nachrichten\/zwischen_weser_und_rhein\/24131874_Neue-Regeln-fuer-E-Scooter-Gehweg-Parkverbot-fuer-Leih-Scooter-geplant.html\" target=\"_blank\" rel=\"noopener\">diesem Beitrag<\/a> nachlesen kann.<\/p>\n<p><strong>\u00c4hnliche Artikel<\/strong><br \/>\n<a href=\"https:\/\/borncity.eu\/escooter\/archive\/82\">E-Roller, was man \u00fcber eScooter wissen muss<\/a><br \/>\n<a href=\"https:\/\/borncity.eu\/escooter\/archive\/137\">E-Roller: Die wichtigsten eScooter-Regeln im \u00dcberblick<\/a><br \/>\n<a href=\"https:\/\/borncity.eu\/escooter\/archive\/94\">Betrunken eScooter fahren: F\u00fchrerschein weg!<\/a><br \/>\n<a href=\"https:\/\/borncity.eu\/escooter\/archive\/204\">Jung und verliebt: E-Roller zu zweit fahren<\/a><br \/>\n<a href=\"https:\/\/borncity.eu\/escooter\/archive\/1864\">Nicht versicherte eScooter, ein Problem, sagt die Polizei<\/a><br \/>\n<a href=\"https:\/\/borncity.eu\/escooter\/archive\/2430\">Ups: E-Scooter ohne Zulassung mit gef\u00e4lschtem Kennzeichen \u2013 strafbar?<\/a><br \/>\n<a href=\"https:\/\/borncity.eu\/escooter\/archive\/146\">Verkehrsverb\u00e4nde und ADAC warnen vor eScooter-Risiken<\/a><br \/>\n<a href=\"https:\/\/borncity.eu\/escooter\/archive\/199\">Wie praxistauglich sind eScooter eigentlich?<\/a><br \/>\n<a href=\"https:\/\/borncity.eu\/escooter\/archive\/700\">M\u00fcnchen: eScooter-Brand, Gro\u00dfeinsatz der Feuerwehr, 10 Verletzte<\/a><br \/>\n<a href=\"https:\/\/borncity.eu\/escooter\/archive\/342\">Risiko: eScooter-Akku entz\u00fcndet sich in Dresden<\/a><br \/>\n<a href=\"https:\/\/borncity.eu\/escooter\/archive\/733\">Essen: eScooter brennt in Hausflur<\/a><br \/>\n<a href=\"https:\/\/borncity.eu\/escooter\/archive\/2571\">Achtung: E-Scooter hinterl\u00e4sst unsch\u00f6ne Flecken auf Parkett<\/a><br \/>\n<a href=\"https:\/\/borncity.eu\/escooter\/archive\/2691\">eScooter ePowerFun ePF-1: Rad eiert \u2026<\/a><br \/>\n<a href=\"https:\/\/borncity.eu\/escooter\/archive\/2349\">Achtung bei eScooter Firmware-Update f\u00fcr ePF-1<\/a><br \/>\n<a href=\"https:\/\/borncity.eu\/escooter\/archive\/2369\">Mit eScooter liegen geblieben? Wie zuverl\u00e4ssig sind die Dinger?<\/a><br \/>\n<a href=\"https:\/\/borncity.eu\/escooter\/archive\/3127\" rel=\"bookmark\">eScooter: Merkw\u00fcrdiger Gel-Rand am Hinterrad<\/a><br \/>\n<a href=\"https:\/\/borncity.eu\/escooter\/archive\/2668\">Fertigungsm\u00e4ngel und Probleme bei gekauften E-Scootern?<\/a><br \/>\n<a href=\"https:\/\/borncity.eu\/escooter\/archive\/2634\">Elektronik-Ausf\u00e4lle bei E-Scootern \u2013 Einzelfall oder breites Problem<\/a><br \/>\n<a href=\"https:\/\/borncity.eu\/escooter\/archive\/2632\">Verarbeitungsqualit\u00e4t bei E-Scootern: Kennzeichenhalter abgebrochen<\/a><br \/>\n<a href=\"https:\/\/borncity.ez\/escooter\/archive\/3310\">Test Vmax VX2 Extreme<\/a><\/p>\n","protected":false},"excerpt":{"rendered":"<p>Das Thema ist seit Ende Juni 2025 bekannt, ich greife es jetzt mal kurz auf. Der deutsche Verkehrsminister Schmider will die Klagen von Kommunen und Fu\u00dfg\u00e4ngern durch eine Novelle der Regelungen f\u00fcr E-Scooter ab Fahrr\u00e4der angleichen. In der Diskussion reduziert &hellip; <a href=\"https:\/\/borncity.eu\/escooter\/archive\/6130\">Weiterlesen <span class=\"meta-nav\">&rarr;<\/span><\/a><\/p>\n","protected":false},"author":1,"featured_media":0,"comment_status":"closed","ping_status":"open","sticky":false,"template":"","format":"standard","meta":{"footnotes":""},"categories":[5,41],"tags":[7,14],"class_list":["post-6130","post","type-post","status-publish","format-standard","hentry","category-e-roller","category-recht","tag-escooter","tag-recht"],"_links":{"self":[{"href":"https:\/\/borncity.eu\/escooter\/wp-json\/wp\/v2\/posts\/6130","targetHints":{"allow":["GET"]}}],"collection":[{"href":"https:\/\/borncity.eu\/escooter\/wp-json\/wp\/v2\/posts"}],"about":[{"href":"https:\/\/borncity.eu\/escooter\/wp-json\/wp\/v2\/types\/post"}],"author":[{"embeddable":true,"href":"https:\/\/borncity.eu\/escooter\/wp-json\/wp\/v2\/users\/1"}],"replies":[{"embeddable":true,"href":"https:\/\/borncity.eu\/escooter\/wp-json\/wp\/v2\/comments?post=6130"}],"version-history":[{"count":3,"href":"https:\/\/borncity.eu\/escooter\/wp-json\/wp\/v2\/posts\/6130\/revisions"}],"predecessor-version":[{"id":6462,"href":"https:\/\/borncity.eu\/escooter\/wp-json\/wp\/v2\/posts\/6130\/revisions\/6462"}],"wp:attachment":[{"href":"https:\/\/borncity.eu\/escooter\/wp-json\/wp\/v2\/media?parent=6130"}],"wp:term":[{"taxonomy":"category","embeddable":true,"href":"https:\/\/borncity.eu\/escooter\/wp-json\/wp\/v2\/categories?post=6130"},{"taxonomy":"post_tag","embeddable":true,"href":"https:\/\/borncity.eu\/escooter\/wp-json\/wp\/v2\/tags?post=6130"}],"curies":[{"name":"wp","href":"https:\/\/api.w.org\/{rel}","templated":true}]}}