{"id":868,"date":"2019-10-16T10:53:44","date_gmt":"2019-10-16T08:53:44","guid":{"rendered":"https:\/\/borncity.com\/escooter\/?p=868"},"modified":"2019-10-16T10:55:55","modified_gmt":"2019-10-16T08:55:55","slug":"tv-fordert-sperre-fr-leih-escooter-bei-gltte","status":"publish","type":"post","link":"https:\/\/borncity.eu\/escooter\/archive\/868","title":{"rendered":"T&Uuml;V fordert Sperre f&uuml;r Leih-eScooter bei Gl&auml;tte"},"content":{"rendered":"<p><img loading=\"lazy\" decoding=\"async\" title=\"eScooter\" style=\"float: left; margin: 0px 10px 0px 0px; display: inline\" alt=\"eScooter\" src=\"https:\/\/borncity.eu\/escooter\/wp-content\/uploads\/2023\/05\/mDHY4zR-300x221.jpg\" width=\"129\" align=\"left\" height=\"95\">Der T\u00dcV-Verband macht sich Gedanken um die Sicherheit von E-Tretroller-Fahrern im Winter. Gerade bei Gl\u00e4tte sind die Fahrzeuge brandgef\u00e4hrlich. Der Verband fordert daher, dass Verleihfirmen die E-Tretroller bei Gl\u00e4tte f\u00fcr Kunden sperren und auf Gefahren hinweisen.<\/p>\n<p><!--more--><\/p>\n<p>Bisher hatten wir ja lediglich Sommerbetrieb, denn E-Tretroller sind in Deutschland ja erst seit dem 15. Juni 2019 zugelassen. Nun kommen aber die dunklen Herbst- und Wintermonate mit Gl\u00e4tte durch Schnee und Eis \u2013 selbst fallendes Laub kann auf Stra\u00dfen f\u00fcr glatte Verh\u00e4ltnisse sorgen. Autofahrer sollten das wissen, werden Sie bei der F\u00fchrerscheinpr\u00fcfung doch darauf hingewiesen. <\/p>\n<p>Bei eScooter-Fahrern herrscht dagegen bez\u00fcglich Unfallgefahren 'naive Sorglosigkeit', gepaart mit R\u00fccksichtslosigkeit. Bei glatten Stra\u00dfen gef\u00e4hrden viele eScooter-Piloten durch die potentielle Sturzgefahr daher nicht nur sich selbst, sondern auch andere Verkehrsteilnehmer (Fu\u00dfg\u00e4nger, Radfahrer und auch Autofahrer).<\/p>\n<p><img decoding=\"async\" title=\"E-Tretroller zur Ausleihe\" alt=\"E-Tretroller zur Ausleihe\" src=\"https:\/\/borncity.eu\/escooter\/wp-content\/uploads\/2023\/05\/3AjGIe9.jpg\"><br \/>(eScooter, Symbolbild, Quelle: Pexels, <a href=\"https:\/\/www.pexels.com\/photo\/black-kick-scooters-parked-near-body-of-water-2547627\/\">Magda Ehlers<\/a>, freie Nutzung) <\/p>\n<p>Der T\u00dcV-Verband hat jetzt, vor Beginn der kalten Jahreszeit, die Anbieter von E-Tretrollern aufgefordert, ihre Mietangebote bei schlechtem Wetter zu sperren. \"Bei starker Gl\u00e4tte sollten Vermieter ihre E-Scooter umgehend sperren, um Unf\u00e4lle zu vermeiden\", sagte der Mobilit\u00e4ts-Experte des T\u00dcV-Verbandes, Frank Schneider, der Deutschen Presse-Agentur.  <\/p>\n<p>Das w\u00e4re f\u00fcr eScooter-Verleiher kein Problem, da man eine Smartphone-App zum Entsperren der Fahrzeuge bei der Ausleihe ben\u00f6tigt. Anbieter k\u00f6nnen daher die Ausleihe kurzfristig sperren. Der T\u00dcV-Verband regt zudem an, dass die Anbieter die Kunden auf die Gefahren der kalten Jahreszeit hinweisen sollten.  <\/p>\n<p>Der T\u00dcV-Verband h\u00e4lt es au\u00dferdem (wegen der schon aufgetretenen, schweren Unf\u00e4lle) f\u00fcr sinnvoll, wenn eScooter-Verleiher ihren Kunden Helme zur Verf\u00fcgung stellen w\u00fcrden. Bisher signalisieren die eScooter-Verleiher, dass sie die Fahrzeugflotte auch im Winter anbieten, aber die Anzahl der eScooter reduzieren wollen. (<a href=\"https:\/\/www.heise.de\/newsticker\/meldung\/TUeV-Verband-E-Scooter-Firmen-sollen-E-Tretroller-bei-Glaette-sperren-4557681.html\" target=\"_blank\" rel=\"noopener noreferrer\">via<\/a>) <\/p>\n<p><strong>\u00c4hnliche Artikel<\/strong><br \/><a href=\"https:\/\/borncity.eu\/escooter\/archive\/82\">E-Roller, was man \u00fcber eScooter wissen muss<\/a><br \/><a href=\"https:\/\/borncity.eu\/escooter\/archive\/137\">E-Roller: Die wichtigsten eScooter-Regeln im \u00dcberblick<\/a><br \/><a href=\"https:\/\/borncity.eu\/escooter\/archive\/113\">eScooter: Diese Verst\u00f6\u00dfe sind der Polizei aufgefallen<\/a><br \/><a href=\"https:\/\/borncity.eu\/escooter\/archive\/204\">Jung und verliebt: E-Roller zu zweit fahren<\/a><br \/><a href=\"https:\/\/borncity.eu\/escooter\/archive\/283\">Warnung des Sozialverbands VdK vor E-Rollern<\/a><br \/><a href=\"https:\/\/borncity.eu\/escooter\/archive\/567\">Kassen\u00e4rztlicher Chef fordert eScooter-Verbot<\/a><br \/><a href=\"https:\/\/borncity.eu\/escooter\/archive\/94\">Betrunken eScooter fahren: F\u00fchrerschein weg!<\/a><br \/><a href=\"https:\/\/borncity.eu\/escooter\/archive\/137\">E-Roller: Die wichtigsten eScooter-Regeln im \u00dcberblick<\/a><br \/><a href=\"https:\/\/borncity.eu\/escooter\/archive\/146\">Verkehrsverb\u00e4nde und ADAC warnen vor eScooter-Risiken<\/a><br \/><a href=\"https:\/\/borncity.eu\/escooter\/archive\/520\">eScooter: Falsch abgestellt, Risiko f\u00fcr blinde Menschen<\/a><br \/><a href=\"https:\/\/borncity.eu\/escooter\/archive\/767\">Was passiert mit den Leih-eScootern im Winter?<\/a><\/p>\n","protected":false},"excerpt":{"rendered":"<p>Der T\u00dcV-Verband macht sich Gedanken um die Sicherheit von E-Tretroller-Fahrern im Winter. Gerade bei Gl\u00e4tte sind die Fahrzeuge brandgef\u00e4hrlich. Der Verband fordert daher, dass Verleihfirmen die E-Tretroller bei Gl\u00e4tte f\u00fcr Kunden sperren und auf Gefahren hinweisen.<\/p>\n","protected":false},"author":1,"featured_media":0,"comment_status":"open","ping_status":"open","sticky":false,"template":"","format":"standard","meta":{"footnotes":""},"categories":[5,26],"tags":[7,22],"class_list":["post-868","post","type-post","status-publish","format-standard","hentry","category-e-roller","category-risiko","tag-escooter","tag-risiko"],"_links":{"self":[{"href":"https:\/\/borncity.eu\/escooter\/wp-json\/wp\/v2\/posts\/868","targetHints":{"allow":["GET"]}}],"collection":[{"href":"https:\/\/borncity.eu\/escooter\/wp-json\/wp\/v2\/posts"}],"about":[{"href":"https:\/\/borncity.eu\/escooter\/wp-json\/wp\/v2\/types\/post"}],"author":[{"embeddable":true,"href":"https:\/\/borncity.eu\/escooter\/wp-json\/wp\/v2\/users\/1"}],"replies":[{"embeddable":true,"href":"https:\/\/borncity.eu\/escooter\/wp-json\/wp\/v2\/comments?post=868"}],"version-history":[{"count":0,"href":"https:\/\/borncity.eu\/escooter\/wp-json\/wp\/v2\/posts\/868\/revisions"}],"wp:attachment":[{"href":"https:\/\/borncity.eu\/escooter\/wp-json\/wp\/v2\/media?parent=868"}],"wp:term":[{"taxonomy":"category","embeddable":true,"href":"https:\/\/borncity.eu\/escooter\/wp-json\/wp\/v2\/categories?post=868"},{"taxonomy":"post_tag","embeddable":true,"href":"https:\/\/borncity.eu\/escooter\/wp-json\/wp\/v2\/tags?post=868"}],"curies":[{"name":"wp","href":"https:\/\/api.w.org\/{rel}","templated":true}]}}