{"id":927,"date":"2019-10-25T00:46:00","date_gmt":"2019-10-24T22:46:00","guid":{"rendered":"https:\/\/borncity.com\/escooter\/?p=927"},"modified":"2025-05-13T13:06:15","modified_gmt":"2025-05-13T11:06:15","slug":"prag-escooter-memorandum-gekndigt","status":"publish","type":"post","link":"https:\/\/borncity.eu\/escooter\/archive\/927","title":{"rendered":"Prag: eScooter-Memorandum gek&uuml;ndigt"},"content":{"rendered":"<p><img loading=\"lazy\" decoding=\"async\" title=\"eScooter\" style=\"float: left; margin: 0px 10px 0px 0px; display: inline\" alt=\"eScooter\" src=\"https:\/\/borncity.eu\/escooter\/wp-content\/uploads\/2023\/05\/mDHY4zR-300x221.jpg\" width=\"129\" align=\"left\" height=\"95\">Auch in Prag scheint es \u00c4rger mit Elektro-Tretroller (eScooter), die von Verleihern in St\u00e4dten aufgestellt werden, zu geben. Die Stadt k\u00fcndigte jetzt wohl ein Memorandum mit dem eScooter-Verleiher Lime, der in der Stadt aktiv ist. <\/p>\n<p><!--more--><\/p>\n<p>Letztens gab es einen <a href=\"https:\/\/borncity.eu\/escooter\/archive\/327\">E-Roller: Krisengipfel in Berlin<\/a> und heute findet in Wien ein 'Gespr\u00e4ch' (Gipfel mag man es nicht nennen) zwischen Stadt und Verleihfirmen statt (siehe <a href=\"https:\/\/borncity.eu\/escooter\/?p=916&amp;preview=true\">Wien: eScooter-Gipfel soll Ordnung bringen<\/a>). Aber auch in Prag ist 'die Kacke wohl am Dampfen. <\/p>\n<blockquote class=\"twitter-tweet\">\n<p lang=\"de\" dir=\"ltr\">Prag vs. LIME <a href=\"https:\/\/t.co\/lIvEUeEMtv\">https:\/\/t.co\/lIvEUeEMtv<\/a> erstes Memorandum gek\u00fcndigt #escooter #limescooter<\/p>\n<p>\u2014 Kevin Lauert (@kvnlrt) October 22, 2019<\/p><\/blockquote>\n<p>Die Stadtverordneten von Prag haben wohl bereits am Montag ein Memorandum, das mit dem Vermieter Lime abgeschlossen worden war, gek\u00fcndigt. Der Grund: Das US-Unternehmen habe wichtige Punkte des Papiers missachtet. Unter anderem konnte Lime nicht sicherstellen, dass die Roller ordnungsgem\u00e4\u00df geparkt werden. <\/p>\n<p><img decoding=\"async\" title=\"E-Tretroller zur Ausleihe\" alt=\"E-Tretroller zur Ausleihe\" src=\"https:\/\/borncity.eu\/escooter\/wp-content\/uploads\/2023\/05\/3AjGIe9.jpg\"><br \/>(eScooter, Symbolbild, Quelle: Pexels, <a href=\"https:\/\/www.pexels.com\/photo\/black-kick-scooters-parked-near-body-of-water-2547627\/\">Magda Ehlers<\/a>, freie Nutzung) <\/p>\n<p>eScooter werden seit einem Jahr in Prag vermietet. Die Aufhebung des Memorandums zwischen Prag und Lime bedeutet jedoch kein Verbot der E-Scooter auf dem Gebiet der Stadt. Denn Lime will mit der Stadt \u00fcber ein neues Memorandum verhandeln. Also auch da m\u00e4chtig \u00c4rger und viele Beschwerden \u00fcber eScooter. <\/p>\n<p><strong>\u00c4hnliche Artikel<br \/><\/strong><a href=\"https:\/\/borncity.eu\/escooter\/archive\/82\">E-Roller, was man \u00fcber eScooter wissen muss<\/a><br \/><a href=\"https:\/\/borncity.eu\/escooter\/archive\/137\">E-Roller: Die wichtigsten eScooter-Regeln im \u00dcberblick<\/a><br \/><a href=\"https:\/\/borncity.eu\/escooter\/archive\/283\">Warnung des Sozialverbands VdK vor E-Rollern<\/a><br \/><a href=\"https:\/\/borncity.eu\/escooter\/archive\/420\">eScooter: Neue Regeln zwischen Kommunen und Verleiher<\/a><br \/><a href=\"https:\/\/borncity.eu\/escooter\/archive\/146\">Verkehrsverb\u00e4nde und ADAC warnen vor eScooter-Risiken<\/a><br \/><a href=\"https:\/\/borncity.eu\/escooter\/archive\/113\">eScooter: Diese Verst\u00f6\u00dfe sind der Polizei aufgefallen<\/a><br \/><a href=\"https:\/\/borncity.eu\/escooter\/archive\/900\">Luxemburg-Stadt: Aus f\u00fcr die Leih-eScooter?<\/a><br \/><a href=\"https:\/\/borncity.eu\/escooter\/archive\/491\">eScooter-Kritik von Deutsche Umwelthilfe und Umweltbundesamt<\/a><br \/><a href=\"https:\/\/borncity.eu\/escooter\/archive\/152\">eScooter: Paris will reglementieren<\/a><br \/><a href=\"https:\/\/borncity.eu\/escooter\/archive\/526\">Tel Aviv will eScooter verbieten<\/a><br \/><a href=\"https:\/\/borncity.eu\/escooter\/archive\/625\">Malaga verbannt eScooter aus Fu\u00dfg\u00e4ngerzonen<\/a><br \/><a href=\"https:\/\/borncity.eu\/escooter\/archive\/735\">Wiens B\u00fcrgermeister: eScooter weg von B\u00fcrgersteigen!<\/a><\/p>\n","protected":false},"excerpt":{"rendered":"<p>Auch in Prag scheint es \u00c4rger mit Elektro-Tretroller (eScooter), die von Verleihern in St\u00e4dten aufgestellt werden, zu geben. Die Stadt k\u00fcndigte jetzt wohl ein Memorandum mit dem eScooter-Verleiher Lime, der in der Stadt aktiv ist.<\/p>\n","protected":false},"author":1,"featured_media":0,"comment_status":"open","ping_status":"open","sticky":false,"template":"","format":"standard","meta":{"footnotes":""},"categories":[5,41],"tags":[7],"class_list":["post-927","post","type-post","status-publish","format-standard","hentry","category-e-roller","category-recht","tag-escooter"],"_links":{"self":[{"href":"https:\/\/borncity.eu\/escooter\/wp-json\/wp\/v2\/posts\/927","targetHints":{"allow":["GET"]}}],"collection":[{"href":"https:\/\/borncity.eu\/escooter\/wp-json\/wp\/v2\/posts"}],"about":[{"href":"https:\/\/borncity.eu\/escooter\/wp-json\/wp\/v2\/types\/post"}],"author":[{"embeddable":true,"href":"https:\/\/borncity.eu\/escooter\/wp-json\/wp\/v2\/users\/1"}],"replies":[{"embeddable":true,"href":"https:\/\/borncity.eu\/escooter\/wp-json\/wp\/v2\/comments?post=927"}],"version-history":[{"count":3,"href":"https:\/\/borncity.eu\/escooter\/wp-json\/wp\/v2\/posts\/927\/revisions"}],"predecessor-version":[{"id":5022,"href":"https:\/\/borncity.eu\/escooter\/wp-json\/wp\/v2\/posts\/927\/revisions\/5022"}],"wp:attachment":[{"href":"https:\/\/borncity.eu\/escooter\/wp-json\/wp\/v2\/media?parent=927"}],"wp:term":[{"taxonomy":"category","embeddable":true,"href":"https:\/\/borncity.eu\/escooter\/wp-json\/wp\/v2\/categories?post=927"},{"taxonomy":"post_tag","embeddable":true,"href":"https:\/\/borncity.eu\/escooter\/wp-json\/wp\/v2\/tags?post=927"}],"curies":[{"name":"wp","href":"https:\/\/api.w.org\/{rel}","templated":true}]}}