{"id":576,"date":"2024-04-02T18:08:47","date_gmt":"2024-04-02T16:08:47","guid":{"rendered":"https:\/\/borncity.com\/reisen\/?p=576"},"modified":"2024-07-26T12:05:50","modified_gmt":"2024-07-26T10:05:50","slug":"lifestyle-ressort-zum-kurfuersten-bernkastel-kues","status":"publish","type":"post","link":"https:\/\/borncity.eu\/reisen\/2024\/04\/02\/lifestyle-ressort-zum-kurfuersten-bernkastel-kues\/","title":{"rendered":"Lifestyle Ressort \"Zum Kurf\u00fcrsten\" Bernkastel-Kues"},"content":{"rendered":"<p><img loading=\"lazy\" decoding=\"async\" class=\"alignleft\" src=\"https:\/\/i.postimg.cc\/YSDtSyj8\/image.png\" alt=\"Wellness-Hotel zum Kurf\u00fcrsten Bernkastel-Kues\" width=\"166\" height=\"143\" \/>Auf dem Kuseler-Plateau des Moselst\u00e4dtchen Bernkastel-Kues gibt es nicht nur Reha-Einrichtungen, sondern auch das Livestyle Ressort \"Zum Kurf\u00fcrsten\". Ich habe dieses Wellness-Hotel bei einem Kurzaufenthalt im M\u00e4rz 2024 einige Tage besucht. Hier einige Eindr\u00fccke aus diesem Haus, das \u00fcber <a href=\"https:\/\/zum-kurfuersten.de\/\" target=\"_blank\" rel=\"nofollow noopener\">diese Webseite<\/a> gebucht werden kann.<!--more--><\/p>\n<h2>Zum Kurf\u00fcrsten<\/h2>\n<p><img loading=\"lazy\" decoding=\"async\" src=\"https:\/\/vg09.met.vgwort.de\/na\/555227d5cbf041f1bdeb887f90abbb88\" alt=\"\" width=\"1\" height=\"1\" \/>Das Haus hat bereits eine l\u00e4ngere Geschichte, die bis zum Jahr 2001 zur\u00fcck reicht, als Heiner Buckermann ein bestehendes Hotel kaufte. Im Laufe der Jahre wurde das Objekt dann schrittweise in ein Wellness-Hotel umgebaut.<\/p>\n<p><img loading=\"lazy\" decoding=\"async\" class=\"alignnone\" title=\"Wellness-Hotel zum Kurf\u00fcrsten Bernkastel-Kues\" src=\"https:\/\/i.postimg.cc\/YSDtSyj8\/image.png\" alt=\"Wellness-Hotel zum Kurf\u00fcrsten Bernkastel-Kues\" width=\"640\" height=\"550\" \/><br \/>\nWellness-Hotel \"Zum Kurf\u00fcrsten\" Bernkastel-Kues, Quelle: Zum Kurf\u00fcrsten<\/p>\n<p>Inzwischen besteht das Objekt \"Zum Kurf\u00fcrsten\" aus einem Haupthaus und einem Anbau mit dem Restaurant Cook &amp; Style sowie diversen Wellness-Bereichen. Insgesamt stehen 95 Zimmer mit Bad oder Dusche\/WC, Telefon, Sat.-TV (Flatscreen), Radio, Minibar, Safe, WLAN zur Verf\u00fcgung. Auf Wunsch werden Bademantel und Badeslipper auf den Zimmern gestellt.<\/p>\n<p>Die Anreise d\u00fcrfte mit eigenem PKW stattfinden, wof\u00fcr beim Hotel ausreichend kostenlose Parkpl\u00e4tze zur Verf\u00fcgung stehen. Das Objekt befindet sich oberhalb der Mosel, auf dem Kuseler-Plateau, Amselweg 1, 54470 Bernkastel-Kues. Wer nach Bernkaste-Kues will, kann im Hotel einen Shuttle-Service erfragen.<\/p>\n<h2>Zimmer und Kulinarik<\/h2>\n<p>Es stehen verschiedene Zimmerkategorien zur Verf\u00fcgung, die auf <a href=\"https:\/\/zum-kurfuersten.de\/wellnessurlaub\/stylische-zimmer\/\" target=\"_blank\" rel=\"nofollow noopener\">dieser Seite<\/a> gebucht werden k\u00f6nnen. Hier empfiehlt sich f\u00fcr Erstbesucher eine der Schnupper-Pauschalen f\u00fcr zwei oder drei oder vier N\u00e4chte.<\/p>\n<p>Ich hatte ein Home Doppelzimmer (26 m2) im Haupthaus mit ausreichend Platz und Bad gebucht. Das Hotelzimmer war ansprechend ausgestattet, Bademantel und Badeslipper wurden gestellt.<\/p>\n<p>Bez\u00fcglich der Kulinarik wurde ein reichhaltiges Fr\u00fchst\u00fccksbuffet mit Bioprodukten im Nachbargeb\u00e4ude im Restaurant Cook &amp; Style geboten, welches keine W\u00fcnsche offen l\u00e4sst.<\/p>\n<p>Nachmittags bestand die M\u00f6glichkeit, von 14:00 Uhr bis 16.00 Uhr einen weiteren Snack (u.a. mit Obst, Kuchen, und herzhaften H\u00e4ppchen) zu sich zu nehmen. Etwas gew\u00f6hnungsbed\u00fcrftig empfand ich pers\u00f6nlich, dass der Nachmittags-Snack im Restaurantbereich von G\u00e4sten auch im Bademantel zu sich genommen werden konnte. Das ist zwar naheliegend, weil G\u00e4ste aus dem Wellnessbereich ohne umkleiden diesen Snack im Restaurant einnehmen k\u00f6nnen. Meiner Beobachtung nach waren viele G\u00e4ste aber in Stra\u00dfenkleidung im Restaurant unterwegs.<\/p>\n<p>Abends wurde ein 4-Gang-Abendmen\u00fc im Restaurant Cook &amp; Style gereicht. Hier kann der Gast aus verschiedenen Men\u00fcs w\u00e4hlen. Mein Urteil: Es war in Ordnung, aber auch kein wirkliches Highlight. Manche G\u00e4nge waren sehr gut, andere eher durchschnittlich. Anstatt der Vorspeisen empfiehlt es sich, am Salatbuffet etwas auszusuchen.<\/p>\n<h2>Wellness-Bereiche<\/h2>\n<p>Der Wellnessbereich von 4000 m\u00b2 umfasst mehrere Pools (Panoramapool mit Whirlpool, Wasserfall und Gegenstromanlage, beheizter Au\u00dfenpool 32\u00b0C, Attraktionspool 36\u00b0C) sowie einen Sauna-Bereich mit Erdsauna, Tageslichtdampfbad, Waldinfrarotsauna, chinesische Kr\u00e4utersauna, Aroma-Dampfbad, Himalaya-Salz-Sauna, Energie-Natur-Sauna, Chinesische H\u00f6lle (95\u00b0C), Erlebnisfelsengrotte mit Whirlwannen, Erlebnisdusche, Kneippteich, und Infrarotliegen sowie Wasserbetten mit Entertainmentanlage.<\/p>\n<p>Es gibt zudem eine Dachterrasse, ein Poolhaus-Wintergarten, ein LadySpa und einen Badeteich. Letzteren habe ich nicht genutzt, die Pools waren zum Schwimmen und Relaxen in Ordnung. Im Saunabereich habe ich aus gesundheitlichen Gr\u00fcnden nur das Dampfbad genutzt.<\/p>\n<p>Weiterhin gibt es noch einen kleinen Fitness-Raum mit Steppern, Laufb\u00e4ndern, Fahrrad-Ergometern und Multifunktionstrainer sowie Hantelbank. Bei meinem Aufenthalt waren wir nur zu Dritt, ich gehe davon aus, dass der Fitness-Raum eher seltener von den G\u00e4sten genutzt wird, da diese eher im Wellness-Bereich unterwegs sind.<\/p>\n<p>Im Wellness-Bereich lassen sich neben Pools und Sauna verschiedene Anwendungen gegen Zusatzpreis buchen. In der von mir gebuchten Pauschale war eine Hydrojet Massage mit anschlie\u00dfendem Glas Prosecco (Preis 98 Euro) inbegriffen.<\/p>\n<p>Im Wellnessbereich sind ausreichend Handt\u00fccher und Liegen vorhanden. Es gibt auch Wasserspender sowie die M\u00f6glichkeit, weitere Getr\u00e4nke, ggf. gegen Aufpreis, zu erhalten. Hier fand ich das Angebot in Ordnung &#8211; die Ruher\u00e4ume boten einen sch\u00f6nen Kontrast zu Sauna oder Pool, um sich zu relaxen.<\/p>\n<p>Was ich pers\u00f6nlich etwas st\u00f6rend empfand, ist der Umstand, dass die Architektur der Anlage zu sehr verwinkelten G\u00e4ngen f\u00fchrt, \u00fcber die man den Spa-Bereich, die Saunaumgebung oder den Fitness-Raum erreicht. Am ersten Tag mussten wir mehrfach fragen, wie man zu diesen oder jenem Bereich gelangt, und es gab \u00f6fters die Situation \"durch welchen Gang geht es jetzt zum Zimmer zur\u00fcck\". Aber am zweiten Tag war die Orientierung kein Problem mehr.<\/p>\n<p>Ich erspare mir an dieser Stelle Fotos zu ver\u00f6ffentlichen, denn auf <a href=\"https:\/\/zum-kurfuersten.de\/\" target=\"_blank\" rel=\"nofollow noopener\">der Webseite<\/a> des Objekts lassen sich die Details der Zimmer, der Wellness-Bereiche, der Restaurants etc. in Bild und Video abrufen.<\/p>\n<p>Abschlie\u00dfender Eindruck eines dreit\u00e4gigen Aufenthalts: Es war kein Highlight, aber insgesamt in Ordnung. Mehr als drei Tage w\u00fcrde ich aber eher nicht in der Anlage verweilen wollen. Allerdings bin ich auch nicht so wirklich der Typ, der in Wellness aufgeht.<\/p>\n<blockquote><p>Offenlegung: Der Aufenthalt im Lifestyle Ressort \"Zum Kurf\u00fcrsten\" sowie die Anfahrt wurde von mir gezahlt, wobei ich aber ein Pauschal-Arrangement gebucht hatte. Von Seiten des Betreibers wurden mir keine zus\u00e4tzlichen Verg\u00fcnstigungen angeboten oder von mir angefragt.<\/p><\/blockquote>\n","protected":false},"excerpt":{"rendered":"<p>Auf dem Kuseler-Plateau des Moselst\u00e4dtchen Bernkastel-Kues gibt es nicht nur Reha-Einrichtungen, sondern auch das Livestyle Ressort \"Zum Kurf\u00fcrsten\". Ich habe dieses Wellness-Hotel bei einem Kurzaufenthalt im M\u00e4rz 2024 einige Tage besucht. Hier einige Eindr\u00fccke aus diesem Haus, das \u00fcber diese &hellip; <a href=\"https:\/\/borncity.eu\/reisen\/2024\/04\/02\/lifestyle-ressort-zum-kurfuersten-bernkastel-kues\/\">Weiterlesen <span class=\"meta-nav\">&rarr;<\/span><\/a><\/p>\n","protected":false},"author":1,"featured_media":0,"comment_status":"open","ping_status":"closed","sticky":false,"template":"","format":"standard","meta":{"footnotes":""},"categories":[45],"tags":[46,47],"class_list":["post-576","post","type-post","status-publish","format-standard","hentry","category-mosel","tag-bernkastel","tag-mosel"],"_links":{"self":[{"href":"https:\/\/borncity.eu\/reisen\/wp-json\/wp\/v2\/posts\/576","targetHints":{"allow":["GET"]}}],"collection":[{"href":"https:\/\/borncity.eu\/reisen\/wp-json\/wp\/v2\/posts"}],"about":[{"href":"https:\/\/borncity.eu\/reisen\/wp-json\/wp\/v2\/types\/post"}],"author":[{"embeddable":true,"href":"https:\/\/borncity.eu\/reisen\/wp-json\/wp\/v2\/users\/1"}],"replies":[{"embeddable":true,"href":"https:\/\/borncity.eu\/reisen\/wp-json\/wp\/v2\/comments?post=576"}],"version-history":[{"count":4,"href":"https:\/\/borncity.eu\/reisen\/wp-json\/wp\/v2\/posts\/576\/revisions"}],"predecessor-version":[{"id":578,"href":"https:\/\/borncity.eu\/reisen\/wp-json\/wp\/v2\/posts\/576\/revisions\/578"}],"wp:attachment":[{"href":"https:\/\/borncity.eu\/reisen\/wp-json\/wp\/v2\/media?parent=576"}],"wp:term":[{"taxonomy":"category","embeddable":true,"href":"https:\/\/borncity.eu\/reisen\/wp-json\/wp\/v2\/categories?post=576"},{"taxonomy":"post_tag","embeddable":true,"href":"https:\/\/borncity.eu\/reisen\/wp-json\/wp\/v2\/tags?post=576"}],"curies":[{"name":"wp","href":"https:\/\/api.w.org\/{rel}","templated":true}]}}