{"id":66,"date":"2014-04-20T11:13:00","date_gmt":"2014-04-20T11:13:00","guid":{"rendered":"http:\/\/borncity.com\/reisen\/?p=66"},"modified":"2025-09-30T11:31:56","modified_gmt":"2025-09-30T09:31:56","slug":"bad-orb-main-kinzig-kreis-spessart","status":"publish","type":"post","link":"https:\/\/borncity.eu\/reisen\/2014\/04\/20\/bad-orb-main-kinzig-kreis-spessart\/","title":{"rendered":"Bad Orb (Main-Kinzig-Kreis) \/ Spessart"},"content":{"rendered":"<p><img loading=\"lazy\" decoding=\"async\" style=\"float: left; margin: 0px 10px 0px 0px; display: inline;\" src=\"https:\/\/borncity.eu\/reisen\/wp-content\/uploads\/2023\/05\/ZulmBqH.png\" width=\"109\" height=\"124\" align=\"left\" \/>Die Kurstadt Bad Orb liegt im Main-Kinzig-Kreis (Hessen) an den H\u00e4ngen des Naturpark Spessart. Neben Reha-Einrichtungen z\u00e4hlen die Toskana Therme, der Kurpark sowie das Gradierwerk zu den erw\u00e4hnenswerten Locations. Auch die Altstadt von Bad Orb, samt \"Klein Venedig\", ist ganz h\u00fcbsch und sehenswert. F\u00fcr Urlauber bietet der Spessart zudem Gelegenheit f\u00fcr zahlreiche Wanderausfl\u00fcge. Hier einige Infos vom letzten Besuch in Bad Orb.<\/p>\n<p><!--more--><\/p>\n<p><img loading=\"lazy\" decoding=\"async\" src=\"https:\/\/ssl-vg03.met.vgwort.de\/na\/a1058f88bd7245b981a400342eb24440\" alt=\"\" width=\"1\" height=\"1\" \/>Einige Informationen zu Bad Orb finden sich auf <a href=\"https:\/\/de.wikipedia.org\/wiki\/Bad_Orb\" target=\"_blank\" rel=\"noopener noreferrer\">dieser Wikipedia-Seite<\/a> \u2013 die <a href=\"http:\/\/www.bad-orb.info\/\" target=\"_blank\" rel=\"noopener noreferrer\">Tourismus-Seite<\/a> bietet Links zu Veranstaltungen, Angeboten und \u00dcbernachtungsm\u00f6glichkeiten. Eine Unterkunftssuche ist auch \u00fcber <a href=\"http:\/\/www3.toubiz.de\/badorb\/default\/result.php\" target=\"_blank\" rel=\"noopener noreferrer\">diese Webseite<\/a> m\u00f6glich. F\u00fcr Wanderfreunde ist die Infoseite <a href=\"https:\/\/web.archive.org\/web\/20150924045031\/http:\/\/www.bad-orb.info\/Sport\/Premiumwandern-in-Bad-Orb2\" target=\"_blank\" rel=\"noopener noreferrer\">Premiumwandern in Bad Orb<\/a> sicherlich ganz interessant. Geschichtliches tr\u00e4gt der Geschichtsverein Bad Orb <a href=\"https:\/\/web.archive.org\/web\/20160726200117\/http:\/\/www.geschichtsverein-bad-orb.de:80\/950%20Jahre%20Bad%20Orb.html\" target=\"_blank\" rel=\"noopener noreferrer\">auf dieser Webseite<\/a> zusammen.<\/p>\n<p>Von Frankfurt, Fulda oder Aschaffenburg sowie W\u00fcrzburg ist es teilweise noch nicht mal eine einst\u00fcndige Autofahrt entfernt.<\/p>\n<p><a href=\"https:\/\/www.google.de\/maps\/dir\/Frankfurt+am+Main\/Bad+Orb\/@50.1473711,8.7346216,10z\/data=!3m1!4b1!4m13!4m12!1m5!1m1!1s0x47bd096f477096c5:0x422435029b0c600!2m2!1d8.6821267!2d50.1109221!1m5!1m1!1s0x47bd2bfc8e5a8d51:0x81d7e29f0a47e9e6!2m2!1d9.3484011!2d50.2265243\" target=\"_blank\" rel=\"noopener noreferrer\">Routenplanung Frankfurt \u2013Bad Orb<\/a><br \/>\n<a href=\"https:\/\/www.google.de\/maps\/dir\/Fulda\/Bad+Orb\/@50.391295,9.2168221,10z\/data=!3m1!4b1!4m13!4m12!1m5!1m1!1s0x47a33449e9f9b92d:0x422435029b0ab30!2m2!1d9.6808449!2d50.5558095!1m5!1m1!1s0x47bd2bfc8e5a8d51:0x81d7e29f0a47e9e6!2m2!1d9.3484011!2d50.2265243\" target=\"_blank\" rel=\"noopener noreferrer\">Routenplanung Fulda \u2013Bad Orb<\/a><br \/>\n<a href=\"https:\/\/www.google.de\/maps\/dir\/Aschaffenburg\/Bad+Orb\/@50.1086118,8.9117435,10z\/data=!3m1!4b1!4m13!4m12!1m5!1m1!1s0x47bd47e411ed2017:0x9964ece41e1688e0!2m2!1d9.1355554!2d49.9806625!1m5!1m1!1s0x47bd2bfc8e5a8d51:0x81d7e29f0a47e9e6!2m2!1d9.3484011!2d50.2265243\" target=\"_blank\" rel=\"noopener noreferrer\">Routenplanung Aschaffenburg \u2013Bad Orb<\/a><br \/>\n<a href=\"https:\/\/www.google.de\/maps\/dir\/W%C3%BCrzburg\/Bad+Orb\/@50.1166506,9.1225996,9z\/data=!3m1!4b1!4m13!4m12!1m5!1m1!1s0x47a2902012da4dd9:0x41db728f06209a0!2m2!1d9.9533548!2d49.7913044!1m5!1m1!1s0x47bd2bfc8e5a8d51:0x81d7e29f0a47e9e6!2m2!1d9.3484011!2d50.2265243\" target=\"_blank\" rel=\"noopener noreferrer\">Routenplanung W\u00fcrzburg \u2013 Bad Orb<\/a><br \/>\n<a href=\"https:\/\/www.google.de\/maps\/dir\/Stuttgart\/Bad+Orb\/@49.490773,8.0072607,8z\/data=!3m1!4b1!4m13!4m12!1m5!1m1!1s0x4799db34c1ad8fd3:0x79d5c11c7791cfe4!2m2!1d9.1829321!2d48.7758459!1m5!1m1!1s0x47bd2bfc8e5a8d51:0x81d7e29f0a47e9e6!2m2!1d9.3484011!2d50.2265243\" target=\"_blank\" rel=\"noopener noreferrer\">Routenplanung Stuttgart \u2013 Bad Orb<\/a><\/p>\n<p>Hier ist ein Video mit einem Blick aus dem Spessart auf die Stad Bad Orb (erstellt von <a href=\"http:\/\/www.bad-orb-erleben.de\/unternehmen\/handel-gewerbe\/eintrag\/Entry\/show\/werbegemeinschaft-bad-orb-ev.html\" target=\"_blank\" rel=\"noopener noreferrer\">Bad Orb erleben<\/a>).<\/p>\n<p>(Quelle<a href=\"https:\/\/youtu.be\/w1E1A4eb_3Q\"> YouTub<\/a>e, <a href=\"http:\/\/www.bad-orb-erleben.de\/unternehmen\/handel-gewerbe\/eintrag\/Entry\/show\/werbegemeinschaft-bad-orb-ev.html\" target=\"_blank\" rel=\"noopener noreferrer\">Bad Orb erleben<\/a>)<\/p>\n<p>Hier ein paar Foto-Impressionen vom Eingang zum Kurpark samt Kurpark, Reha-Einrichtung und Toskana Therme.<\/p>\n<p><img decoding=\"async\" title=\"Eingang zum Kurpark\/Touristinformation\" src=\"https:\/\/2.bp.blogspot.com\/-Oy_mGUrs7YY\/VokOw7_ebdI\/AAAAAAAABAk\/MWhJYp1jYKs\/s1600\/BadOrb-01.jpg\" alt=\"Eingang zum Kurpark\/Touristinformation\" \/><br \/>\nEingang zum Kurpark\/Touristinformation<\/p>\n<p><img decoding=\"async\" title=\"Platanen im Kurpark\" src=\"https:\/\/3.bp.blogspot.com\/-5ujGCLFrQTk\/VokO0LtGC0I\/AAAAAAAABBc\/3pszIg4OD00\/s1600\/BadOrb-Kurpark01.jpg\" alt=\"Platanen im Kurpark\" \/><br \/>\nPlatanen im Kurpark<\/p>\n<p><img decoding=\"async\" title=\"Kurpark Bad Orb\" src=\"https:\/\/1.bp.blogspot.com\/-QTYO8UM8BOE\/VokO1e9qDJI\/AAAAAAAABBk\/e1qxNv6tSsY\/s1600\/BadOrb-Kurpark03.jpg\" alt=\"Kurpark Bad Orb\" \/><br \/>\nKurpark Bad Orb<\/p>\n<p><img decoding=\"async\" src=\"https:\/\/1.bp.blogspot.com\/-cX-aKrNEmt8\/VokO0hD2UMI\/AAAAAAAABBY\/BKWiF3INlRA\/s1600\/BadOrb-Kurpark02.jpg\" \/><\/p>\n<p><img decoding=\"async\" title=\"Toskana Therme\" src=\"https:\/\/1.bp.blogspot.com\/-TiGGLVxMnvo\/VokO1mM3YEI\/AAAAAAAABBo\/4aaypdQXpVg\/s1600\/BadOrb-Kurpark04.jpg\" alt=\"Toskana Therme\" \/><br \/>\nToskana Therme<\/p>\n<p><img decoding=\"async\" title=\"Museum Gradierwerk\" src=\"https:\/\/1.bp.blogspot.com\/-ZYyeMYAtZMw\/VokO198jReI\/AAAAAAAABBs\/d5fZtIUrpaw\/s1600\/BadOrb-Museum.jpg\" alt=\"Museum Gradierwerk\" \/><br \/>\nMuseum Gradierwerk<\/p>\n<p>Impressionen von der \"Gro\u00dfen Br\u00fccke\" auf den Saalbach und \"Klein Venedig\" in der Innenstadt von Bad Orb.<\/p>\n<p><img decoding=\"async\" title=\"Gro\u00dfe Br\u00fccke\" src=\"https:\/\/3.bp.blogspot.com\/-Nk613E8Wh38\/VokOzvuS_CI\/AAAAAAAABBQ\/iqaR1tZ2iGM\/s1600\/BadOrb-KleinVenedig0.jpg\" alt=\"Gro\u00dfe Br\u00fccke\" \/><br \/>\nGro\u00dfe Br\u00fccke<\/p>\n<p><img decoding=\"async\" title=\"Klein Venedig\" src=\"https:\/\/4.bp.blogspot.com\/-8F6xNuGt41E\/VokOzKZKcPI\/AAAAAAAABBM\/soLeJJo4-Go\/s1600\/BadOrb-KleinVenedig.jpg\" alt=\"Klein Venedig\" \/><br \/>\nKlein Venedig<\/p>\n<p><img decoding=\"async\" title=\"Saalbach\" src=\"https:\/\/1.bp.blogspot.com\/-2wSImT_jgH0\/VokOy20z8PI\/AAAAAAAABBI\/OYBGavwdP4c\/s1600\/BadOrb-KleinVenedig-01.jpg\" alt=\"Saalbach\" \/><br \/>\nWohnen am Saalbach (oben) und Statuen in der Innenstadt (unten)<\/p>\n<p><img loading=\"lazy\" decoding=\"async\" style=\"margin: 0px 10px 0px 0px;\" src=\"https:\/\/4.bp.blogspot.com\/-kIIAov8VFOQ\/VokO2jxERuI\/AAAAAAAABB8\/PntggH3GZQA\/s1600\/BadOrb-Statue1.jpg\" width=\"212\" height=\"506\" \/><img loading=\"lazy\" decoding=\"async\" style=\"margin: 0px 10px 0px 0px;\" src=\"https:\/\/4.bp.blogspot.com\/-Q4Wu6l3Bpck\/VokO2Yaj7zI\/AAAAAAAABB0\/6v8c8FbXPgs\/s1600\/BadOrb-Statue.jpg\" width=\"393\" height=\"524\" \/><\/p>\n<p><img decoding=\"async\" title=\"Springbrunnen\" src=\"https:\/\/3.bp.blogspot.com\/-GT-Vt_QgT_k\/VokOyhZgZYI\/AAAAAAAABBE\/F0PYHcbAfKk\/s1600\/BadOrb-07.jpg\" alt=\"Springbrunnen\" \/><\/p>\n<p>Springbrunnen (oben) und weitere Innenstadtansichten \u2026<\/p>\n<p><img decoding=\"async\" title=\"Fu\u00dfg\u00e4ngerzone\" src=\"https:\/\/2.bp.blogspot.com\/-4_AQh55krq0\/VokOw4BlhVI\/AAAAAAAABAg\/rwJP78G6hXY\/s1600\/BadOrb-02.jpg\" alt=\"Fu\u00dfg\u00e4ngerzone\" \/><br \/>\nFu\u00dfg\u00e4ngerzone<\/p>\n<p><img decoding=\"async\" title=\"Innenstadt\" src=\"https:\/\/4.bp.blogspot.com\/-X4ZXh7FU8L4\/VokOwzVa_7I\/AAAAAAAABAo\/31trptkle6I\/s1600\/BadOrb-03.jpg\" alt=\"Innenstadt\" \/><br \/>\nInnenstadt<\/p>\n<p><img decoding=\"async\" title=\"Innenstadt\" src=\"https:\/\/4.bp.blogspot.com\/-jfc6Qej-_w0\/VokOxt1f3fI\/AAAAAAAABAs\/chc3J5FRsXg\/s1600\/BadOrb-04.jpg\" alt=\"Innenstadt\" \/><br \/>\nInnenstadt II<\/p>\n<p><img decoding=\"async\" title=\"Markt und Innenstadt II\" src=\"https:\/\/3.bp.blogspot.com\/-iHaxy8Vgzlw\/VokOx-QDsuI\/AAAAAAAABA0\/iwaIRxUpI7M\/s1600\/BadOrb-05.jpg\" alt=\"Markt und Innenstadt II\" \/><br \/>\nMarkt und Innenstadt II<\/p>\n<p><img decoding=\"async\" title=\"Fr\u00fchlingsgru\u00df (Rhododendron)\" src=\"https:\/\/4.bp.blogspot.com\/-bgXXHH05MZs\/VokOyRB9LHI\/AAAAAAAABBA\/q3lONT7xOmk\/s1600\/BadOrb-06.jpg\" alt=\"Fr\u00fchlingsgru\u00df (Rhododendron)\" \/><br \/>\nFr\u00fchlingsgru\u00df (Rhododendron)<\/p>\n<p><img decoding=\"async\" title=\"Ostergru\u00df Marktplatz\" src=\"https:\/\/3.bp.blogspot.com\/-cc5UrfWndNQ\/VokOzw2oVvI\/AAAAAAAABBU\/fWBq7T43g1M\/s1600\/BadOrb-Kuebelmarkt.jpg\" alt=\"Ostergru\u00df Marktplatz\" \/><br \/>\nOstergru\u00df Marktplatz<\/p>\n<p><small><a href=\"http:\/\/www.openstreetmap.org\/#map=14\/50.2263\/9.3482&amp;layers=N\" target=\"_blank\" rel=\"noopener\">Karte Bad Orb<\/a><\/small><br \/>\n<strong>Weitere Informationen<br \/>\n<\/strong><a href=\"http:\/\/www.bad-orb.info\/\" target=\"_blank\" rel=\"noopener noreferrer\">Tourismus-Infos<\/a><br \/>\n<a href=\"https:\/\/web.archive.org\/web\/20171121000053\/http:\/\/www.bad-orb.de:80\/rathaus\/index.php?id=1039\" target=\"_blank\" rel=\"noopener noreferrer\">Stadtpl\u00e4ne Bad Orb<\/a><br \/>\n<a href=\"https:\/\/www.google.de\/maps\/place\/Bad+Orb+Tourist-Information\/@50.2251473,9.3454085,17z\/data=!4m2!3m1!1s0x0000000000000000:0x0babaf5d54497fab!6m1!1e1\" target=\"_blank\" rel=\"noopener noreferrer\">Stadtplan Bad Orb<\/a> (Google Maps)<br \/>\n<a href=\"http:\/\/www.webcam-spessart.de\/webcam\/bad-orb-toskana-therme\/\" target=\"_blank\" rel=\"noopener noreferrer\">Webcam Bad Orb<\/a><br \/>\n<a href=\"https:\/\/web.archive.org\/web\/20181229054050\/http:\/\/bad-orb.kueppelsmuehle.de\/\" target=\"_blank\" rel=\"noopener noreferrer\">Rehakliniken K\u00fcppersm\u00fchle<\/a><br \/>\n<a href=\"https:\/\/web.archive.org\/web\/20160217043743\/http:\/\/www.reha-zentrum-bad-orb.de:80\/desktopdefault.aspx\" target=\"_blank\" rel=\"noopener noreferrer\">Rehazentrum Bad Orb<\/a><br \/>\n<a href=\"https:\/\/toskanaworld.net\/toskana-therme-bad-orb-de\/\" target=\"_blank\" rel=\"noopener noreferrer\">Toskana Therme<\/a><br \/>\n<a href=\"https:\/\/web.archive.org\/web\/20200920205321\/http:\/\/gradierwerk-bad-orb.de\/\" target=\"_blank\" rel=\"noopener noreferrer\">Gradierwerk Bad Orb<\/a><br \/>\n<a href=\"http:\/\/web.archive.org\/web\/20160201164533\/http:\/\/www.spessart-wildpark.de:80\/\" target=\"_blank\" rel=\"noopener noreferrer\">Spessart Wildpark<\/a><br \/>\n<a href=\"https:\/\/web.archive.org\/web\/20181001154737\/http:\/\/www.dampfkleinbahn-orb.com\/\" target=\"_blank\" rel=\"noopener noreferrer\">Dampfkleinbahn Bad Orb-W\u00e4chtersbach<\/a><br \/>\n<a href=\"http:\/\/www.barfusspfad-bad-orb.de\/\" target=\"_blank\" rel=\"noopener noreferrer\">Barfu\u00dfpfad Bad Orb<\/a><\/p>\n<h2><\/h2>\n","protected":false},"excerpt":{"rendered":"<p>Die Kurstadt Bad Orb liegt im Main-Kinzig-Kreis (Hessen) an den H\u00e4ngen des Naturpark Spessart. Neben Reha-Einrichtungen z\u00e4hlen die Toskana Therme, der Kurpark sowie das Gradierwerk zu den erw\u00e4hnenswerten Locations. Auch die Altstadt von Bad Orb, samt \"Klein Venedig\", ist ganz &hellip; <a href=\"https:\/\/borncity.eu\/reisen\/2014\/04\/20\/bad-orb-main-kinzig-kreis-spessart\/\">Weiterlesen <span class=\"meta-nav\">&rarr;<\/span><\/a><\/p>\n","protected":false},"author":1,"featured_media":0,"comment_status":"closed","ping_status":"open","sticky":false,"template":"","format":"standard","meta":{"footnotes":""},"categories":[10],"tags":[11,12],"class_list":["post-66","post","type-post","status-publish","format-standard","hentry","category-bad-orb","tag-bad-orb","tag-spessart"],"_links":{"self":[{"href":"https:\/\/borncity.eu\/reisen\/wp-json\/wp\/v2\/posts\/66","targetHints":{"allow":["GET"]}}],"collection":[{"href":"https:\/\/borncity.eu\/reisen\/wp-json\/wp\/v2\/posts"}],"about":[{"href":"https:\/\/borncity.eu\/reisen\/wp-json\/wp\/v2\/types\/post"}],"author":[{"embeddable":true,"href":"https:\/\/borncity.eu\/reisen\/wp-json\/wp\/v2\/users\/1"}],"replies":[{"embeddable":true,"href":"https:\/\/borncity.eu\/reisen\/wp-json\/wp\/v2\/comments?post=66"}],"version-history":[{"count":7,"href":"https:\/\/borncity.eu\/reisen\/wp-json\/wp\/v2\/posts\/66\/revisions"}],"predecessor-version":[{"id":721,"href":"https:\/\/borncity.eu\/reisen\/wp-json\/wp\/v2\/posts\/66\/revisions\/721"}],"wp:attachment":[{"href":"https:\/\/borncity.eu\/reisen\/wp-json\/wp\/v2\/media?parent=66"}],"wp:term":[{"taxonomy":"category","embeddable":true,"href":"https:\/\/borncity.eu\/reisen\/wp-json\/wp\/v2\/categories?post=66"},{"taxonomy":"post_tag","embeddable":true,"href":"https:\/\/borncity.eu\/reisen\/wp-json\/wp\/v2\/tags?post=66"}],"curies":[{"name":"wp","href":"https:\/\/api.w.org\/{rel}","templated":true}]}}