{"id":10082,"date":"2019-09-01T00:01:00","date_gmt":"2019-08-31T22:01:00","guid":{"rendered":"https:\/\/borncity.com\/senioren\/?p=10082"},"modified":"2024-07-26T23:10:40","modified_gmt":"2024-07-26T21:10:40","slug":"so-sahen-unsere-vorfahren-aus","status":"publish","type":"post","link":"https:\/\/borncity.eu\/senioren\/2019\/09\/01\/so-sahen-unsere-vorfahren-aus\/","title":{"rendered":"Australopithecus anamensis: So sahen unsere Vorfahren aus"},"content":{"rendered":"<p>Spannende Erkenntnisse aus der Arch\u00e4ologie. In \u00c4thiopien sind Forscher auf einen fast vollst\u00e4ndig erhaltenen Sch\u00e4del eines Vormenschen gesto\u00dfen. Der Sch\u00e4delknochen von <a href=\"https:\/\/de.wikipedia.org\/wiki\/Australopithecus_anamensis\" target=\"_blank\" rel=\"noopener noreferrer\">Australopithecus anamensis<\/a> erm\u00f6glichte das Gesicht unseres vor ca. 4 Millionen Jahren lebenden Vorfahren zu rekonstruieren.<\/p>\n<p><!--more--><\/p>\n<p>Artikel zur Einordnung der afrikanischen Vorfahren finden sich bei der <a href=\"https:\/\/de.wikipedia.org\/wiki\/Australopithecus_afarensis\" target=\"_blank\" rel=\"noopener noreferrer\">Wikipedia<\/a> und <a href=\"https:\/\/web.archive.org\/web\/20200125030658\/https:\/\/www.evolution-mensch.de\/thema\/arten\/anamensis.php\" target=\"_blank\" rel=\"noopener noreferrer\">hier<\/a>. Mit dem Fund des erhaltenen Sch\u00e4dels des Vormenschen gab es neue Erkenntnisse. Diese wurden k\u00fcrzlich im Fachblatt <a href=\"https:\/\/www.nature.com\/articles\/s41586-019-1513-8.epdf\" target=\"_blank\" rel=\"noopener noreferrer\">Nature<\/a> ver\u00f6ffentlicht und das Thema geht aktuell durch die Presse wie folgender Tweet zeigt.<\/p>\n<blockquote class=\"twitter-tweet\">\n<p dir=\"ltr\" lang=\"de\">\u00dcberraschender Blick in ein Vormenschen-Gesicht <a href=\"https:\/\/t.co\/HABtUmdagQ\">https:\/\/t.co\/HABtUmdagQ<\/a><\/p>\n<p>\u2014 Der Seniorenblog (@DerSeniorenblog) <a href=\"https:\/\/twitter.com\/DerSeniorenblog\/status\/1167736405608620034?ref_src=twsrc%5Etfw\">August 31, 2019<\/a><\/p><\/blockquote>\n<p>Das dort rekonstruierte Gesicht ist \u00fcberraschend modern. Jedenfalls m\u00fcssen einige Annahmen der Forscher \u00fcber unsere Vorfahren verworfen oder neu interpretiert werden. Hier ein Videobeitrag (mit englischer Tonspur).<\/p>\n<p>(Quelle: <a href=\"https:\/\/youtu.be\/Ard0V7ldjcY\">YouTube<\/a>)<\/p>\n<p>Beitr\u00e4ge in deutscher Sprache gibt es vom <a href=\"https:\/\/www.deutschlandfunk.de\/palaeoanthropologie-ein-gesicht-fuer-unseren-urahn.676.de.html?dram:article_id=457569\" target=\"_blank\" rel=\"noopener noreferrer\">Deutschlandfunk<\/a>, bei <a href=\"https:\/\/www.scinexx.de\/news\/biowissen\/aeltester-australopithecus-bekommt-ein-gesicht\/\" target=\"_blank\" rel=\"noopener noreferrer\">scienexx<\/a>\u00a0<a href=\"https:\/\/www.derstandard.at\/story\/2000107908137\/ueberraschender-blick-in-ein-vormenschen-gesicht\" target=\"_blank\" rel=\"noopener noreferrer\">hier<\/a> und <a href=\"https:\/\/www.spiegel.de\/wissenschaft\/mensch\/aethiopien-forscher-rekonstruieren-gesicht-des-aeltesten-vormenschen-a-1284199.html\" target=\"_blank\" rel=\"noopener noreferrer\">hier<\/a> (mit Video).<\/p>\n","protected":false},"excerpt":{"rendered":"<p>Spannende Erkenntnisse aus der Arch\u00e4ologie. In \u00c4thiopien sind Forscher auf einen fast vollst\u00e4ndig erhaltenen Sch\u00e4del eines Vormenschen gesto\u00dfen. Der Sch\u00e4delknochen von Australopithecus anamensis erm\u00f6glichte das Gesicht unseres vor ca. 4 Millionen Jahren lebenden Vorfahren zu rekonstruieren.<\/p>\n","protected":false},"author":1,"featured_media":0,"comment_status":"open","ping_status":"open","sticky":false,"template":"","format":"standard","meta":{"footnotes":""},"categories":[13],"tags":[173],"class_list":["post-10082","post","type-post","status-publish","format-standard","hentry","category-natur","tag-archaeologie"],"_links":{"self":[{"href":"https:\/\/borncity.eu\/senioren\/wp-json\/wp\/v2\/posts\/10082","targetHints":{"allow":["GET"]}}],"collection":[{"href":"https:\/\/borncity.eu\/senioren\/wp-json\/wp\/v2\/posts"}],"about":[{"href":"https:\/\/borncity.eu\/senioren\/wp-json\/wp\/v2\/types\/post"}],"author":[{"embeddable":true,"href":"https:\/\/borncity.eu\/senioren\/wp-json\/wp\/v2\/users\/1"}],"replies":[{"embeddable":true,"href":"https:\/\/borncity.eu\/senioren\/wp-json\/wp\/v2\/comments?post=10082"}],"version-history":[{"count":1,"href":"https:\/\/borncity.eu\/senioren\/wp-json\/wp\/v2\/posts\/10082\/revisions"}],"predecessor-version":[{"id":25710,"href":"https:\/\/borncity.eu\/senioren\/wp-json\/wp\/v2\/posts\/10082\/revisions\/25710"}],"wp:attachment":[{"href":"https:\/\/borncity.eu\/senioren\/wp-json\/wp\/v2\/media?parent=10082"}],"wp:term":[{"taxonomy":"category","embeddable":true,"href":"https:\/\/borncity.eu\/senioren\/wp-json\/wp\/v2\/categories?post=10082"},{"taxonomy":"post_tag","embeddable":true,"href":"https:\/\/borncity.eu\/senioren\/wp-json\/wp\/v2\/tags?post=10082"}],"curies":[{"name":"wp","href":"https:\/\/api.w.org\/{rel}","templated":true}]}}