{"id":10154,"date":"2019-09-08T00:22:00","date_gmt":"2019-09-07T22:22:00","guid":{"rendered":"https:\/\/borncity.com\/senioren\/?p=10154"},"modified":"2023-08-02T00:30:41","modified_gmt":"2023-08-01T22:30:41","slug":"musik-zum-sonntag-compay-segundo-guantanamera","status":"publish","type":"post","link":"https:\/\/borncity.eu\/senioren\/2019\/09\/08\/musik-zum-sonntag-compay-segundo-guantanamera\/","title":{"rendered":"Musik zum Sonntag: Compay Segundo &#8211; Guantanamera"},"content":{"rendered":"<p>Es ist ein Klassiker aus dem vorherigen Jahrhundert, das ich in der heutigen Musik zum Sonntag mitgebracht habe: Das St\u00fcck Guantanamera (bezieht sich auf die kubanischen Provinz <a href=\"https:\/\/de.wikipedia.org\/wiki\/Guant%C3%A1namo\" target=\"_blank\" rel=\"noopener noreferrer\">Guant\u00e1namo<\/a>) in der Fassung von Compay Segundo. Ein R\u00fcckblick auf ein Lied, was ab 1928 entstand. <\/p>\n<p><!--more--><\/p>\n<p>Ich wurde gestern per Radio an das St\u00fcck erinnert \u2013 Werner Reinke hatte es in Reinke am Samstag im Programm. Laut <a href=\"https:\/\/de.wikipedia.org\/wiki\/Guantanamera\" target=\"_blank\" rel=\"noopener noreferrer\">Wikipedia<\/a> geht das St\u00fcck in seiner heutigen Fassung auf eine <a href=\"https:\/\/de.wikipedia.org\/wiki\/Guajira_(Musikstil)#Kubanische_Guajira\" target=\"_blank\" rel=\"noopener noreferrer\">Guajira<\/a>-Melodie der Kubanischen Musik zur\u00fcck. Diese wiederum bezieht sich auf einige Verse aus dem Gedichtzyklus <i>Versos Sencillos<\/i> (\u201eeinfache Verse\") des kubanischen Nationalhelden <a href=\"https:\/\/de.wikipedia.org\/wiki\/Jos%C3%A9_Mart%C3%AD\" target=\"_blank\" rel=\"noopener noreferrer\">Jos\u00e9 Mart\u00ed<\/a>. In den Jahren 1929\u201335 improvisierte <a href=\"https:\/\/de.wikipedia.org\/wiki\/Jose%C3%ADto_Fern%C3%A1ndez\" target=\"_blank\" rel=\"noopener noreferrer\">Jos\u00e9 Fern\u00e1ndez D\u00edaz<\/a> im Radio auf aktuelle Tagesereignisse sogenannte D\u00e9cimas und sang als Refrain <i>Guantanamera, Guajira Guantanamera<\/i>. Der Refraintext wurde in den 1930er-Jahren in Kuba zum Synonym f\u00fcr \u201eschlechte Nachricht\", die Improvisation von Jose\u00edto Fern\u00e1ndez sp\u00e4ter weltbekannt. <\/p>\n<p>Hier ist die <a href=\"https:\/\/www.youtube.com\/watch?v=bfNj-oBOyRY\" target=\"_blank\" rel=\"noopener noreferrer\">Originalfassung von Jos\u00e9 Fern\u00e1ndez Guantanamera<\/a> von 1929, <a href=\"https:\/\/www.youtube.com\/watch?v=craeb9A7MQ8\" target=\"_blank\" rel=\"noopener noreferrer\">hier eine modernere Fassung<\/a> von ihm, und <a href=\"https:\/\/www.youtube.com\/watch?v=nZLlX_LMTz4\" target=\"_blank\" rel=\"noopener noreferrer\">hier eine Aufnahme von 1938<\/a>. Das St\u00fcck wurde von zahlreichen Musikern gecovert und neu interpretiert. Einem gr\u00f6\u00dferen Publikum wurde es 1963 durch die Fassung von <a href=\"https:\/\/de.wikipedia.org\/wiki\/Pete_Seeger\" target=\"_blank\" rel=\"noopener noreferrer\">Peter Seeger<\/a> bekannt. Dann griff die US-Folk-Pop-Gruppe <a title=\"https:\/\/de.wikipedia.org\/wiki\/The_Sandpipers\" href=\"https:\/\/de.wikipedia.org\/wiki\/The_Sandpipers\" target=\"_blank\" rel=\"noopener noreferrer\">The Sandpipers<\/a> das St\u00fcck 1966 auf, was zu ihrem gr\u00f6\u00dften Erfolg wurde. Auch die Fassung der verstorbenen kubanischen S\u00e4ngerin <a title=\"https:\/\/de.wikipedia.org\/wiki\/Celia_Cruz\" href=\"https:\/\/de.wikipedia.org\/wiki\/Celia_Cruz\" target=\"_blank\" rel=\"noopener noreferrer\">Celia Cruz<\/a> ist recht bekannt. Hier einige dieser Varianten.<\/p>\n<ul>\n<li><a href=\"https:\/\/www.youtube.com\/watch?v=h0gg3-xvMB0\" target=\"_blank\" rel=\"noopener noreferrer\">Guantanamera &#8211; Pete Seeger<\/a><\/li>\n<li><a href=\"https:\/\/www.youtube.com\/watch?v=Jm1anurhbeg\" target=\"_blank\" rel=\"noopener noreferrer\">Guantanamera &#8211; The Sandpipers<\/a><\/li>\n<li><a href=\"https:\/\/www.youtube.com\/watch?v=9jaoXKpi7N4\" target=\"_blank\" rel=\"noopener noreferrer\">Guantanamera &#8211; Celia Cruz<\/a> (moderne Fassung)<\/li>\n<li><a href=\"https:\/\/www.youtube.com\/watch?v=WLFjiRwULog\" target=\"_blank\" rel=\"noopener noreferrer\">Guantanamera &#8211; The Fugees &amp; Wyclef Jean<\/a><\/li>\n<li><a href=\"https:\/\/www.youtube.com\/watch?v=41RoFlAvjcQ\" target=\"_blank\" rel=\"noopener noreferrer\">Cubana la Guantanamera<\/a> (70 kubanische Musiker)<\/li>\n<li><a href=\"https:\/\/www.youtube.com\/watch?v=F4XjNOlhiq0\" target=\"_blank\" rel=\"noopener noreferrer\">Guantanamera \u2013Rumba<\/a><\/li>\n<\/ul>\n<p>Vielen Blog-Lesern und \u2013innen d\u00fcrfte aber die Version des verstorbenen kubanischen S\u00e4ngers <a title=\"https:\/\/de.wikipedia.org\/wiki\/Celia_Cruz\" href=\"https:\/\/de.wikipedia.org\/wiki\/Compay_Segundo\" target=\"_blank\" rel=\"noopener noreferrer\">Compay Segundo<\/a> (einer der Darsteller im Film <i><a href=\"https:\/\/de.wikipedia.org\/wiki\/Buena_Vista_Social_Club_(Film)\" target=\"_blank\" rel=\"noopener noreferrer\">Buena Vista Social Club<\/a>&nbsp;<\/i>im Ohr sein. Hier ist dessen <a href=\"https:\/\/www.youtube.com\/watch?v=Jh2RcKanSp4&amp;list=RDJh2RcKanSp4&amp;start_radio=1\" target=\"_blank\" rel=\"noopener noreferrer\">Aufnahme auf YouTube<\/a> mit dem Original Videoclip. Viel Spa\u00df beim h\u00f6ren.<\/p>\n<p><a href=\"https:\/\/www.youtube.com\/watch?v=Jh2RcKanSp4&amp;list=RDJh2RcKanSp4&amp;start_radio=1\" target=\"_blank\" rel=\"noopener noreferrer\"><img decoding=\"async\" title=\"Plattenspieler mit LP, Word Record Store Day\" alt=\"Plattenspieler mit LP, Word Record Store Day\" src=\"https:\/\/borncity.eu\/senioren\/wp-content\/uploads\/2023\/05\/XwHLRWx.jpg\"><\/a>(Plattenspieler mit LP, Quelle: <a href=\"https:\/\/www.pexels.com\/de\/foto\/audio-drehscheibe-klang-laut-164853\/\" target=\"_blank\" rel=\"noopener noreferrer\">Pexels\/Pixabay<\/a> CC0 Lizenz) <\/p>\n<p><strong>\u00c4hnliche Artikel:<br \/><\/strong><a href=\"https:\/\/borncity.eu\/senioren\/2017\/11\/26\/musik-zum-sonntag-eric-burdon-und-the-animals\/\">Musik zum Sonntag: Eric Burdon und The Animals<\/a><br \/><a href=\"https:\/\/borncity.eu\/senioren\/2017\/10\/08\/musik-zum-sonntag-tito-tarantula-after-dark\/\">Musik zum Sonntag: Tito &amp; Tarantula 'After dark'<\/a><br \/><a href=\"https:\/\/borncity.eu\/senioren\/2019\/02\/24\/musik-zum-sonntag-sonny-cher-little-man\/\">Musik zum Sonntag: Sonny &amp; Cher \u2013 Little Man<\/a><br \/><a href=\"https:\/\/borncity.eu\/senioren\/2019\/02\/10\/musik-zum-sonntag-the-box-tops-the-letter\/\">Musik zum Sonntag: The Box Tops \u2013 The Letter<\/a><br \/><a href=\"https:\/\/borncity.eu\/senioren\/2019\/03\/17\/musik-zum-sonntag-metallica-nothing-else-matters\/\">Musik zum Sonntag: Metallica \u2013 Nothing Else Matters<\/a><br \/><a href=\"https:\/\/borncity.eu\/senioren\/2019\/04\/21\/musik-zum-sonntag-the-lords-poor-boy\/\">Musik zum Sonntag: The Lords \u2013 Poor Boy<\/a><br \/><a href=\"https:\/\/borncity.eu\/senioren\/2018\/12\/16\/musik-zum-sonntag-the-doors-riders-on-the-storm\/\">Musik zum Sonntag: The Doors \u2013 Riders on the Storm<\/a><br \/><a href=\"https:\/\/borncity.eu\/senioren\/2019\/05\/12\/musik-zum-sonntag-deep-purple-child-in-time\/\">Musik zum Sonntag: Deep Purple \u2013 Child in Time<\/a><br \/><a href=\"https:\/\/borncity.eu\/senioren\/2019\/01\/13\/musik-zum-sonntag-the-dead-south-in-hell-ill-be-in-good-company\/\">Musik zum Sonntag: The Dead South \u2013 In Hell I'll Be In Good Company<\/a><br \/><a href=\"https:\/\/borncity.eu\/senioren\/2019\/03\/31\/musik-zum-sonntag-poruska-poranya-%d0%bf%d0%be%d1%80%d1%83%d1%88%d0%ba%d0%b0-%d0%bf%d0%be%d1%80%d0%b0%d0%bd%d1%8f\/\">Musik zum Sonntag: Poruska Poranya (\u041f\u043e\u0440\u0443\u0448\u043a\u0430-\u043f\u043e\u0440\u0430\u043d\u044f)<\/a><br \/><a href=\"https:\/\/borncity.eu\/senioren\/2018\/09\/02\/musik-zum-sonntag-the-hooters-500-miles\/\">Musik zum Sonntag \u2013 The Hooters \u2013 500 Miles<\/a><br \/><a href=\"https:\/\/borncity.eu\/senioren\/2018\/05\/06\/musik-zum-sonntag-cat-stevens-lady-darbanville\/\">Musik zum Sonntag: Cat Stevens 'Lady D'Arbanville'<\/a><br \/><a href=\"https:\/\/borncity.eu\/senioren\/2017\/08\/27\/musik-zum-sonntag-raise-a-glass-mighty-oak\/\">Musik zum Sonntag \u2013 Raise a glass \u2013 Mighty Oak<\/a><br \/><a href=\"https:\/\/borncity.eu\/senioren\/2019\/09\/01\/musik-zum-sonntag-the-ronnetes-be-my-baby\/\">Musik zum Sonntag: The Ronnetes \u2013 Be My Baby<\/a><\/p>\n","protected":false},"excerpt":{"rendered":"<p>Es ist ein Klassiker aus dem vorherigen Jahrhundert, das ich in der heutigen Musik zum Sonntag mitgebracht habe: Das St\u00fcck Guantanamera (bezieht sich auf die kubanischen Provinz Guant\u00e1namo) in der Fassung von Compay Segundo. Ein R\u00fcckblick auf ein Lied, was &hellip; <a href=\"https:\/\/borncity.eu\/senioren\/2019\/09\/08\/musik-zum-sonntag-compay-segundo-guantanamera\/\">Weiterlesen <span class=\"meta-nav\">&rarr;<\/span><\/a><\/p>\n","protected":false},"author":1,"featured_media":0,"comment_status":"open","ping_status":"open","sticky":false,"template":"","format":"standard","meta":{"footnotes":""},"categories":[610],"tags":[112],"class_list":["post-10154","post","type-post","status-publish","format-standard","hentry","category-musik","tag-musik"],"_links":{"self":[{"href":"https:\/\/borncity.eu\/senioren\/wp-json\/wp\/v2\/posts\/10154","targetHints":{"allow":["GET"]}}],"collection":[{"href":"https:\/\/borncity.eu\/senioren\/wp-json\/wp\/v2\/posts"}],"about":[{"href":"https:\/\/borncity.eu\/senioren\/wp-json\/wp\/v2\/types\/post"}],"author":[{"embeddable":true,"href":"https:\/\/borncity.eu\/senioren\/wp-json\/wp\/v2\/users\/1"}],"replies":[{"embeddable":true,"href":"https:\/\/borncity.eu\/senioren\/wp-json\/wp\/v2\/comments?post=10154"}],"version-history":[{"count":1,"href":"https:\/\/borncity.eu\/senioren\/wp-json\/wp\/v2\/posts\/10154\/revisions"}],"predecessor-version":[{"id":23050,"href":"https:\/\/borncity.eu\/senioren\/wp-json\/wp\/v2\/posts\/10154\/revisions\/23050"}],"wp:attachment":[{"href":"https:\/\/borncity.eu\/senioren\/wp-json\/wp\/v2\/media?parent=10154"}],"wp:term":[{"taxonomy":"category","embeddable":true,"href":"https:\/\/borncity.eu\/senioren\/wp-json\/wp\/v2\/categories?post=10154"},{"taxonomy":"post_tag","embeddable":true,"href":"https:\/\/borncity.eu\/senioren\/wp-json\/wp\/v2\/tags?post=10154"}],"curies":[{"name":"wp","href":"https:\/\/api.w.org\/{rel}","templated":true}]}}