{"id":1123,"date":"2016-05-17T07:51:08","date_gmt":"2016-05-17T07:51:08","guid":{"rendered":"http:\/\/borncity.com\/senioren\/?p=1123"},"modified":"2024-07-26T15:00:43","modified_gmt":"2024-07-26T13:00:43","slug":"grau-raus-farbe-rein-yoga-matten-als-design-kultobjekt","status":"publish","type":"post","link":"https:\/\/borncity.eu\/senioren\/2016\/05\/17\/grau-raus-farbe-rein-yoga-matten-als-design-kultobjekt\/","title":{"rendered":"Grau raus, Farbe rein: Yoga-Matten als Design-Kultobjekt &hellip;"},"content":{"rendered":"<p><img loading=\"lazy\" decoding=\"async\" style=\"float: left; margin: 0px 10px 0px 0px; display: inline;\" title=\"Yoga-Matte (Yoga Design Lab)\" src=\"https:\/\/i.imgur.com\/giuJ1u0.jpg\" alt=\"Yoga-Matte (Yoga Design Lab)\" width=\"268\" height=\"182\" \/>Yoga liegt aktuell im Trend \u2013 bedeutet Yoga doch Harmonie, Einklang, die Einheit von K\u00f6rper und Geist. Und der Geist k\u00f6nnte auch durch die Umgebung, in der die Yoga-\u00dcbungen erfolgen, inspiriert werden. Ich kenne es, dass die \u00dcbungen auf unifarbenen Gymnastikmatten erfolgen. Wie w\u00e4re es, statt in Einheitsgrau was stylish farbenfrohes als Unterlage zu verwenden?<\/p>\n<p><!--more--><\/p>\n<p>Wer im Internet nach dem Thema Yoga auf die Suche geht, findet jede Menge Anleitungen und Tipps. Hier einige Beispiel-Links:<\/p>\n<p><a href=\"http:\/\/www.brigitte.de\/figur\/yoga-balance\/yoga-uebungen-570983\/\" target=\"_blank\" rel=\"noopener noreferrer\">Yoga-\u00dcbungen<\/a> (Zeitschrift Brigitte)<br \/>\n<a href=\"http:\/\/www.yoga-vidya.de\/de\/asana\/\" target=\"_blank\" rel=\"noopener noreferrer\">Yoga-\u00dcbungen<\/a> (Yoga-Seite)<br \/>\n<a href=\"https:\/\/web.archive.org\/web\/20181108225544\/https:\/\/www.asanayoga.de\/blog\/category\/yoga-uebungen\/\" target=\"_blank\" rel=\"noopener noreferrer\">Yoga-\u00dcbungen<\/a> (Yoga-Seite)<br \/>\n<a href=\"https:\/\/www.yogaeasy.de\/videos\" target=\"_blank\" rel=\"noopener noreferrer\">Yoga-Videos<\/a> (Yoya Easy.de)<br \/>\n<a href=\"https:\/\/www.youtube.com\/user\/Sukadev108\" target=\"_blank\" rel=\"noopener noreferrer\">YouTube-Videos<\/a><\/p>\n<p>Selbst zur Behandlung gesundheitlicher Probleme l\u00e4sst sich Yoga verwenden, wie ich auf der Webseite des <a href=\"https:\/\/web.archive.org\/web\/20181104110612\/https:\/\/www.yoga.de\/bdy-berufsverband\/\" target=\"_blank\" rel=\"noopener noreferrer\">Yoga Berufsverbands<\/a> gelesen habe.<\/p>\n<h3>Stopp das Einheitsgrau, zwing Farbe rein: Beim Yoga inspiriert \u2026<\/h3>\n<p>Der kanadische Surfer und Yogi Chad hatte beim Yoga die Inspiration. Inmitten einer Yogastunde in Bali ist Chad aufgefallen, dass die Yogamatten leider oft trostlos aussahen und h\u00e4ufig nicht funktional f\u00fcr die Yogis waren. Und was macht Mann in dieser Situation? Zur\u00fcck in Kanada verkauft er 2014 sein \"Hab und Gut\", um zeitweise nach Bali zu ziehen und dort seine Idee umzusetzen: Yoga-Matten entwerfen, die \u00c4sthetik, sowie Funktionalit\u00e4t verbinden um damit Menschen beim Training inspirieren. Also kurzum: die Branche zu revolutionieren.<\/p>\n<h3>Yoga-Matten in farbenfrohem Design<\/h3>\n<p>Herausgekommen ist eine Serie von Yoga-Matten in farbenfrohem Design, die durch die Firma <a href=\"http:\/\/www.yogadesignlab.com\/\" target=\"_blank\" rel=\"noopener noreferrer\">Yoga Design Lab<\/a> umweltfreundlich auf Bali hergestellt werden. Die junge Marke hat sich (laut Eigenauskunft) besonders auf das Thema Nachhaltigkeit fokussiert und m\u00f6chte mit umweltfreundlichen Materialen \u00fcberzeugen. Die Matten sind aus biologisch abbaubarem Baumgummi und die Farben auf sind auf Wasserbasis entwickelt.<\/p>\n<p><img decoding=\"async\" title=\"Yoga-Matte (Yoga Design Lab)\" src=\"https:\/\/i.imgur.com\/giuJ1u0.jpg\" alt=\"Yoga-Matte (Yoga Design Lab)\" \/><br \/>\n(Quelle: Yoga Design Lab)<\/p>\n<p><img decoding=\"async\" title=\"Yoga-Matte (Yoga Design Lab)\" src=\"https:\/\/i.imgur.com\/HkREMg3.jpg\" alt=\"Yoga-Matte (Yoga Design Lab)\" \/><br \/>\n(Quelle: Yoga Design Lab)<\/p>\n<p><img decoding=\"async\" title=\"Yoga-Matte (Yoga Design Lab)\" src=\"https:\/\/i.imgur.com\/M7ACwo1.jpg\" alt=\"Yoga-Matte (Yoga Design Lab)\" \/>(Quelle: Yoga Design Lab)<\/p>\n<p>Offenbar ist Yoga Design Lab gelungen, die Yoga Welt mit den bisher einzigartigen, bunten Yoga-Matten aufzur\u00fctteln. Trend Fitness Magazine, inklusive der Vogue, berichten weltweit dar\u00fcber. Die Matten sehen aber auch schick aus \u2013 dass muss der Neid einem lassen.<\/p>\n<p>Endlich k\u00f6nnen die Matten nun auch in Europa \u00fcber Amazon.de problemlos bestellt werden und werden am n\u00e4chsten Tag versandt. Ich habe in obigem Werbeblock zwei Matten aus dem Angebot verlinkt. Auf den Amazon.de-Detailseiten lassen sich die Combo Yogamatte und die Reisen Yoga Matte in verschiedenen Drucken (Dreamscape, Geo, Winkel schwarz etc.) ausw\u00e4hlen. Der Anbieter schreibt bei Amazon.de:<\/p>\n<ul>\n<li>Maschinenwaschbar: Die Matte kann in der Waschmaschine gewaschen und dann zum Trocknen aufgeh\u00e4ngt werden.<\/li>\n<li>Umweltfreundlich: Biologisch abbaubar durch Naturkautschuk und Druckfarben auf Wasserbasis<\/li>\n<li>Engagement: Von jedem Kauf geht $ 1 zur Unterst\u00fctzung an die St\u00e4dtische Jugend Yoga-Programme in Not<br \/>\nAnmerkung: dieses Programm gibt es in Deutschland wohl nicht, es scheint eine \u00dcbersetzung aus dem Englischen zu sein \u2013 laut diesem Blog-Beitrag (gel\u00f6scht) gab es aber Spenden an Schulen in New York (im Rahmen von Urban Youth Yoga Programmen).<\/li>\n<\/ul>\n<p>Offenlegung: Wird \u00fcber die obige Werbeanzeige bestellt, erhalte ich als Betreiber des Blogs eine geringe Werbeverg\u00fctung durch Amazon.de. Ich stehe aber in keinem wirtschaftlichen Verh\u00e4ltnis zu\u00a0Yoga Design Lab, sondern wurde im Rahmen einer Pressemitteilung \u00fcber den Verkaufsstart informiert. Ich fand das Thema aber so interessant, dass ich es als Artikel in den Blog aufgenommen habe. Vielleicht findet sich ja ein Yoga-Profi unter meinen Blog-Leser\/innen, die sich \u00e4u\u00dfern kann, ob das Konzept genial oder eher \"na ja\" ist.<\/p>\n","protected":false},"excerpt":{"rendered":"<p>Yoga liegt aktuell im Trend \u2013 bedeutet Yoga doch Harmonie, Einklang, die Einheit von K\u00f6rper und Geist. Und der Geist k\u00f6nnte auch durch die Umgebung, in der die Yoga-\u00dcbungen erfolgen, inspiriert werden. Ich kenne es, dass die \u00dcbungen auf unifarbenen &hellip; <a href=\"https:\/\/borncity.eu\/senioren\/2016\/05\/17\/grau-raus-farbe-rein-yoga-matten-als-design-kultobjekt\/\">Weiterlesen <span class=\"meta-nav\">&rarr;<\/span><\/a><\/p>\n","protected":false},"author":1,"featured_media":0,"comment_status":"open","ping_status":"open","sticky":false,"template":"","format":"standard","meta":{"footnotes":""},"categories":[1,32],"tags":[228,83],"class_list":["post-1123","post","type-post","status-publish","format-standard","hentry","category-allgemein","category-gesundheit","tag-bali","tag-gesundheit"],"_links":{"self":[{"href":"https:\/\/borncity.eu\/senioren\/wp-json\/wp\/v2\/posts\/1123","targetHints":{"allow":["GET"]}}],"collection":[{"href":"https:\/\/borncity.eu\/senioren\/wp-json\/wp\/v2\/posts"}],"about":[{"href":"https:\/\/borncity.eu\/senioren\/wp-json\/wp\/v2\/types\/post"}],"author":[{"embeddable":true,"href":"https:\/\/borncity.eu\/senioren\/wp-json\/wp\/v2\/users\/1"}],"replies":[{"embeddable":true,"href":"https:\/\/borncity.eu\/senioren\/wp-json\/wp\/v2\/comments?post=1123"}],"version-history":[{"count":1,"href":"https:\/\/borncity.eu\/senioren\/wp-json\/wp\/v2\/posts\/1123\/revisions"}],"predecessor-version":[{"id":25303,"href":"https:\/\/borncity.eu\/senioren\/wp-json\/wp\/v2\/posts\/1123\/revisions\/25303"}],"wp:attachment":[{"href":"https:\/\/borncity.eu\/senioren\/wp-json\/wp\/v2\/media?parent=1123"}],"wp:term":[{"taxonomy":"category","embeddable":true,"href":"https:\/\/borncity.eu\/senioren\/wp-json\/wp\/v2\/categories?post=1123"},{"taxonomy":"post_tag","embeddable":true,"href":"https:\/\/borncity.eu\/senioren\/wp-json\/wp\/v2\/tags?post=1123"}],"curies":[{"name":"wp","href":"https:\/\/api.w.org\/{rel}","templated":true}]}}