{"id":11470,"date":"2020-02-14T08:25:00","date_gmt":"2020-02-14T07:25:00","guid":{"rendered":"https:\/\/borncity.com\/senioren\/?p=11470"},"modified":"2020-12-10T10:44:05","modified_gmt":"2020-12-10T09:44:05","slug":"valentinstag-und-der-blumenpreis","status":"publish","type":"post","link":"https:\/\/borncity.eu\/senioren\/2020\/02\/14\/valentinstag-und-der-blumenpreis\/","title":{"rendered":"Valentinstag und der Blumenpreis"},"content":{"rendered":"<p><img decoding=\"async\" style=\"float: left; margin: 0px 10px 0px 0px; display: inline;\" src=\"https:\/\/borncity.eu\/senioren\/wp-content\/uploads\/2024\/11\/DNxhm89.jpg\" alt=\"\" align=\"left\" \/>Morgen ist Valentinstag, Tag der Verliebten, sagt man so. Und da wird ggf. was geschenkt \u2013 Frau kriegt 'nen Blumenstrau\u00df \u2013 zum Beispiel. Dieses 'Event' hat mir doch tats\u00e4chlich Stoff f\u00fcr einen kurzen Blog-Beitrag geliefert. Es geht n\u00e4mlich um die Preise f\u00fcr Schnittblumen.<\/p>\n<p><!--more--><\/p>\n<p>Noch eine nutzlose Information bzw. Statistik, die mir die Tage in die Finger gekommen ist. Wir keinen den Schweinezyklus bei Ferkeln, Schweineb\u00e4uchen, Weizen, Mais, bei Aktien und nach Lekt\u00fcre dieses Beitrag auch bei Schnittblumen. Ich bin die Tage n\u00e4mlich auf Twitter \u00fcber folgende Grafik gestolpert.<\/p>\n<blockquote class=\"twitter-tweet\">\n<p dir=\"ltr\" lang=\"de\">Freitag ist <a href=\"https:\/\/twitter.com\/hashtag\/Valentinstag?src=hash&amp;ref_src=twsrc%5Etfw\">#Valentinstag<\/a> und ein Strau\u00df <a href=\"https:\/\/twitter.com\/hashtag\/Blumen?src=hash&amp;ref_src=twsrc%5Etfw\">#Blumen<\/a> ist der Geschenk-Klassiker. Doch beim Blick auf den Preis k\u00f6nnten die Gef\u00fchle schnell welk werden, denn <a href=\"https:\/\/twitter.com\/hashtag\/Schnittblumen?src=hash&amp;ref_src=twsrc%5Etfw\">#Schnittblumen<\/a> waren im Feb. 2019 um 4,7 % teurer als im Durchschnitt des gesamten Jahres 2019. <a href=\"https:\/\/t.co\/gn2RR99fAn\">https:\/\/t.co\/gn2RR99fAn<\/a> <a href=\"https:\/\/twitter.com\/hashtag\/ZdW?src=hash&amp;ref_src=twsrc%5Etfw\">#ZdW<\/a> <a href=\"https:\/\/t.co\/eWCy1A0Ryf\">pic.twitter.com\/eWCy1A0Ryf<\/a><\/p>\n<p>\u2014 Statistisches Bundesamt (@destatis) <a href=\"https:\/\/twitter.com\/destatis\/status\/1227171436453908480?ref_src=twsrc%5Etfw\">February 11, 2020<\/a><\/p><\/blockquote>\n<p><script async src=\"https:\/\/platform.twitter.com\/widgets.js\" charset=\"utf-8\"><\/script><\/p>\n<p>Der Preisgipfel f\u00fcr Schnittblumen lag 2019 eindeutig im Februar \u2013 und 2018 war das auch nicht anders. Man k\u00f6nnte nat\u00fcrlich antizyklisch zuschlagen. Dumm nur, dass man den 'Strau\u00df zum Valentinstag' nicht im August kaufen kann \u2013 da g\u00e4be es den besten Preis. Vielleicht doch auf Str\u00e4u\u00dfe aus Strohblumen umsteigen \u2013 oder gilt: F\u00fcr die Liebe ist nix zu teuer? Oder eher: Nehmen sie eine oder zwei Rosen weniger, und daf\u00fcr aber mehr Schleierkraut, damit es so richtig fett ausschaut? Ok, und jetzt mache ich mich zu dem Thema vom Acker, kann nur schief gehen.<\/p>\n","protected":false},"excerpt":{"rendered":"<p>Morgen ist Valentinstag, Tag der Verliebten, sagt man so. Und da wird ggf. was geschenkt \u2013 Frau kriegt 'nen Blumenstrau\u00df \u2013 zum Beispiel. Dieses 'Event' hat mir doch tats\u00e4chlich Stoff f\u00fcr einen kurzen Blog-Beitrag geliefert. Es geht n\u00e4mlich um die &hellip; <a href=\"https:\/\/borncity.eu\/senioren\/2020\/02\/14\/valentinstag-und-der-blumenpreis\/\">Weiterlesen <span class=\"meta-nav\">&rarr;<\/span><\/a><\/p>\n","protected":false},"author":1,"featured_media":0,"comment_status":"open","ping_status":"open","sticky":false,"template":"","format":"standard","meta":{"footnotes":""},"categories":[1],"tags":[168],"class_list":["post-11470","post","type-post","status-publish","format-standard","hentry","category-allgemein","tag-allgemein"],"_links":{"self":[{"href":"https:\/\/borncity.eu\/senioren\/wp-json\/wp\/v2\/posts\/11470","targetHints":{"allow":["GET"]}}],"collection":[{"href":"https:\/\/borncity.eu\/senioren\/wp-json\/wp\/v2\/posts"}],"about":[{"href":"https:\/\/borncity.eu\/senioren\/wp-json\/wp\/v2\/types\/post"}],"author":[{"embeddable":true,"href":"https:\/\/borncity.eu\/senioren\/wp-json\/wp\/v2\/users\/1"}],"replies":[{"embeddable":true,"href":"https:\/\/borncity.eu\/senioren\/wp-json\/wp\/v2\/comments?post=11470"}],"version-history":[{"count":0,"href":"https:\/\/borncity.eu\/senioren\/wp-json\/wp\/v2\/posts\/11470\/revisions"}],"wp:attachment":[{"href":"https:\/\/borncity.eu\/senioren\/wp-json\/wp\/v2\/media?parent=11470"}],"wp:term":[{"taxonomy":"category","embeddable":true,"href":"https:\/\/borncity.eu\/senioren\/wp-json\/wp\/v2\/categories?post=11470"},{"taxonomy":"post_tag","embeddable":true,"href":"https:\/\/borncity.eu\/senioren\/wp-json\/wp\/v2\/tags?post=11470"}],"curies":[{"name":"wp","href":"https:\/\/api.w.org\/{rel}","templated":true}]}}