{"id":11502,"date":"2020-02-25T00:15:00","date_gmt":"2020-02-24T23:15:00","guid":{"rendered":"https:\/\/borncity.com\/senioren\/?p=11502"},"modified":"2020-12-10T10:32:32","modified_gmt":"2020-12-10T09:32:32","slug":"aldi-falsche-herkunft-bei-pfeln-beworben","status":"publish","type":"post","link":"https:\/\/borncity.eu\/senioren\/2020\/02\/25\/aldi-falsche-herkunft-bei-pfeln-beworben\/","title":{"rendered":"Aldi: Falsche Herkunft bei &Auml;pfeln beworben"},"content":{"rendered":"<p><img loading=\"lazy\" decoding=\"async\" style=\"float: left; margin: 0px 10px 0px 0px; display: inline;\" src=\"https:\/\/web.archive.org\/web\/20180123183847\/http:\/\/x82.imgup.net\/AldiS2841.jpg\" width=\"63\" height=\"67\" align=\"left\" \/>Geht gar nicht: \u00c4pfel aus deutschen Landen bewerben, die in Italien am Baum hingen. Und das noch mit Bio-\u00c4pfeln bei Aldi. Das hat die Verbraucherzentrale Baden-W\u00fcrttemberg auf den Plan gerufen. Die haben geklagt und gewonnen.<\/p>\n<p><!--more--><\/p>\n<p>F\u00fcr viele Verbraucher spielt die Herkunft von Lebensmitteln beim Einkaufen eine wichtige Rolle. Umso wichtiger ist es, dass diese auch korrekt angegeben ist. Doch das ist nicht immer der Fall: M\u00e4rkte der Aldi GmbH &amp; Co. KG Mahlberg bewarben am Regal Bio-\u00c4pfel \u201eaus Deutschland\". Tats\u00e4chlich stammten die \u00c4pfel jedoch aus Italien. Die Verbraucherzentrale Baden-W\u00fcrttemberg hat den Discounter erfolgreich wegen Irref\u00fchrung verklagt.<\/p>\n<p>\u201eFalsche Angaben und Werbung zur Herkunft oder Region sind bei uns ein Dauerbrenner\", berichtet Christiane Manthey von der Verbraucherzentrale Baden-W\u00fcrttemberg, \u201ewir mahnen jedes Jahr F\u00e4lle ab und gehen auch gerichtlich gegen solche T\u00e4uschungen vor.\" Im j\u00fcngsten Fall ging es um falsch ausgezeichnete Bio-\u00c4pfel in Aldi-M\u00e4rkten. W\u00e4hrend das Preisschild am Regal \u00c4pfel <i>\u201eaus Deutschland\"<\/i> versprach, wurden die \u00c4pfel laut Angaben auf der Packung allerdings in Italien (S\u00fcdtirol) geerntet und lediglich in Deutschland verpackt. \u201eDamit Verbraucher nicht get\u00e4uscht werden, muss der Handel daf\u00fcr sorgen, das widerspr\u00fcchliche bzw. irref\u00fchrende Angaben auf Verpackungen, am Regal und in Prospekten unterlassen werden,\" fordert Manthey.<\/p>\n<h2>Aldi zun\u00e4chst uneinsichtig<\/h2>\n<p>Die Verbraucherzentrale Baden-W\u00fcrttemberg mahnte die Aldi GmbH &amp; Co. KG Mahlberg daraufhin wegen Irref\u00fchrung ab. Nachdem das Unternehmen keine Unterlassungserkl\u00e4rung abgeben wollte, reichte die Verbraucherzentrale Klage ein. Vor dem Landgericht Freiburg erkannte die Aldi GmbH &amp; Co.KG Mahlberg den Klaganspruch an. Es erging entsprechend das von der Verbraucherzentrale beantragte Anerkenntnisurteil (12 O 88\/19 KfH vom 14.01.2020). Sollte der H\u00e4ndler k\u00fcnftig wieder f\u00fcr Bio-\u00c4pfel aus Deutschland werben, obwohl dem Verbraucher Ware aus anderen L\u00e4ndern zum Kauf angeboten wird, droht dem H\u00e4ndler ein Ordnungsgeld von bis zu 250.000 Euro.<\/p>\n<p><strong>\u00c4hnliche Artikel:<\/strong><br \/>\n<a href=\"https:\/\/borncity.eu\/senioren\/2019\/12\/03\/cosmic-crisp-apfel-ein-jahr-haltbar\/\">Cosmic Crisp: Der Apfel, der ein Jahr haltbar ist<\/a><br \/>\n<a href=\"https:\/\/borncity.eu\/senioren\/2017\/04\/20\/blhende-apfelbume\/\">Bl\u00fchende Apfelb\u00e4ume<\/a><\/p>\n","protected":false},"excerpt":{"rendered":"<p>Geht gar nicht: \u00c4pfel aus deutschen Landen bewerben, die in Italien am Baum hingen. Und das noch mit Bio-\u00c4pfeln bei Aldi. Das hat die Verbraucherzentrale Baden-W\u00fcrttemberg auf den Plan gerufen. Die haben geklagt und gewonnen.<\/p>\n","protected":false},"author":1,"featured_media":0,"comment_status":"open","ping_status":"open","sticky":false,"template":"","format":"standard","meta":{"footnotes":""},"categories":[28],"tags":[29],"class_list":["post-11502","post","type-post","status-publish","format-standard","hentry","category-essen","tag-essen"],"_links":{"self":[{"href":"https:\/\/borncity.eu\/senioren\/wp-json\/wp\/v2\/posts\/11502","targetHints":{"allow":["GET"]}}],"collection":[{"href":"https:\/\/borncity.eu\/senioren\/wp-json\/wp\/v2\/posts"}],"about":[{"href":"https:\/\/borncity.eu\/senioren\/wp-json\/wp\/v2\/types\/post"}],"author":[{"embeddable":true,"href":"https:\/\/borncity.eu\/senioren\/wp-json\/wp\/v2\/users\/1"}],"replies":[{"embeddable":true,"href":"https:\/\/borncity.eu\/senioren\/wp-json\/wp\/v2\/comments?post=11502"}],"version-history":[{"count":0,"href":"https:\/\/borncity.eu\/senioren\/wp-json\/wp\/v2\/posts\/11502\/revisions"}],"wp:attachment":[{"href":"https:\/\/borncity.eu\/senioren\/wp-json\/wp\/v2\/media?parent=11502"}],"wp:term":[{"taxonomy":"category","embeddable":true,"href":"https:\/\/borncity.eu\/senioren\/wp-json\/wp\/v2\/categories?post=11502"},{"taxonomy":"post_tag","embeddable":true,"href":"https:\/\/borncity.eu\/senioren\/wp-json\/wp\/v2\/tags?post=11502"}],"curies":[{"name":"wp","href":"https:\/\/api.w.org\/{rel}","templated":true}]}}