{"id":11817,"date":"2020-03-20T01:33:54","date_gmt":"2020-03-20T00:33:54","guid":{"rendered":"https:\/\/borncity.com\/senioren\/?p=11817"},"modified":"2020-10-16T13:11:55","modified_gmt":"2020-10-16T11:11:55","slug":"coronavirus-br-muss-redaktionen-zusammenlegen","status":"publish","type":"post","link":"https:\/\/borncity.eu\/senioren\/2020\/03\/20\/coronavirus-br-muss-redaktionen-zusammenlegen\/","title":{"rendered":"Coronavirus: BR muss Redaktionen zusammenlegen"},"content":{"rendered":"<p><img loading=\"lazy\" decoding=\"async\" style=\"float: left; margin: 0px 10px 0px 0px; display: inline;\" title=\"Gesundheit\" src=\"https:\/\/www.borncity.com\/blog\/wp-content\/uploads\/2016\/06\/Gesundheit-2.jpg\" alt=\"Gesundheit\" width=\"60\" height=\"56\" align=\"left\" border=\"0\" \/>Der Bayrische Rundfunk k\u00e4mpft mit den Folgen der Coronavirus-Pandemie. Da mehrere Mitarbeiter eines Redaktionsteams mit Coronaviren infiziert sind, ist der Sender gezwungen, Redaktionen zusammenzulegen.<\/p>\n<p><!--more--><\/p>\n<p>T-Online meldet in <a href=\"https:\/\/www.t-online.de\/unterhaltung\/stars\/id_87555928\/wegen-corona-faellen-bayerischer-rundfunk-muss-sender-zusammenlegen.html\" target=\"_blank\" rel=\"noopener noreferrer\">diesem Artikel<\/a>, dass mehrere Mitarbeiter des Bayerischen Rundfunks positiv auf das Coronavirus getestet wurden. Seit Donnerstagvormittag gibt es, laut T-Online, drei best\u00e4tigte Krankheitsf\u00e4lle. Positiv getestet wurde auch eine Moderatorin, die mit rund 30 Kollegen aus dem Team von B5 aktuell mehr oder weniger engen Kontakt hatte. Inzwischen seien neun Redaktionsmitglieder in Quarant\u00e4ne, weitere in Beobachtung. Auch Mitarbeiter der Technik sind nach Kontakt mit der Moderatorin in Quarant\u00e4ne.<\/p>\n<p>Diese Informationen wurden inzwischen vom BR best\u00e4tigt. Durch den Ausfall der Redaktionsmitglieder ist Sendef\u00e4higkeit des Informationsprogramms B5 aktuell akut gef\u00e4hrdet. Der Sender hat sich daher entschlossen, die Programme Bayern 2 und B5 bis auf Weiteres gemeinsam zu senden. Der BR betont dabei die Verantwortung f\u00fcr seine Mitarbeiter.<\/p>\n<h2>Den Schuss nicht geh\u00f6rt?<\/h2>\n<p>Zumindest einige Mitglieder der Kunstszene scheinen den Ernst der Lage noch nicht begriffen zu haben. Im Rahmen der Recherche zu diesem Blog-Beitrag bin ich auf nachfolgenden Tweet gesto\u00dfen.<\/p>\n<blockquote class=\"twitter-tweet\">\n<p dir=\"ltr\" lang=\"de\"><a href=\"https:\/\/twitter.com\/Kachelmann?ref_src=twsrc%5Etfw\">@Kachelmann<\/a> BR Redakteurin (Polizeiruf 110) bei einer <a href=\"https:\/\/twitter.com\/hashtag\/CoronaParty?src=hash&amp;ref_src=twsrc%5Etfw\">#CoronaParty<\/a> &#8211; an Geschmacklosigkeit und Ignoranz kaum zu \u00fcbertreffen. Eine derart perfide, \u00f6ffentliche Verantwortungslosigkeit gepaart mit Stolz hat in der aktuellen Lage keinen Platz. Ackers ist \"Journalistin\"&#8230; Respektlos! <a href=\"https:\/\/t.co\/blylMxnM3H\">pic.twitter.com\/blylMxnM3H<\/a><\/p>\n<p>\u2014 Bleibt zu Hause! (@dk_txt_) <a href=\"https:\/\/twitter.com\/dk_txt_\/status\/1240603609978593280?ref_src=twsrc%5Etfw\">March 19, 2020<\/a><\/p><\/blockquote>\n<p><script async src=\"https:\/\/platform.twitter.com\/widgets.js\" charset=\"utf-8\"><\/script><\/p>\n<p>Frau Cornelia Ackers arbeitet als Filmproduzentin f\u00fcr ARD und BR. Die Fotos aus obigem Tweet stammen aus der Facebook Timeline von Frau Ackers (inzwischen gel\u00f6scht). Sie fabuliert dort am 16. M\u00e4rz 2020 von '<em>unzivilisierter Ungehorsam gegen Staatsansagen: soziale Kontakte, unn\u00f6tige k\u00f6rperliche N\u00e4he, Feierfreude in Feierrr\u00e4umen &#8230;. st\u00e4rkt die Abwehrkr\u00e4fte&#8230;'.<\/em> Nicht zu fassen und gelebte, ziemlich d\u00e4mliche Verantwortungslosigkeit in meinen Augen. Aber in ihrem Facebook-Profil finden sich weitere Posts, wo gegen 'Ma\u00dfnahmen' zur Eind\u00e4mmung der Coronavirus-Pandemie geschossen wird. Sehr irritierend, finde ich.<\/p>\n<p><strong>\u00c4hnliche Artikel:<\/strong><br \/>\n<a href=\"https:\/\/borncity.eu\/senioren\/2020\/03\/15\/neue-entgleiste-ard-satire-zu-corona-den-alten\/\">Neue entgleiste ARD-Satire zu Corona &amp; den Alten<\/a><br \/>\n<a href=\"https:\/\/borncity.eu\/senioren\/2020\/03\/17\/karneval-und-ischgl-brutsttten-des-coronavirus\/\">Karneval und Ischgl: Brutst\u00e4tten des Coronavirus<\/a><br \/>\n<a href=\"https:\/\/borncity.eu\/senioren\/2020\/03\/18\/corona-polizei-kln-warnt-vor-falschen-medizinern\/\">Corona: Polizei K\u00f6ln warnt vor falschen Medizinern<\/a><br \/>\n<a href=\"https:\/\/borncity.eu\/senioren\/2020\/03\/16\/coronavirus-manahmen-der-bundesregierung-ab-sofort\/\">Coronavirus: Ma\u00dfnahmen der Bundesregierung\/-L\u00e4nder<\/a><br \/>\n<a href=\"https:\/\/borncity.eu\/senioren\/2020\/03\/13\/coronavirus-epidemie-in-zahlen\/\">Coronavirus-Epidemie in Zahlen<\/a><\/p>\n","protected":false},"excerpt":{"rendered":"<p>Der Bayrische Rundfunk k\u00e4mpft mit den Folgen der Coronavirus-Pandemie. Da mehrere Mitarbeiter eines Redaktionsteams mit Coronaviren infiziert sind, ist der Sender gezwungen, Redaktionen zusammenzulegen.<\/p>\n","protected":false},"author":1,"featured_media":0,"comment_status":"open","ping_status":"open","sticky":false,"template":"","format":"standard","meta":{"footnotes":""},"categories":[32],"tags":[695,83],"class_list":["post-11817","post","type-post","status-publish","format-standard","hentry","category-gesundheit","tag-coronavirus","tag-gesundheit"],"_links":{"self":[{"href":"https:\/\/borncity.eu\/senioren\/wp-json\/wp\/v2\/posts\/11817","targetHints":{"allow":["GET"]}}],"collection":[{"href":"https:\/\/borncity.eu\/senioren\/wp-json\/wp\/v2\/posts"}],"about":[{"href":"https:\/\/borncity.eu\/senioren\/wp-json\/wp\/v2\/types\/post"}],"author":[{"embeddable":true,"href":"https:\/\/borncity.eu\/senioren\/wp-json\/wp\/v2\/users\/1"}],"replies":[{"embeddable":true,"href":"https:\/\/borncity.eu\/senioren\/wp-json\/wp\/v2\/comments?post=11817"}],"version-history":[{"count":0,"href":"https:\/\/borncity.eu\/senioren\/wp-json\/wp\/v2\/posts\/11817\/revisions"}],"wp:attachment":[{"href":"https:\/\/borncity.eu\/senioren\/wp-json\/wp\/v2\/media?parent=11817"}],"wp:term":[{"taxonomy":"category","embeddable":true,"href":"https:\/\/borncity.eu\/senioren\/wp-json\/wp\/v2\/categories?post=11817"},{"taxonomy":"post_tag","embeddable":true,"href":"https:\/\/borncity.eu\/senioren\/wp-json\/wp\/v2\/tags?post=11817"}],"curies":[{"name":"wp","href":"https:\/\/api.w.org\/{rel}","templated":true}]}}