{"id":11922,"date":"2020-04-04T00:14:00","date_gmt":"2020-04-03T22:14:00","guid":{"rendered":"https:\/\/borncity.com\/senioren\/?p=11922"},"modified":"2020-03-31T10:15:44","modified_gmt":"2020-03-31T08:15:44","slug":"letzten-herbst-2019","status":"publish","type":"post","link":"https:\/\/borncity.eu\/senioren\/2020\/04\/04\/letzten-herbst-2019\/","title":{"rendered":"Letzten Herbst (2019)"},"content":{"rendered":"<p>Noch eine kurze Impression von letztem Herbst. Auf einem Spaziergang kam ich am 2. November 2019 an einem kleinen Geh\u00f6lz vorbei, und im Laub sprang mir ein kleiner Fliegenpilz ins Auge.<\/p>\n<p><!--more--><\/p>\n<p>Das Foto ist per Smartphone aufgenommen und daher etwas unscharf. Aber der Pilz war irgendwie schon auff\u00e4llig \u2013 f\u00fcr Stadtkinder m\u00f6glicherweise ein eher ungewohnter Anblick. Obwohl ich in diesen Tagen beim Nachbarn gegen\u00fcber einige Fliegenpilze unter einer Tanne auf der Grundst\u00fccksgrenze gesehen habe. Aber wir sind nicht Stadt, sondern Dorf.&nbsp; <\/p>\n<p><img loading=\"lazy\" decoding=\"async\" src=\"https:\/\/i.imgur.com\/dPOkHyt.jpg\" width=\"318\" height=\"383\">(Fliegenpilz 2019)<\/p>\n<p>Das nachfolgende Foto ist schon einige Jahre \u00e4lter, und zeigt eine Gruppe dieser Pilze, im Hintergrund erkennt man Efeu und die H\u00fcllen von Esskastanien. <\/p>\n<p><img decoding=\"async\" title=\"Fliegenpilze\" alt=\"Fliegenpilze\" src=\"https:\/\/i.imgur.com\/KKrfcLi.jpg\"><\/p>\n<p>Aber aktuell freuen wir uns auf den Fr\u00fchling \u2013 trotz Corona-Krise und Kontaktverbot. Einsame Spazierg\u00e4nge in der erwachenden und bl\u00fchenden Natur sind noch drin. <\/p>\n","protected":false},"excerpt":{"rendered":"<p>Noch eine kurze Impression von letztem Herbst. Auf einem Spaziergang kam ich am 2. November 2019 an einem kleinen Geh\u00f6lz vorbei, und im Laub sprang mir ein kleiner Fliegenpilz ins Auge.<\/p>\n","protected":false},"author":1,"featured_media":0,"comment_status":"open","ping_status":"open","sticky":false,"template":"","format":"standard","meta":{"footnotes":""},"categories":[18,13],"tags":[19,119],"class_list":["post-11922","post","type-post","status-publish","format-standard","hentry","category-foto","category-natur","tag-foto","tag-natur"],"_links":{"self":[{"href":"https:\/\/borncity.eu\/senioren\/wp-json\/wp\/v2\/posts\/11922","targetHints":{"allow":["GET"]}}],"collection":[{"href":"https:\/\/borncity.eu\/senioren\/wp-json\/wp\/v2\/posts"}],"about":[{"href":"https:\/\/borncity.eu\/senioren\/wp-json\/wp\/v2\/types\/post"}],"author":[{"embeddable":true,"href":"https:\/\/borncity.eu\/senioren\/wp-json\/wp\/v2\/users\/1"}],"replies":[{"embeddable":true,"href":"https:\/\/borncity.eu\/senioren\/wp-json\/wp\/v2\/comments?post=11922"}],"version-history":[{"count":0,"href":"https:\/\/borncity.eu\/senioren\/wp-json\/wp\/v2\/posts\/11922\/revisions"}],"wp:attachment":[{"href":"https:\/\/borncity.eu\/senioren\/wp-json\/wp\/v2\/media?parent=11922"}],"wp:term":[{"taxonomy":"category","embeddable":true,"href":"https:\/\/borncity.eu\/senioren\/wp-json\/wp\/v2\/categories?post=11922"},{"taxonomy":"post_tag","embeddable":true,"href":"https:\/\/borncity.eu\/senioren\/wp-json\/wp\/v2\/tags?post=11922"}],"curies":[{"name":"wp","href":"https:\/\/api.w.org\/{rel}","templated":true}]}}