{"id":12067,"date":"2020-04-12T00:21:00","date_gmt":"2020-04-11T22:21:00","guid":{"rendered":"https:\/\/borncity.com\/senioren\/?p=12067"},"modified":"2025-09-21T21:32:13","modified_gmt":"2025-09-21T19:32:13","slug":"frhling-2020-wei-blau-und-grn-am-karfreitag","status":"publish","type":"post","link":"https:\/\/borncity.eu\/senioren\/2020\/04\/12\/frhling-2020-wei-blau-und-grn-am-karfreitag\/","title":{"rendered":"Fr&uuml;hling 2020: Wei&szlig;-blau und gr&uuml;n am Karfreitag"},"content":{"rendered":"<p>Am letzten Karfreitag habe ich mit Frau und Tochter das gute Wetter genutzt, um einen ausgiebigen Spaziergang in den Taunusw\u00e4ldern vor der Haust\u00fcre zu unternehmen. War so ein richtig 'wei\u00df-blaues' Wetter, bei dem einige Fotos entstanden.<\/p>\n<p><!--more--><\/p>\n<p>So quasi als Anti-Corona-Aufmunterung Fotos, die am Karfreitag entstanden. Erste Anlaufstelle war ein Aussichtspunkt im Taunus \u2013 der sogenannte <a href=\"https:\/\/de.wikipedia.org\/wiki\/Kaisertempel_(Eppstein)\" target=\"_blank\" rel=\"noopener noreferrer\">Kaisertempel<\/a> \u2013 in N\u00e4he des Taunusst\u00e4dtchens Eppstein.<\/p>\n<p><img loading=\"lazy\" decoding=\"async\" class=\"\" src=\"https:\/\/borncity.eu\/reisen\/wp-content\/uploads\/2025\/09\/OgW5gaA.jpg\" alt=\"Kaisertempel (Eppstein\/Taunus)\" width=\"611\" height=\"459\" \/><br \/>\n(Kaisertempel Eppstein\/Taunus)<\/p>\n<p>Hier ein Blick auf das Monument des Kaisertempels \u2013 der vor strahlend blauem Fr\u00fchlingshimmel am Staufenhang thront, eingerahmt von gr\u00fcn ausgetriebenem Blattwerk Der Kaisertempel wurde 1892 bis 1894 vom Versch\u00f6nerungsverein Eppstein erbaut und besteht lediglich aus der Tempel-Vorhalle mit vier S\u00e4ulen. Der Name bezieht sich auf die in der Vorhalle abgebildeten <a href=\"https:\/\/de.wikipedia.org\/wiki\/Deutsches_Kaiserreich\" target=\"_blank\" rel=\"noopener noreferrer\">deutschen Kaiser<\/a> <a href=\"https:\/\/de.wikipedia.org\/wiki\/Wilhelm_I._(Deutsches_Reich)\">Wilhelm I.<\/a> sowie seinem Nachfolger <a href=\"https:\/\/de.wikipedia.org\/wiki\/Friedrich_III._(Deutsches_Reich)\" target=\"_blank\" rel=\"noopener noreferrer\">Friedrich III.<\/a><\/p>\n<p><img loading=\"lazy\" decoding=\"async\" class=\"alignnone\" title=\"Eppstein \/ Taunus und Nassauische Schweiz\" src=\"https:\/\/i.imgur.com\/BUFq4iV.jpg\" alt=\"Eppstein \/ Taunus und Nassauische Schweiz\" width=\"640\" height=\"480\" \/><br \/>\n(Nassauische Schweiz: Eppstein und Taunush\u00e4nge)<\/p>\n<p>Das obige Foto zeigt Fr\u00fchlingsimpressionen aus der <a href=\"https:\/\/web.archive.org\/web\/20210728194007\/https:\/\/www.wanderdate.de\/singlewanderungen\/rhein-main\/ganztags\/nassauische-schweiz-im-taunus\/\" target=\"_blank\" rel=\"noopener noreferrer\">Nassauischen Schweiz<\/a>. Vom Kaisertempel hat man einen herrlichen Ausblick auf das Taunusst\u00e4dtchen <a href=\"https:\/\/www.eppstein.de\/de\/\" target=\"_blank\" rel=\"noopener noreferrer\">Eppstein<\/a> mit seiner Burgruine und die Staniolfabrik in der Bildmitte. Am Horizont der Stadtteil Bremthal sowie die Taunush\u00e4nge in Richtung Wiesbaden bzw. Rheingau. Ganz in der N\u00e4he (einige hundert Meter oberhalb) des Kaiserstempels liegt die Mendelssohn-Ged\u00e4chtnisst\u00e4tte im Wald.<\/p>\n<p><img loading=\"lazy\" decoding=\"async\" title=\"Mendelssohn-Ged\u00e4chtnisst\u00e4tte Eppstein\" src=\"https:\/\/borncity.eu\/reisen\/wp-content\/uploads\/2025\/09\/j8rQ66G.jpg\" alt=\"Mendelssohn-Ged\u00e4chtnisst\u00e4tte Eppstein\" width=\"354\" height=\"500\" \/><\/p>\n<p>Das Schild am Parkplatz des Restaurants Kaisertempel weist den Weg. An der Mendelssohn-Ged\u00e4chtnisst\u00e4tte findet sich ein weiterer Aussichtspunkt, an dem eine Bronzeplakette an einem Stein angebracht ist.<\/p>\n<p><img decoding=\"async\" src=\"https:\/\/i.imgur.com\/dHwTDAS.jpg\" \/><\/p>\n<p>Die Plakette erinnert an den Komponisten der Romantik, <a href=\"https:\/\/de.wikipedia.org\/wiki\/Felix_Mendelssohn_Bartholdy\" target=\"_blank\" rel=\"noopener noreferrer\">Felix Mendelssohn-Bartholdy<\/a>, (1809 \u2013 1847), der in seiner Frankfurter Zeit (1837 und 1847) \u00f6fters in Eppstein weilte. Denn die Nassauische Schweiz war wohl Ausflugsziel der Frankfurter \u2013 und Mendelssohn hatte wohl eine Freundin in Eppstein.<\/p>\n<p><img loading=\"lazy\" decoding=\"async\" title=\"Wei\u00df-blaue Impressionen: Fr\u00fchling 2020\" src=\"https:\/\/borncity.eu\/reisen\/wp-content\/uploads\/2025\/09\/PCQMLEJ.jpg\" alt=\"Wei\u00df-blaue Impressionen: Fr\u00fchling 2020\" width=\"640\" height=\"480\" \/><\/p>\n<p>Obiges Bild zeigt noch eine Impression in Wei\u00df-Blau von diesem Karfreitags-Spaziergang. Einige hundert Meter oberhalb der Mendelssohn-Ged\u00e4chtnisst\u00e4tte trifft man auf einen Wald- und Wanderweg, der immer wieder Ausblick auf die Taunush\u00f6hen und das Lorsbachtal er\u00f6ffnet. Hier ein Blick zur\u00fcck mit Eppstein (zwischen den B\u00e4umen), einem strahlend blauen Himmel mit einigen wei\u00dfen W\u00f6lkchen und immer wieder bl\u00fchende wilde Kirschb\u00e4ume. Einer meiner Lieblingswege, den ich fast t\u00e4glich laufe. Nur die bl\u00fchenden Birken haben mich als Pollenallergiker an diesem Tag etwas ge\u00e4rgert. Sch\u00f6ne Ostertage.<\/p>\n<p><strong>\u00c4hnliche Artikel:<br \/>\n<\/strong><a href=\"https:\/\/borncity.eu\/senioren\/2020\/01\/04\/schneeglckchen-schon-frhling\/\">Schneegl\u00f6ckchen: Ist schon wieder Fr\u00fchling?<\/a><br \/>\n<a href=\"https:\/\/borncity.eu\/senioren\/2020\/03\/30\/frhling-schnee-oster-glocken\/\">Fr\u00fchling: Schnee (Oster-)Glocken<\/a><br \/>\n<a href=\"https:\/\/borncity.eu\/senioren\/2020\/02\/10\/der-frhling-2020-ist-im-anmarsch\/\">Der Fr\u00fchling 2020 ist im Anmarsch<\/a><br \/>\n<a href=\"https:\/\/borncity.eu\/senioren\/2020\/03\/31\/der-frhling-2020-in-bildern-i\/\">Der Fr\u00fchling 2020 in Bildern \u2013 I<\/a><br \/>\n<a href=\"https:\/\/borncity.eu\/senioren\/2020\/04\/01\/der-frhling-2020-in-bildern-ii\/\">Der Fr\u00fchling 2020 in Bildern \u2013 II<\/a><br \/>\n<a href=\"https:\/\/borncity.eu\/senioren\/2019\/04\/10\/frhling-pflaumen-und-kirschbaumblte\/\">Fr\u00fchling: Pflaumen- und Kirschbaumbl\u00fcte<\/a><br \/>\n<a href=\"https:\/\/borncity.eu\/senioren\/2020\/04\/11\/frhling-2020-um-ostern-teil-1\/\">Fr\u00fchling 2020 \u2013 um Ostern \u2013 Teil 1<\/a><\/p>\n","protected":false},"excerpt":{"rendered":"<p>Am letzten Karfreitag habe ich mit Frau und Tochter das gute Wetter genutzt, um einen ausgiebigen Spaziergang in den Taunusw\u00e4ldern vor der Haust\u00fcre zu unternehmen. War so ein richtig 'wei\u00df-blaues' Wetter, bei dem einige Fotos entstanden.<\/p>\n","protected":false},"author":1,"featured_media":0,"comment_status":"open","ping_status":"open","sticky":false,"template":"","format":"standard","meta":{"footnotes":""},"categories":[18,13],"tags":[19,119],"class_list":["post-12067","post","type-post","status-publish","format-standard","hentry","category-foto","category-natur","tag-foto","tag-natur"],"_links":{"self":[{"href":"https:\/\/borncity.eu\/senioren\/wp-json\/wp\/v2\/posts\/12067","targetHints":{"allow":["GET"]}}],"collection":[{"href":"https:\/\/borncity.eu\/senioren\/wp-json\/wp\/v2\/posts"}],"about":[{"href":"https:\/\/borncity.eu\/senioren\/wp-json\/wp\/v2\/types\/post"}],"author":[{"embeddable":true,"href":"https:\/\/borncity.eu\/senioren\/wp-json\/wp\/v2\/users\/1"}],"replies":[{"embeddable":true,"href":"https:\/\/borncity.eu\/senioren\/wp-json\/wp\/v2\/comments?post=12067"}],"version-history":[{"count":5,"href":"https:\/\/borncity.eu\/senioren\/wp-json\/wp\/v2\/posts\/12067\/revisions"}],"predecessor-version":[{"id":28764,"href":"https:\/\/borncity.eu\/senioren\/wp-json\/wp\/v2\/posts\/12067\/revisions\/28764"}],"wp:attachment":[{"href":"https:\/\/borncity.eu\/senioren\/wp-json\/wp\/v2\/media?parent=12067"}],"wp:term":[{"taxonomy":"category","embeddable":true,"href":"https:\/\/borncity.eu\/senioren\/wp-json\/wp\/v2\/categories?post=12067"},{"taxonomy":"post_tag","embeddable":true,"href":"https:\/\/borncity.eu\/senioren\/wp-json\/wp\/v2\/tags?post=12067"}],"curies":[{"name":"wp","href":"https:\/\/api.w.org\/{rel}","templated":true}]}}