{"id":12149,"date":"2020-04-26T00:14:00","date_gmt":"2020-04-25T22:14:00","guid":{"rendered":"https:\/\/borncity.com\/senioren\/?p=12149"},"modified":"2020-04-24T13:23:33","modified_gmt":"2020-04-24T11:23:33","slug":"frhling-2020-birnbaum-und-apfelbaumblte","status":"publish","type":"post","link":"https:\/\/borncity.eu\/senioren\/2020\/04\/26\/frhling-2020-birnbaum-und-apfelbaumblte\/","title":{"rendered":"Fr&uuml;hling 2020: Birnbaum und Apfelbaumbl&uuml;te"},"content":{"rendered":"<p>Nachdem die Kirschb\u00e4ume und die Pflaumenb\u00fcsche l\u00e4ngst verbl\u00fcht sind, fangen jetzt die Apfelb\u00e4ume und die Birnb\u00e4ume mit ihrer Bl\u00fcte an. Ich habe die Tage auf meinen Spazierg\u00e4ngen einige Fotos bl\u00fchender B\u00e4ume geschossen.<\/p>\n<p><!--more--><\/p>\n<p>Der kleine Apfelbaum steht auf einem Brachstreifen und wird eigentlich nicht beschnitten oder sonderlich gepflegt. Die Tage stand er aber in voller Bl\u00fcte \u2013 mal schauen, was er im Herbst so tr\u00e4gt.<\/p>\n<p><img decoding=\"async\" title=\"Bl&uuml;hender Apfelbaum (2020)\" alt=\"Bl&uuml;hender Apfelbaum (2020)\" src=\"https:\/\/i.imgur.com\/9Z0U02R.jpg\"><br \/>Bl\u00fchender Apfelbaum (2020)<\/p>\n<p>Und hier ist noch ein bl\u00fchender Birnbaum zu sehen. Der steht auch an der Strecke meiner t\u00e4glichen Spazierg\u00e4nge. Diese B\u00e4ume in unserer Umgebung tragen nur sehr kleine, kaum genie\u00dfbare Fr\u00fcchte.<\/p>\n<p><img decoding=\"async\" src=\"https:\/\/i.imgur.com\/nGF5SFJ.jpg\"><br \/>Bl\u00fchender Birnbaum, Fr\u00fchling 2020<\/p>\n<p>Aber es ist immer wieder sch\u00f6n, die B\u00e4ume bl\u00fchen zu sehen \u2013 ein St\u00fcck Natur, ein St\u00fcck Fr\u00fchling. <\/p>\n<p><strong>\u00c4hnliche Artikel:<br \/><\/strong><a href=\"https:\/\/borncity.eu\/senioren\/2020\/01\/04\/schneeglckchen-schon-frhling\/\">Schneegl\u00f6ckchen: Ist schon wieder Fr\u00fchling?<\/a><br \/><a href=\"https:\/\/borncity.eu\/senioren\/2020\/03\/30\/frhling-schnee-oster-glocken\/\">Fr\u00fchling: Schnee (Oster-)Glocken<\/a><br \/><a href=\"https:\/\/borncity.eu\/senioren\/2020\/02\/10\/der-frhling-2020-ist-im-anmarsch\/\">Der Fr\u00fchling 2020 ist im Anmarsch<\/a><br \/><a href=\"https:\/\/borncity.eu\/senioren\/2020\/03\/31\/der-frhling-2020-in-bildern-i\/\">Der Fr\u00fchling 2020 in Bildern \u2013 I<\/a><br \/><a href=\"https:\/\/borncity.eu\/senioren\/2020\/04\/01\/der-frhling-2020-in-bildern-ii\/\">Der Fr\u00fchling 2020 in Bildern \u2013 II<\/a><br \/><a href=\"https:\/\/borncity.eu\/senioren\/2020\/04\/24\/der-frhling-2020-in-bildern-kirschblten-iii\/\">Der Fr\u00fchling 2020 in Bildern: Kirschbl\u00fcten \u2013 III<\/a><br \/><a href=\"https:\/\/borncity.eu\/senioren\/2019\/04\/10\/frhling-pflaumen-und-kirschbaumblte\/\">Fr\u00fchling: Pflaumen- und Kirschbaumbl\u00fcte<\/a><br \/><a href=\"https:\/\/borncity.eu\/senioren\/2020\/04\/11\/frhling-2020-um-ostern-teil-1\/\">Fr\u00fchling 2020 \u2013 um Ostern \u2013 Teil 1<\/a><br \/><a href=\"https:\/\/borncity.eu\/senioren\/2020\/04\/13\/frhling-2020-um-ostern-tulpenzeit-teil-2\/\">Fr\u00fchling 2020 \u2013 um Ostern \u2013 Tulpenzeit \u2013 Teil 2<\/a><br \/><a href=\"https:\/\/borncity.eu\/senioren\/2020\/04\/12\/frhling-2020-wei-blau-und-grn-am-karfreitag\/\">Fr\u00fchling 2020: Wei\u00df-blau und gr\u00fcn am Karfreitag<\/a><br \/><a href=\"https:\/\/borncity.eu\/senioren\/2017\/05\/01\/1-mai-impressionen-unser-l-leuchtet-gelb\/\">1. Mai-Impressionen: Unser \u00d6l leuchtet gelb<\/a><br \/><a href=\"https:\/\/borncity.eu\/senioren\/2016\/05\/13\/mai-impressionen-raps-apfelblte-und-mehr\/\">Mai-Impressionen: Raps- und Apfelbl\u00fcte<\/a><br \/><a href=\"https:\/\/borncity.eu\/senioren\/2017\/05\/01\/1-mai-impressionen-unser-l-leuchtet-gelb\/\">1. Mai-Impressionen: Unser \u00d6l leuchtet gelb<\/a><br \/><a href=\"https:\/\/borncity.eu\/senioren\/2017\/08\/14\/impressionen-vom-sommergarten-malven-und-mehr\/\">Impressionen vom Sommergarten: Malven, Zinnien und mehr<\/a><br \/><a href=\"https:\/\/borncity.eu\/senioren\/2017\/08\/13\/impressionen-vom-sommergarten-lilien\/\">Impressionen vom Sommergarten: Lilien<\/a><br \/><a href=\"https:\/\/borncity.eu\/senioren\/2018\/11\/19\/novemberimpressionen-herbstwald-wandern-am-taunussteig\/\">Novemberimpressionen: Herbstwald, Wandern am Taunussteig<\/a><\/p>\n","protected":false},"excerpt":{"rendered":"<p>Nachdem die Kirschb\u00e4ume und die Pflaumenb\u00fcsche l\u00e4ngst verbl\u00fcht sind, fangen jetzt die Apfelb\u00e4ume und die Birnb\u00e4ume mit ihrer Bl\u00fcte an. Ich habe die Tage auf meinen Spazierg\u00e4ngen einige Fotos bl\u00fchender B\u00e4ume geschossen.<\/p>\n","protected":false},"author":1,"featured_media":0,"comment_status":"open","ping_status":"open","sticky":false,"template":"","format":"standard","meta":{"footnotes":""},"categories":[18,13],"tags":[19,119],"class_list":["post-12149","post","type-post","status-publish","format-standard","hentry","category-foto","category-natur","tag-foto","tag-natur"],"_links":{"self":[{"href":"https:\/\/borncity.eu\/senioren\/wp-json\/wp\/v2\/posts\/12149","targetHints":{"allow":["GET"]}}],"collection":[{"href":"https:\/\/borncity.eu\/senioren\/wp-json\/wp\/v2\/posts"}],"about":[{"href":"https:\/\/borncity.eu\/senioren\/wp-json\/wp\/v2\/types\/post"}],"author":[{"embeddable":true,"href":"https:\/\/borncity.eu\/senioren\/wp-json\/wp\/v2\/users\/1"}],"replies":[{"embeddable":true,"href":"https:\/\/borncity.eu\/senioren\/wp-json\/wp\/v2\/comments?post=12149"}],"version-history":[{"count":0,"href":"https:\/\/borncity.eu\/senioren\/wp-json\/wp\/v2\/posts\/12149\/revisions"}],"wp:attachment":[{"href":"https:\/\/borncity.eu\/senioren\/wp-json\/wp\/v2\/media?parent=12149"}],"wp:term":[{"taxonomy":"category","embeddable":true,"href":"https:\/\/borncity.eu\/senioren\/wp-json\/wp\/v2\/categories?post=12149"},{"taxonomy":"post_tag","embeddable":true,"href":"https:\/\/borncity.eu\/senioren\/wp-json\/wp\/v2\/tags?post=12149"}],"curies":[{"name":"wp","href":"https:\/\/api.w.org\/{rel}","templated":true}]}}