{"id":12280,"date":"2020-05-19T07:22:41","date_gmt":"2020-05-19T05:22:41","guid":{"rendered":"https:\/\/borncity.com\/senioren\/?p=12280"},"modified":"2020-05-19T07:56:01","modified_gmt":"2020-05-19T05:56:01","slug":"frhling-2020-stiefmtterchen","status":"publish","type":"post","link":"https:\/\/borncity.eu\/senioren\/2020\/05\/19\/frhling-2020-stiefmtterchen\/","title":{"rendered":"Fr&uuml;hling 2020: Stiefm&uuml;tterchen"},"content":{"rendered":"<p><img loading=\"lazy\" decoding=\"async\" title=\"Stiefm&uuml;tterchen Violett-Blau\" style=\"float: left; margin: 0px 10px 0px 0px; display: inline\" alt=\"Stiefm&uuml;tterchen Violett-Blau\" src=\"https:\/\/i.imgur.com\/PuSF675.jpg\" width=\"190\" align=\"left\" height=\"142\">Wir haben Fr\u00fchling 2020 und allerorten bl\u00fcht und sprie\u00dft es. Clematis, Akelei, Rhododendron, Azaleen und was wei\u00df ich sonst, sind in den G\u00e4rten zu sehen. Und die Veilchen bl\u00fchten bereits vor Wochen am Wegesrand. In T\u00f6pfen und G\u00e4rten kann man jetzt zudem Stiefm\u00fctterchen bewundern. Ich habe die letzten Tage und Wochen mehrere Exemplare fotografiert.<\/p>\n<p><!--more--><\/p>\n<p><a href=\"https:\/\/de.wikipedia.org\/wiki\/Stiefm%C3%BCtterchen\" target=\"_blank\" rel=\"noopener noreferrer\">Stiefm\u00fctterchen<\/a> sind eine Gruppe von Arten aus der Gattung der Veilchengew\u00e4chse. Das Stiefm\u00fctterchen gilt als Symbol des Andenkens, der Erinnerung. Der Name kommt daher, dass die Bl\u00fctenbl\u00e4tter sich gegenseitig bedecken, wie auf der Wikipedia erkl\u00e4rt wird. Dort sind herrliche Fotos von Stiefm\u00fctterchen zu sehen. Die Farbspiele der Bl\u00fctenbl\u00e4tter begeistern mich immer wieder.<\/p>\n<p><img decoding=\"async\" title=\"Stiefm&uuml;tterchen Wei&szlig;-Blau\" alt=\"Stiefm&uuml;tterchen Wei&szlig;-Blau\" src=\"https:\/\/i.imgur.com\/sNk4WXq.jpg\"><\/p>\n<p>Das obige Exemplar habe ich per Smartphone auf meinem Terrassentisch aufgenommen. Es w\u00e4chst in einer Blumenschale und besitzt wei\u00dfe Bl\u00fctenbl\u00e4tter mit tiefblauen und gelben Einsprengseln. Das Foto sieht leicht unscharf aus, aber wenn das Original vergr\u00f6\u00dfert wird, sieht man sogar noch die Pollen, die Insekten auf der tiefblauen Fl\u00e4che verloren haben.<\/p>\n<p><img decoding=\"async\" title=\"Stiefm&uuml;tterchen Violett-Blau\" alt=\"Stiefm&uuml;tterchen Violett-Blau\" src=\"https:\/\/i.imgur.com\/PuSF675.jpg\"><\/p>\n<p>Obiges Foto entstand mit der gleichen Blumenschale \u2013 diese Art war auf der Gegenseite gepflanzt.<\/p>\n<p><img decoding=\"async\" title=\"Gartenstiefm&uuml;tterchen an Rhabarber \" alt=\"Gartenstiefm&uuml;tterchen an Rhabarber \" src=\"https:\/\/i.imgur.com\/yWTmPq3.jpg\"><\/p>\n<p>Und die gelben Gartenstiefm\u00fctterchen, die sich hinter Rhabarberbl\u00e4ttern verstecken, stehen in meinem Garten. Die ersten Rhabarberkuchen hat es schon gegeben. Und die kleinen Bl\u00e4tter unten links sind wilde Rucola-Pflanzen, die sich dort ausges\u00e4ht haben.&nbsp; Eine herrliche Zeit, dieser Fr\u00fchling.<\/p>\n<p><strong>\u00c4hnliche Artikel:<br \/><\/strong><a href=\"https:\/\/borncity.eu\/senioren\/2020\/02\/10\/der-frhling-2020-ist-im-anmarsch\/\">Der Fr\u00fchling 2020 ist im Anmarsch<\/a><br \/><a href=\"https:\/\/borncity.eu\/senioren\/2020\/03\/31\/der-frhling-2020-in-bildern-i\/\">Der Fr\u00fchling 2020 in Bildern \u2013 I<\/a><br \/><a href=\"https:\/\/borncity.eu\/senioren\/2020\/04\/01\/der-frhling-2020-in-bildern-ii\/\">Der Fr\u00fchling 2020 in Bildern \u2013 II<\/a><br \/><a href=\"https:\/\/borncity.eu\/senioren\/2019\/04\/10\/frhling-pflaumen-und-kirschbaumblte\/\">Fr\u00fchling: Pflaumen- und Kirschbaumbl\u00fcte<\/a><br \/><a href=\"https:\/\/borncity.eu\/senioren\/2020\/04\/11\/frhling-2020-um-ostern-teil-1\/\">Fr\u00fchling 2020 \u2013 um Ostern \u2013 Teil 1<\/a><br \/><a href=\"https:\/\/borncity.eu\/senioren\/2020\/04\/13\/frhling-2020-um-ostern-tulpenzeit-teil-2\/\">Fr\u00fchling 2020 \u2013 um Ostern \u2013 Tulpenzeit \u2013 Teil 2<\/a><br \/><a href=\"https:\/\/borncity.eu\/senioren\/2020\/04\/12\/frhling-2020-wei-blau-und-grn-am-karfreitag\/\">Fr\u00fchling 2020: Wei\u00df-blau und gr\u00fcn am Karfreitag<\/a><br \/><a href=\"https:\/\/borncity.eu\/senioren\/2020\/04\/24\/der-frhling-2020-in-bildern-kirschblten-iii\/\">Der Fr\u00fchling 2020 in Bildern: Kirschbl\u00fcten \u2013 III<\/a><br \/><a href=\"https:\/\/borncity.eu\/senioren\/2020\/05\/17\/frhling-kirschernte-mitte-mai-2020\/\">Fr\u00fchling, Kirschernte Mitte Mai 2020<\/a><\/p>\n","protected":false},"excerpt":{"rendered":"<p>Wir haben Fr\u00fchling 2020 und allerorten bl\u00fcht und sprie\u00dft es. Clematis, Akelei, Rhododendron, Azaleen und was wei\u00df ich sonst, sind in den G\u00e4rten zu sehen. Und die Veilchen bl\u00fchten bereits vor Wochen am Wegesrand. In T\u00f6pfen und G\u00e4rten kann man &hellip; <a href=\"https:\/\/borncity.eu\/senioren\/2020\/05\/19\/frhling-2020-stiefmtterchen\/\">Weiterlesen <span class=\"meta-nav\">&rarr;<\/span><\/a><\/p>\n","protected":false},"author":1,"featured_media":0,"comment_status":"open","ping_status":"open","sticky":false,"template":"","format":"standard","meta":{"footnotes":""},"categories":[18,13],"tags":[19,119],"class_list":["post-12280","post","type-post","status-publish","format-standard","hentry","category-foto","category-natur","tag-foto","tag-natur"],"_links":{"self":[{"href":"https:\/\/borncity.eu\/senioren\/wp-json\/wp\/v2\/posts\/12280","targetHints":{"allow":["GET"]}}],"collection":[{"href":"https:\/\/borncity.eu\/senioren\/wp-json\/wp\/v2\/posts"}],"about":[{"href":"https:\/\/borncity.eu\/senioren\/wp-json\/wp\/v2\/types\/post"}],"author":[{"embeddable":true,"href":"https:\/\/borncity.eu\/senioren\/wp-json\/wp\/v2\/users\/1"}],"replies":[{"embeddable":true,"href":"https:\/\/borncity.eu\/senioren\/wp-json\/wp\/v2\/comments?post=12280"}],"version-history":[{"count":0,"href":"https:\/\/borncity.eu\/senioren\/wp-json\/wp\/v2\/posts\/12280\/revisions"}],"wp:attachment":[{"href":"https:\/\/borncity.eu\/senioren\/wp-json\/wp\/v2\/media?parent=12280"}],"wp:term":[{"taxonomy":"category","embeddable":true,"href":"https:\/\/borncity.eu\/senioren\/wp-json\/wp\/v2\/categories?post=12280"},{"taxonomy":"post_tag","embeddable":true,"href":"https:\/\/borncity.eu\/senioren\/wp-json\/wp\/v2\/tags?post=12280"}],"curies":[{"name":"wp","href":"https:\/\/api.w.org\/{rel}","templated":true}]}}