{"id":12318,"date":"2020-05-23T10:37:50","date_gmt":"2020-05-23T08:37:50","guid":{"rendered":"https:\/\/borncity.com\/senioren\/?p=12318"},"modified":"2020-05-23T10:37:50","modified_gmt":"2020-05-23T08:37:50","slug":"schlagzeuger-klaus-selmke-von-city-verstorben","status":"publish","type":"post","link":"https:\/\/borncity.eu\/senioren\/2020\/05\/23\/schlagzeuger-klaus-selmke-von-city-verstorben\/","title":{"rendered":"Schlagzeuger Klaus Selmke von City verstorben"},"content":{"rendered":"<p>F\u00fcr mich, als Kind des Westens, waren Karat und die Puhdys ein Begriff, aber die Band <a href=\"https:\/\/de.wikipedia.org\/wiki\/City_(Band)\" target=\"_blank\" rel=\"noopener noreferrer\">City<\/a> ist unbekannt. Aber die Blog-Leser\/innen aus den neuen Bundesl\u00e4ndern werden mit City etwas anfangen k\u00f6nnen. Der Mann am Schlagzeug der 1972 in Ostberlin gegr\u00fcndeten Band war Klaus Selmke. Das <a href=\"https:\/\/www.youtube.com\/watch?v=x-0Jic8g0Bc\" target=\"_blank\" rel=\"noopener noreferrer\">Video hier<\/a> stellt Klaus in seinem Studio vor. Klaus ist am 22. Mai 2020 verstorben. SPON hat <a href=\"https:\/\/www.spiegel.de\/kultur\/musik\/klaus-selmke-ist-tot-a-054534f0-35db-41e1-b1c5-32e3e31b5e0c\" target=\"_blank\" rel=\"noopener noreferrer\">diesen Artikel<\/a> \u00fcber ihn ver\u00f6ffentlicht, und <a href=\"https:\/\/www.youtube.com\/watch?v=d_OyDTqScN4\" target=\"_blank\" rel=\"noopener noreferrer\">hier<\/a> gibt es eine Video-Widmung zum Tode von Selmke. Als Reminiszenz an City deren St\u00fcck '<a href=\"https:\/\/www.youtube.com\/watch?v=e6oDrXOLs8w\" target=\"_blank\" rel=\"noopener noreferrer\">Am Fenster<\/a>'.<\/p>\n","protected":false},"excerpt":{"rendered":"<p>F\u00fcr mich, als Kind des Westens, waren Karat und die Puhdys ein Begriff, aber die Band City ist unbekannt. Aber die Blog-Leser\/innen aus den neuen Bundesl\u00e4ndern werden mit City etwas anfangen k\u00f6nnen. Der Mann am Schlagzeug der 1972 in Ostberlin &hellip; <a href=\"https:\/\/borncity.eu\/senioren\/2020\/05\/23\/schlagzeuger-klaus-selmke-von-city-verstorben\/\">Weiterlesen <span class=\"meta-nav\">&rarr;<\/span><\/a><\/p>\n","protected":false},"author":1,"featured_media":0,"comment_status":"open","ping_status":"open","sticky":false,"template":"","format":"standard","meta":{"footnotes":""},"categories":[1],"tags":[168,112],"class_list":["post-12318","post","type-post","status-publish","format-standard","hentry","category-allgemein","tag-allgemein","tag-musik"],"_links":{"self":[{"href":"https:\/\/borncity.eu\/senioren\/wp-json\/wp\/v2\/posts\/12318","targetHints":{"allow":["GET"]}}],"collection":[{"href":"https:\/\/borncity.eu\/senioren\/wp-json\/wp\/v2\/posts"}],"about":[{"href":"https:\/\/borncity.eu\/senioren\/wp-json\/wp\/v2\/types\/post"}],"author":[{"embeddable":true,"href":"https:\/\/borncity.eu\/senioren\/wp-json\/wp\/v2\/users\/1"}],"replies":[{"embeddable":true,"href":"https:\/\/borncity.eu\/senioren\/wp-json\/wp\/v2\/comments?post=12318"}],"version-history":[{"count":0,"href":"https:\/\/borncity.eu\/senioren\/wp-json\/wp\/v2\/posts\/12318\/revisions"}],"wp:attachment":[{"href":"https:\/\/borncity.eu\/senioren\/wp-json\/wp\/v2\/media?parent=12318"}],"wp:term":[{"taxonomy":"category","embeddable":true,"href":"https:\/\/borncity.eu\/senioren\/wp-json\/wp\/v2\/categories?post=12318"},{"taxonomy":"post_tag","embeddable":true,"href":"https:\/\/borncity.eu\/senioren\/wp-json\/wp\/v2\/tags?post=12318"}],"curies":[{"name":"wp","href":"https:\/\/api.w.org\/{rel}","templated":true}]}}