{"id":12632,"date":"2020-07-13T00:21:00","date_gmt":"2020-07-12T22:21:00","guid":{"rendered":"https:\/\/borncity.com\/senioren\/?p=12632"},"modified":"2020-12-11T18:28:13","modified_gmt":"2020-12-11T17:28:13","slug":"schmetterlingsflieder-im-juli-2020","status":"publish","type":"post","link":"https:\/\/borncity.eu\/senioren\/2020\/07\/13\/schmetterlingsflieder-im-juli-2020\/","title":{"rendered":"Schmetterlingsflieder im Juli 2020"},"content":{"rendered":"<p><img loading=\"lazy\" decoding=\"async\" style=\"float: left; margin: 0px 10px 0px 0px; display: inline;\" title=\"Schmetterling auf Schmetterlingsflieder\" src=\"https:\/\/i.imgur.com\/eIcCYfk.jpg\" alt=\"Schmetterling auf Schmetterlingsflieder\" width=\"272\" height=\"204\" align=\"left\" \/>Aktuell haben wir Juli 2020, und in meinem Garten bl\u00fcht ein Schmetterlingsflieder wie wild. Das Teil habe ich vor vielen Jahren mal auf einem Randstreifen, wo ich noch Himbeeren und Johannisbeeren ziehe, gepflanzt. Bisher war diese Pflanze, die auch als Sommerflieder bekannt ist, immer eine Nektarweide f\u00fcr diverse Arten von Schmetterlingen, vom Tagpfauenauge bis hin zum Taubenschw\u00e4nzchen.<!--more--><\/p>\n<h2>Fast beim Beschnitt gekillt<\/h2>\n<p><img loading=\"lazy\" decoding=\"async\" src=\"https:\/\/vg04.met.vgwort.de\/na\/3a5e5bf0f34e44fc98b741375b746ac4\" alt=\"\" width=\"1\" height=\"1\" \/>Das Teil habe ich vor vielen Jahren mal gepflanzt \u2013 bin mir nicht sicher, ob es ein Trieb war, den ich mir vom Lago Maggiore mitgebracht habe, oder ob das Exemplar gekauft ist. Vor vielen Jahren hatte ich die Austriebe im Herbst auf ca. 20 cm \u00fcber dem Boden gek\u00fcrzt, weil diese sehr hoch wuchsen und anderen Pflanzen das Licht nahmen. In den Vorjahren hatte ich den R\u00fcckschnitt dagegen auf 1,20 bis 1,50 Meter H\u00f6he begrenzt. Aber da waren die Austriebe einfach \u00fcber 3 Meter hoch gewachsen.<\/p>\n<p>Erst sah es so aus, als ob ich den Schmetterlingsflieder gekillt h\u00e4tte. Im Fr\u00fchjahr tat sich nichts mit Austrieb. Meine Frau meinte schon: Der ist kaputt, grab die Wurzel aus, dass war es, Du hast den Busch mal wieder gekillt \u2013 wolltest ja nicht h\u00f6ren. Sie hatte gejammert, als ich die Austriebe radikal k\u00fcrzte, weil diese einfach zu hoch wuchsen, so dass man die Bl\u00fctendolden kaum aus der N\u00e4he sehen wollte.<\/p>\n<p>Konnte sich Mann nicht sagen lassen \u2013 also habe ich 'der kommt noch' gemurmelt \u2013 die Hoffnung stirbt bekanntlich zuletzt. Ich erinnere nicht, ob der Wurzelstock in diesem Jahr noch ausgetrieben hat. Irgendwann waren aber am Wurzelstock vier gr\u00fcne P\u00fcnktchen, gro\u00df wie ein Stecknadelkopf, zu sehen. Als ich triumphierend 'siehste, der treibt doch aus' in Richtung meiner Frau rief, meinte sie lakonisch 'alles klar, Du kuckst dir neue Triebe sch\u00f6n, das Ding ist kaputt, wirf es raus'. Habe ich nicht gemacht und nach 2 Monaten hatten wir erste, ca. 1 Meter hohe d\u00fcnne Triebe.<\/p>\n<h2>Volle Bl\u00fctenpracht und Schmetterlinge<\/h2>\n<p>Inzwischen treibt der Schmetterlingsflieder Jahr f\u00fcr Jahr kr\u00e4ftig aus und muss zur\u00fcckgeschnitten werden. Hier ein Blick in den Himmel \u00fcber dem Schmetterlingsflieder.<\/p>\n<p><img decoding=\"async\" title=\"Schmetterlingsflieder\" src=\"https:\/\/i.imgur.com\/XzBaiGQ.jpg\" alt=\"Schmetterlingsflieder\" \/><br \/>\n(Schmetterlingsflieder)<\/p>\n<p>Nachfolgend ist eine Bl\u00fctendolde des Schmetterlinksflieders mit hunderten von Einzelbl\u00fcten zu sehen. Normalerweise sollten die Bl\u00fcten vor Schmetterlingen nur so wimmeln.<\/p>\n<p><img decoding=\"async\" title=\"(Schmetterlingsflieder)\" src=\"https:\/\/i.imgur.com\/nAPpsG7.jpg\" alt=\"(Schmetterlingsflieder)\" \/><br \/>\n(Dolden des Schmetterlingsflieders)<\/p>\n<p>Offenbar ist es dieses Jahr (12. Juli 2020) noch zu fr\u00fch f\u00fcr eine gr\u00f6\u00dfere Schmetterlingspopulation. So laben sich Bienen und Hummeln an den Bl\u00fcten. Aber ein Tagpfauenauge hat sich heute auf die Bl\u00fctendolden verirrt.<\/p>\n<p><img decoding=\"async\" title=\"Schmetterling auf Schmetterlingsflieder\" src=\"https:\/\/i.imgur.com\/0Hn9rMq.jpg\" alt=\"Schmetterling auf Schmetterlingsflieder\" \/><br \/>\n(Schmetterling auf Schmetterlingsflieder)<\/p>\n<p>Ein weiteres Foto eines Tagpfauenauges auf diesen Bl\u00fctendolden gibt es in dem \u00e4lteren Artikel <a href=\"https:\/\/borncity.eu\/senioren\/2016\/07\/26\/impressionen-vom-sommer-xi\/\" target=\"_blank\" rel=\"noopener noreferrer\">hier<\/a>.<\/p>\n<p><img decoding=\"async\" title=\"Schmetterling auf Schmetterlingsflieder\" src=\"https:\/\/i.imgur.com\/7gRLifD.jpg\" alt=\"Schmetterling auf Schmetterlingsflieder\" \/><br \/>\n(Schmetterling auf Schmetterlingsflieder, Quelle: Ralf Brodersen)<\/p>\n<p>Das obige Foto hat mein Nachbar mit einer besseren Kamera\/Objektivkombination geschossen. Er hatte den Vorteil, von seinem Grundst\u00fcck ca. einen Meter erh\u00f6ht stehen zu k\u00f6nnen.<\/p>\n<p><strong>\u00c4hnliche Artikel:<\/strong><br \/>\n<a href=\"https:\/\/borncity.eu\/senioren\/2020\/07\/12\/urban-gardening-sommerfrchtchen-2020\/\">Urban Gardening: Sommerfr\u00fcchtchen 2020<\/a><br \/>\n<a href=\"https:\/\/borncity.eu\/senioren\/2016\/07\/26\/impressionen-vom-sommer-xi\/\">Impressionen vom Sommer XI<\/a><br \/>\n<a href=\"https:\/\/borncity.eu\/senioren\/2019\/06\/20\/wilder-sommergarten-2019\/\">Wilder Sommergarten: Juni 2019<\/a><br \/>\n<a href=\"https:\/\/borncity.eu\/senioren\/2018\/12\/02\/my-lemon-tree-musik-und-geschichten-um-die-zitrone\/\">My Lemon-Tree: Musik und Geschichten um die Zitrone<\/a><br \/>\n<a href=\"https:\/\/borncity.eu\/senioren\/2017\/07\/24\/schmetterlinge-wo-sind-sie-geblieben\/\">Schmetterlinge, wo sind sie geblieben?<\/a><\/p>\n","protected":false},"excerpt":{"rendered":"<p>Aktuell haben wir Juli 2020, und in meinem Garten bl\u00fcht ein Schmetterlingsflieder wie wild. Das Teil habe ich vor vielen Jahren mal auf einem Randstreifen, wo ich noch Himbeeren und Johannisbeeren ziehe, gepflanzt. Bisher war diese Pflanze, die auch als &hellip; <a href=\"https:\/\/borncity.eu\/senioren\/2020\/07\/13\/schmetterlingsflieder-im-juli-2020\/\">Weiterlesen <span class=\"meta-nav\">&rarr;<\/span><\/a><\/p>\n","protected":false},"author":1,"featured_media":0,"comment_status":"open","ping_status":"open","sticky":false,"template":"","format":"standard","meta":{"footnotes":""},"categories":[18,13],"tags":[19,119],"class_list":["post-12632","post","type-post","status-publish","format-standard","hentry","category-foto","category-natur","tag-foto","tag-natur"],"_links":{"self":[{"href":"https:\/\/borncity.eu\/senioren\/wp-json\/wp\/v2\/posts\/12632","targetHints":{"allow":["GET"]}}],"collection":[{"href":"https:\/\/borncity.eu\/senioren\/wp-json\/wp\/v2\/posts"}],"about":[{"href":"https:\/\/borncity.eu\/senioren\/wp-json\/wp\/v2\/types\/post"}],"author":[{"embeddable":true,"href":"https:\/\/borncity.eu\/senioren\/wp-json\/wp\/v2\/users\/1"}],"replies":[{"embeddable":true,"href":"https:\/\/borncity.eu\/senioren\/wp-json\/wp\/v2\/comments?post=12632"}],"version-history":[{"count":0,"href":"https:\/\/borncity.eu\/senioren\/wp-json\/wp\/v2\/posts\/12632\/revisions"}],"wp:attachment":[{"href":"https:\/\/borncity.eu\/senioren\/wp-json\/wp\/v2\/media?parent=12632"}],"wp:term":[{"taxonomy":"category","embeddable":true,"href":"https:\/\/borncity.eu\/senioren\/wp-json\/wp\/v2\/categories?post=12632"},{"taxonomy":"post_tag","embeddable":true,"href":"https:\/\/borncity.eu\/senioren\/wp-json\/wp\/v2\/tags?post=12632"}],"curies":[{"name":"wp","href":"https:\/\/api.w.org\/{rel}","templated":true}]}}