{"id":12672,"date":"2020-07-17T00:11:00","date_gmt":"2020-07-16T22:11:00","guid":{"rendered":"https:\/\/borncity.com\/senioren\/?p=12672"},"modified":"2020-07-16T13:47:32","modified_gmt":"2020-07-16T11:47:32","slug":"sommer-2020-im-wicken-land","status":"publish","type":"post","link":"https:\/\/borncity.eu\/senioren\/2020\/07\/17\/sommer-2020-im-wicken-land\/","title":{"rendered":"Sommer 2020: Im Wicken-Land &hellip;"},"content":{"rendered":"<p><img loading=\"lazy\" decoding=\"async\" title=\"Wickenbl&uuml;te\" style=\"float: left; margin: 0px 10px 0px 0px; display: inline\" alt=\"Wickenbl&uuml;te\" src=\"https:\/\/i.imgur.com\/VW65cw1.jpg\" width=\"146\" align=\"left\" height=\"195\">Aktuell haben wir Juli 2020, und in meinem Garten bl\u00fcht und gr\u00fcnt es seit M\u00e4rz. Aber auch in den G\u00e4rten der Nachbarschaft ist echt was los, was bl\u00fchende Pflanzen betrifft. Ich habe hier im Blog ja bereits einige Artikel mit Foto-Impressionen ver\u00f6ffentlicht, wo ich Azaleen, Rhododendron und weitere Blumen thematisiert habe. Viele Aufnahmen entstehen spontan auf Spazierg\u00e4ngen, wobei ich dort meist keine Kamera, sondern ein Smartphone dabei habe. Ein Thema, was mich begeistert, sind Wicken mit ihren tollen Bl\u00fcten. <\/p>\n<p><!--more--><\/p>\n<p><img loading=\"lazy\" decoding=\"async\" alt=\"\" src=\"https:\/\/vg04.met.vgwort.de\/na\/9595d6b9ebaf4eaead75f7a0b802e436\" width=\"1\" height=\"1\">Ich hatte 2018 schon mal mein 'Erlebnis' als ich in einem Nadelwald auf eine bl\u00fchende Wicke gesto\u00dfen bin. War f\u00fcr mich eine 'unbekannte Bl\u00fcte', die ich dann als <a href=\"https:\/\/de.wikipedia.org\/wiki\/Knollen-Platterbse\" target=\"_blank\" rel=\"noopener noreferrer\">Knollen-Platterbse<\/a> (Lathyrus tuberosus) identifiziert zu haben glaubte. <\/p>\n<p><img decoding=\"async\" title=\"Lathyrus tuberosus (Blatterbse)\" alt=\"Lathyrus tuberosus (Blatterbse)\" src=\"https:\/\/i.imgur.com\/yoX09wH.jpg\"><br \/>(Lathyrus tuberosus (Platterbse))  <\/p>\n<p>Ich hatte das sorgsam im Blog-Beitrag <a href=\"https:\/\/borncity.eu\/senioren\/2018\/09\/08\/blten-fund-im-wald-lathyrus-tuberosus-blatterbse\/\">Bl\u00fcten-Fund im Wald: Lathyrus tuberosus (Knollige Platterbse)<\/a> aufbereitet \u2013 und es kam kein Widerspruch. Dieses Jahr sah ich pl\u00f6tzlich die Bl\u00fcten an allen m\u00f6glichen Stellen in den G\u00e4rten der Nachbarschaft \u2013 und als ich meine Frau nach dem Namen der Pflanze fragte, meinte sie 'das sind Wicken' (<a href=\"https:\/\/de.wikipedia.org\/wiki\/Wicken_(Vicia)\" target=\"_blank\" rel=\"noopener noreferrer\">Vicia<\/a>). Es handelt sich ebenfalls um Exemplare aus der Unterfamilie der <a href=\"https:\/\/de.wikipedia.org\/wiki\/Schmetterlingsbl%C3%BCtler\" target=\"_blank\" rel=\"noopener noreferrer\">Schmetterlingsbl\u00fctler<\/a> (Faboideae). Die Wikipedia f\u00fchrt aber aus, dass die gelegentlich als \u201eDuft-Wicke\" oder \u201eGartenwicke\" bezeichnete <a href=\"https:\/\/de.wikipedia.org\/wiki\/Duftende_Platterbse\" target=\"_blank\" rel=\"noopener noreferrer\">Duftende Platterbse<\/a> (<i>Lathyrus odoratus<\/i>) nicht zur Gattung der <i>Vicia <\/i>geh\u00f6rt, sondern eine Art der Gattung der <a href=\"https:\/\/de.wikipedia.org\/wiki\/Platterbsen\" target=\"_blank\" rel=\"noopener noreferrer\">Platterbsen<\/a> (<i>Lathyrus<\/i>) ist.  <\/p>\n<p>Nachdem mir nichts duftendes an obiger Pflanze aufgefallen ist und eine weitere Person mir auf Nachfrage sagte: 'Halte ich f\u00fcr Wicken', gebe ich mich geschlagen. Hat mich aber nicht davon abgehalten, die letzten Wochen bl\u00fchende Wicken an diversen Z\u00e4unen zu fotografieren. Mich begeistern die zarten Bl\u00fcten immer wieder.  <\/p>\n<p><img decoding=\"async\" title=\"Dunkle Wickenbl&uuml;ten\" alt=\"Dunkle Wickenbl&uuml;ten\" src=\"https:\/\/i.imgur.com\/VW65cw1.jpg\"><br \/>(Dunkle Wickenbl\u00fcten)  <\/p>\n<p><img decoding=\"async\" title=\"Helle Wickenbl&uuml;te\" alt=\"Helle Wickenbl&uuml;te\" src=\"https:\/\/i.imgur.com\/kzeeI7S.jpg\"><br \/>(Helle Wickenbl\u00fcten)  <\/p>\n<p><img decoding=\"async\" title=\"Wickenbl&uuml;te mit Biene\" alt=\"Wickenbl&uuml;te mit Biene\" src=\"https:\/\/i.imgur.com\/dDl1g9B.jpg\"><br \/>(Wickenbl\u00fcte mit Biene)  <\/p>\n<p><img decoding=\"async\" title=\"Wickenbl&uuml;te und viel Gr&uuml;n\" alt=\"Wickenbl&uuml;te und viel Gr&uuml;n\" src=\"https:\/\/i.imgur.com\/w1t62Gf.jpg\"><br \/>(Wickenbl\u00fcte und viel Gr\u00fcn)<\/p>\n<p><img decoding=\"async\" title=\"Zaungast: Wickenbl&uuml;ten\" alt=\"Zaungast: Wickenbl&uuml;ten\" src=\"https:\/\/i.imgur.com\/SwVNzgg.jpg\"><br \/>(Zaungast: Wickenbl\u00fcten)<\/p>\n<p><strong>\u00c4hnliche Artikel:<br \/><\/strong><a href=\"https:\/\/borncity.eu\/senioren\/2020\/01\/04\/schneeglckchen-schon-frhling\/\">Schneegl\u00f6ckchen: Ist schon wieder Fr\u00fchling?<\/a><br \/><a href=\"https:\/\/borncity.eu\/senioren\/2020\/03\/30\/frhling-schnee-oster-glocken\/\">Fr\u00fchling: Schnee (Oster-)Glocken<\/a><br \/><a href=\"https:\/\/borncity.eu\/senioren\/2020\/02\/10\/der-frhling-2020-ist-im-anmarsch\/\">Der Fr\u00fchling 2020 ist im Anmarsch<\/a><br \/><a href=\"https:\/\/borncity.eu\/senioren\/2020\/03\/31\/der-frhling-2020-in-bildern-i\/\">Der Fr\u00fchling 2020 in Bildern \u2013 I<\/a><br \/><a href=\"https:\/\/borncity.eu\/senioren\/2020\/04\/01\/der-frhling-2020-in-bildern-ii\/\">Der Fr\u00fchling 2020 in Bildern \u2013 II<\/a><br \/><a href=\"https:\/\/borncity.eu\/senioren\/2019\/04\/10\/frhling-pflaumen-und-kirschbaumblte\/\">Fr\u00fchling: Pflaumen- und Kirschbaumbl\u00fcte<\/a><br \/><a href=\"https:\/\/borncity.eu\/senioren\/2020\/04\/11\/frhling-2020-um-ostern-teil-1\/\">Fr\u00fchling 2020 \u2013 um Ostern \u2013 Teil 1<\/a><br \/><a href=\"https:\/\/borncity.eu\/senioren\/2020\/04\/13\/frhling-2020-um-ostern-tulpenzeit-teil-2\/\">Fr\u00fchling 2020 \u2013 um Ostern \u2013 Tulpenzeit \u2013 Teil 2<\/a><br \/><a href=\"https:\/\/borncity.eu\/senioren\/2020\/04\/12\/frhling-2020-wei-blau-und-grn-am-karfreitag\/\">Fr\u00fchling 2020: Wei\u00df-blau und gr\u00fcn am Karfreitag<\/a> <br \/><a href=\"https:\/\/borncity.eu\/senioren\/2020\/07\/16\/sommer-2020-einfach-feuerlilie\/\">Sommer 2020: Einfach Feuerlilie \u2026<\/a> <\/p>\n<p><a href=\"https:\/\/borncity.eu\/senioren\/2020\/07\/13\/schmetterlingsflieder-im-juli-2020\/\">Schmetterlingsflieder im Juli 2020<\/a><br \/><a href=\"https:\/\/borncity.eu\/senioren\/2020\/07\/12\/urban-gardening-sommerfrchtchen-2020\/\">Urban Gardening: Sommerfr\u00fcchtchen 2020<\/a><br \/><a href=\"https:\/\/borncity.eu\/senioren\/2020\/05\/25\/frhling-2020-schwertlilie-iris-als-zaungast\/\">Fr\u00fchling 2020: Schwertlilie (Iris) als 'Zaungast'<\/a><br \/><a href=\"https:\/\/borncity.eu\/senioren\/2020\/05\/22\/frhling-2020-klatschmohn\/\">Fr\u00fchling 2020: Klatschmohn<\/a><br \/><a href=\"https:\/\/borncity.eu\/senioren\/2020\/05\/17\/frhling-kirschernte-mitte-mai-2020\/\">Fr\u00fchling, Kirschernte Mitte Mai 2020<\/a><br \/><a href=\"https:\/\/borncity.eu\/senioren\/2020\/05\/21\/frhling-2020-azaleen-und-rhododendron\/\">Fr\u00fchling 2020: Azaleen und Rhododendron<\/a><br \/><a href=\"https:\/\/borncity.eu\/senioren\/2020\/05\/20\/frhling-2020-kornblume\/\">Fr\u00fchling 2020: Kornblume<\/a><br \/><a href=\"https:\/\/borncity.eu\/senioren\/2020\/05\/19\/frhling-2020-stiefmtterchen\/\">Fr\u00fchling 2020: Stiefm\u00fctterchen<\/a><br \/><a href=\"https:\/\/borncity.eu\/senioren\/2020\/04\/26\/frhling-2020-birnbaum-und-apfelbaumblte\/\">Fr\u00fchling 2020: Birnbaum und Apfelbaumbl\u00fcte<\/a><br \/><a href=\"https:\/\/borncity.eu\/senioren\/2020\/04\/25\/frhling-2020-raps-blauer-himmel-und-frische-bltter\/\">Fr\u00fchling 2020: Raps, blauer Himmel und gr\u00fcne B\u00e4ume<\/a><\/p>\n<p><a href=\"https:\/\/borncity.eu\/senioren\/2019\/01\/25\/pflanzen-hren-auch-wenn-bienen-kommen\/\">Pflanzen h\u00f6ren \u2013 auch wenn Bienen kommen<\/a><br \/><a href=\"https:\/\/borncity.eu\/senioren\/2018\/09\/08\/blten-fund-im-wald-lathyrus-tuberosus-blatterbse\/\">Bl\u00fcten-Fund im Wald: Lathyrus tuberosus (Knollige Platterbse)<\/a><\/p>\n","protected":false},"excerpt":{"rendered":"<p>Aktuell haben wir Juli 2020, und in meinem Garten bl\u00fcht und gr\u00fcnt es seit M\u00e4rz. Aber auch in den G\u00e4rten der Nachbarschaft ist echt was los, was bl\u00fchende Pflanzen betrifft. Ich habe hier im Blog ja bereits einige Artikel mit &hellip; <a href=\"https:\/\/borncity.eu\/senioren\/2020\/07\/17\/sommer-2020-im-wicken-land\/\">Weiterlesen <span class=\"meta-nav\">&rarr;<\/span><\/a><\/p>\n","protected":false},"author":1,"featured_media":0,"comment_status":"open","ping_status":"open","sticky":false,"template":"","format":"standard","meta":{"footnotes":""},"categories":[18,13],"tags":[19,119],"class_list":["post-12672","post","type-post","status-publish","format-standard","hentry","category-foto","category-natur","tag-foto","tag-natur"],"_links":{"self":[{"href":"https:\/\/borncity.eu\/senioren\/wp-json\/wp\/v2\/posts\/12672","targetHints":{"allow":["GET"]}}],"collection":[{"href":"https:\/\/borncity.eu\/senioren\/wp-json\/wp\/v2\/posts"}],"about":[{"href":"https:\/\/borncity.eu\/senioren\/wp-json\/wp\/v2\/types\/post"}],"author":[{"embeddable":true,"href":"https:\/\/borncity.eu\/senioren\/wp-json\/wp\/v2\/users\/1"}],"replies":[{"embeddable":true,"href":"https:\/\/borncity.eu\/senioren\/wp-json\/wp\/v2\/comments?post=12672"}],"version-history":[{"count":0,"href":"https:\/\/borncity.eu\/senioren\/wp-json\/wp\/v2\/posts\/12672\/revisions"}],"wp:attachment":[{"href":"https:\/\/borncity.eu\/senioren\/wp-json\/wp\/v2\/media?parent=12672"}],"wp:term":[{"taxonomy":"category","embeddable":true,"href":"https:\/\/borncity.eu\/senioren\/wp-json\/wp\/v2\/categories?post=12672"},{"taxonomy":"post_tag","embeddable":true,"href":"https:\/\/borncity.eu\/senioren\/wp-json\/wp\/v2\/tags?post=12672"}],"curies":[{"name":"wp","href":"https:\/\/api.w.org\/{rel}","templated":true}]}}