{"id":13018,"date":"2020-08-13T00:05:00","date_gmt":"2020-08-12T22:05:00","guid":{"rendered":"https:\/\/borncity.com\/senioren\/?p=13018"},"modified":"2020-08-13T10:50:41","modified_gmt":"2020-08-13T08:50:41","slug":"digitale-teilhabe-lterer-laut-ministerin-giffey-ausbaufhig","status":"publish","type":"post","link":"https:\/\/borncity.eu\/senioren\/2020\/08\/13\/digitale-teilhabe-lterer-laut-ministerin-giffey-ausbaufhig\/","title":{"rendered":"Digitale Teilhabe &Auml;lterer laut Ministerin Giffey ausbauf&auml;hig"},"content":{"rendered":"<p><img loading=\"lazy\" decoding=\"async\" style=\"float: left; margin: 0px 10px 0px 0px; display: inline;\" src=\"https:\/\/www.borncity.com\/blog\/wp-content\/uploads\/2014\/02\/OneDrive.jpg\" width=\"58\" height=\"56\" \/>Die Digitalisierung bietet \u00e4lteren Menschen viele Chancen, um m\u00f6glichst lange ein selbst\u00e4ndiges und eigenverantwortliches Leben f\u00fchren zu k\u00f6nnen. Aber gerade \u00e4ltere Menschen vergeben sie viele Chancen bei der digitalen Teilhabe, so Bundesseniorenministerin Dr. Franziska Giffey bei der Vorstellung des <a href=\"https:\/\/www.achter-altersbericht.de\/bericht\" target=\"_blank\" rel=\"noopener noreferrer\">Achten Altersberichts der Bundesregierung<\/a>.<\/p>\n<p><!--more--><\/p>\n<h3>Digitalisierung und Technik im Alter<\/h3>\n<p>Die interdisziplin\u00e4r zusammengesetzte Achte Altersberichtskommission unter der Leitung von Professor Dr. Andreas Kruse hatte den Auftrag herauszuarbeiten, welchen Beitrag Digitalisierung und Technik zu einem guten Leben im Alter leisten k\u00f6nnen. Die Kommission beendete ihre Arbeit bereits vor Ausbruch der Corona-Pandemie. Die Erkenntnisse der Sachverst\u00e4ndigen sind, laut Kommission, gerade jetzt aber besonders wertvoll. Denn sie zeigen, welchen Einfluss die rasant fortschreitende Digitalisierung auf das Leben \u00e4lterer Menschen hat und welche M\u00f6glichkeiten das Unterst\u00fctzungspotenzial digitaler Technik gerade in Krisenzeiten bietet.<\/p>\n<p><img decoding=\"async\" title=\"Senioren im Park\" src=\"https:\/\/borncity.eu\/senioren\/wp-content\/uploads\/2023\/05\/RwTRYo4.jpg\" alt=\"Senioren im Park\" \/><br \/>\n(Quelle: Pexels <a href=\"https:\/\/www.pexels.com\/de\/u\/kaboompics\/\">Kaboompics \/\/ Karolina<\/a> CC0 Lizenz)<\/p>\n<h3>Der achte Altersbericht<\/h3>\n<p>Der Achte Altersbericht befasst sich mit Entwicklung und Anwendung digitaler Technologien sowie mit deren Auswirkungen vor allem in den Lebensbereichen Wohnen, Mobilit\u00e4t, soziale Integration, Gesundheit, Pflege und auch mit dem Leben im Quartier. Dar\u00fcber hinaus unterstreicht er die Bedeutung von digitaler Souver\u00e4nit\u00e4t, die Voraussetzung ist f\u00fcr digitale Teilhabe. Anregungen geben die Sachverst\u00e4ndigen auch zum Umgang mit ethischen Fragen, die beim Einsatz von digitalen Technologien entstehen k\u00f6nnen.<\/p>\n<h3>75 Plus ist abgeh\u00e4ngt<\/h3>\n<p>\u201eDie Digitalisierung birgt gerade auch f\u00fcr \u00e4ltere Menschen ein riesiges Potenzial, das wir noch viel st\u00e4rker aussch\u00f6pfen m\u00fcssen. Es geht nicht nur um das Skypen mit den Enkelkindern oder Einkaufen \u00fcbers Internet. Entscheidend daf\u00fcr ist, dass wir die digitalen Angebote st\u00e4rker an den Bed\u00fcrfnissen ausrichten und die \u00e4lteren Menschen dabei unterst\u00fctzen, mit der Entwicklung Schritt zu halten. Zugleich gilt es, die digitale Kluft, die es innerhalb der \u00e4lteren Generation gibt, abzubauen. Wir d\u00fcrfen nicht zulassen, dass Seniorinnen und Senioren abgeh\u00e4ngt werden, dass ihnen der Zugang zu digitalen Angeboten und damit auch zur Teilhabe versperrt ist\", so Bundesseniorenministerin Dr. Franziska Giffey.<\/p>\n<p>Insbesondere Personen \u00e4lter als 75 Jahre verf\u00fcgen oft \u00fcber keinen Internetanschluss und haben so Schwierigkeiten, am digitalen Leben teilzunehmen. Der Grad der Internetnutzung h\u00e4ngt aber auch vom Bildungsgrad ab (siehe auch <a href=\"https:\/\/www.heise.de\/news\/Altersbericht-Digitalisierung-Mehr-Senioren-ans-Netz-4869252.html\" target=\"_blank\" rel=\"noopener noreferrer\">diesen Artikel<\/a>).<\/p>\n<blockquote><p>Pers\u00f6nlich bin ich von der ganzen Sache extrem gezwittert. Einerseits ackere ich seit 2001 \u00fcber meine B\u00fccher daran, Leute im Alter 50 Plus mit dem Internet und der Computertechnik zusammen zu bringen. Und ich sehe und erlebe auch t\u00e4glich als Blogger und IT-Autor die Vorteile der digitalen Teilhabe. Aber es gibt die Kehrseite: Das Internet und die digitale Technik ist inzwischen zur Resterampe abgehalfterter Manager, Entwickler und Politiker geworden. Was uns sicherheitstechnisch vor die F\u00fc\u00dfe gekippt wird, l\u00e4sst mir nur die Haare zu Berge stehen. Inzwischen bin ich soweit, dass ich eigentlich sage 'h\u00e4tte ich nicht beruflich mit dem ganzen Zeug zu tun, ich w\u00fcrde es meiden, wie der Teufel das Weihwasser'. Behaltet diese Aussage im Hinterkopf und zieht das in 10 Jahren wieder aus der Schublade &#8230;<\/p><\/blockquote>\n<h2>Ma\u00dfnahmen zur Verbesserung<\/h2>\n<p>In ihrer Stellungnahme zeigt die Bundesregierung auf, dass bereits vielf\u00e4ltige Ma\u00dfnahmen eingeleitet wurden, um in den von den Sachverst\u00e4ndigen angesprochenen Bereichen gute Teilhabem\u00f6glichkeiten gerade auch f\u00fcr \u00e4ltere Menschen zu schaffen und die angemahnten Infrastrukturen auf den Weg zu bringen. Sachverst\u00e4ndige und Bundesregierung betonen gleicherma\u00dfen die Bedeutung der Einstellung der \u00e4lteren Menschen, denn es liegt auch in der Hand der \u00e4lteren Menschen selbst, digitalen Technologien mit Offenheit gegen\u00fcberzutreten.<\/p>\n<p>Die aktuelle Pandemie-Situation bietet somit auch eine Chance, sich mit den Vorteilen und Nutzungsm\u00f6glichkeiten der digitalen Technik vielleicht erstmals auseinanderzusetzen.<\/p>\n<blockquote><p>Die Altersberichterstattung geht zur\u00fcck auf einen Beschluss des Deutschen Bundestages aus dem Jahr 1994. Er gibt der Bundesregierung auf, in jeder Legislaturperiode einen Bericht zur Lebenssituation von \u00e4lteren Menschen in Deutschland zu erstellen. Erarbeitet werden die Berichte von unabh\u00e4ngigen Sachverst\u00e4ndigenkommissionen, die mit Expertinnen und Experten unterschiedlicher Fachrichtungen besetzt werden.<\/p><\/blockquote>\n<p>Brosch\u00fcre <a href=\"https:\/\/www.achter-altersbericht.de\/fileadmin\/altersbericht\/pdf\/Broschuere-Achter-Altersbericht.pdf\" target=\"_blank\" rel=\"noopener noreferrer\">\u00c4ltere Menschen und Digitalisierung &#8211; Erkenntnisse und Empfehlungen des Achten Altersberichts<\/a><\/p>\n","protected":false},"excerpt":{"rendered":"<p>Die Digitalisierung bietet \u00e4lteren Menschen viele Chancen, um m\u00f6glichst lange ein selbst\u00e4ndiges und eigenverantwortliches Leben f\u00fchren zu k\u00f6nnen. Aber gerade \u00e4ltere Menschen vergeben sie viele Chancen bei der digitalen Teilhabe, so Bundesseniorenministerin Dr. Franziska Giffey bei der Vorstellung des Achten &hellip; <a href=\"https:\/\/borncity.eu\/senioren\/2020\/08\/13\/digitale-teilhabe-lterer-laut-ministerin-giffey-ausbaufhig\/\">Weiterlesen <span class=\"meta-nav\">&rarr;<\/span><\/a><\/p>\n","protected":false},"author":1,"featured_media":0,"comment_status":"open","ping_status":"open","sticky":false,"template":"","format":"standard","meta":{"footnotes":""},"categories":[23,655],"tags":[7],"class_list":["post-13018","post","type-post","status-publish","format-standard","hentry","category-computer","category-technik","tag-internet"],"_links":{"self":[{"href":"https:\/\/borncity.eu\/senioren\/wp-json\/wp\/v2\/posts\/13018","targetHints":{"allow":["GET"]}}],"collection":[{"href":"https:\/\/borncity.eu\/senioren\/wp-json\/wp\/v2\/posts"}],"about":[{"href":"https:\/\/borncity.eu\/senioren\/wp-json\/wp\/v2\/types\/post"}],"author":[{"embeddable":true,"href":"https:\/\/borncity.eu\/senioren\/wp-json\/wp\/v2\/users\/1"}],"replies":[{"embeddable":true,"href":"https:\/\/borncity.eu\/senioren\/wp-json\/wp\/v2\/comments?post=13018"}],"version-history":[{"count":0,"href":"https:\/\/borncity.eu\/senioren\/wp-json\/wp\/v2\/posts\/13018\/revisions"}],"wp:attachment":[{"href":"https:\/\/borncity.eu\/senioren\/wp-json\/wp\/v2\/media?parent=13018"}],"wp:term":[{"taxonomy":"category","embeddable":true,"href":"https:\/\/borncity.eu\/senioren\/wp-json\/wp\/v2\/categories?post=13018"},{"taxonomy":"post_tag","embeddable":true,"href":"https:\/\/borncity.eu\/senioren\/wp-json\/wp\/v2\/tags?post=13018"}],"curies":[{"name":"wp","href":"https:\/\/api.w.org\/{rel}","templated":true}]}}