{"id":13159,"date":"2020-08-25T08:28:53","date_gmt":"2020-08-25T06:28:53","guid":{"rendered":"https:\/\/borncity.com\/senioren\/?p=13159"},"modified":"2020-08-25T08:30:47","modified_gmt":"2020-08-25T06:30:47","slug":"sommer-2020-bonsai-bougainvillea-an-tagetes","status":"publish","type":"post","link":"https:\/\/borncity.eu\/senioren\/2020\/08\/25\/sommer-2020-bonsai-bougainvillea-an-tagetes\/","title":{"rendered":"Sommer 2020: Bonsai-Bougainvillea an Tagetes &#8230;"},"content":{"rendered":"<p><img loading=\"lazy\" decoding=\"async\" title=\"Bougainvillea mit Tagetes \" style=\"float: left; margin: 0px 10px 0px 0px; display: inline\" alt=\"Bougainvillea mit Tagetes \" src=\"https:\/\/i.imgur.com\/P4xtcsa.jpg\" width=\"209\" align=\"left\" height=\"157\">Noch ein schneller Morgengru\u00df von meiner Terrasse, wo unsere Bougainvillea in einem Topf gerade in Bl\u00fcte steht. Die Pflanze ist schon einige Jahre alt &#8211; und erreichte fr\u00fcher gut 1 Meter Wuchsh\u00f6he. Zur \u00dcberwinterung kommt sie aber in den Keller, wo regelm\u00e4\u00dfig alles verdorrt. Im Fr\u00fchjahr schneide ich dann das Totholz ab und warte auf den neuen Austrieb. <\/p>\n<p><!--more--><\/p>\n<p>Dieser R\u00fcckschnitt und das Halten in einem kleinen Terracotta-Topf f\u00fchrt inzwischen zum Zwergwuchs &#8211; sozusagen eine&nbsp; Bonsai-Bougainvillea. Vielleicht muss ich der Pflanze mal einen gr\u00f6\u00dferen Topf und neue Erde spendieren, damit sie wieder gr\u00f6\u00dfer w\u00e4chst. Damit die&nbsp; Bonsai-Bougainvillea nicht gar so eine traurige Gestalt abgibt, hat meine Frau Tagetes mit im Topf gepflanzt. Ich finde ja, diese Kombination der Bougainvillea-Bl\u00fcten mit den gelb-roten Tagetes-Bl\u00fcten hat schon was.&nbsp; Und ansonsten gilt: Klein, aber fein und vor allem mein &#8230;<\/p>\n<p><img decoding=\"async\" title=\"Bougainvillea mit Tagetes \" alt=\"Bougainvillea mit Tagetes \" src=\"https:\/\/i.imgur.com\/P4xtcsa.jpg\"><br \/>(Bougainvillea mit Tagetes, August 2020)<\/p>\n<p><strong>\u00c4hnliche Artikel:<br \/><\/strong><a href=\"https:\/\/borncity.eu\/senioren\/2020\/03\/31\/der-frhling-2020-in-bildern-i\/\">Der Fr\u00fchling 2020 in Bildern \u2013 I<\/a><br \/><a href=\"https:\/\/borncity.eu\/senioren\/2020\/04\/01\/der-frhling-2020-in-bildern-ii\/\">Der Fr\u00fchling 2020 in Bildern \u2013 II<\/a><br \/><a href=\"https:\/\/borncity.eu\/senioren\/2019\/04\/10\/frhling-pflaumen-und-kirschbaumblte\/\">Fr\u00fchling: Pflaumen- und Kirschbaumbl\u00fcte<\/a><br \/><a href=\"https:\/\/borncity.eu\/senioren\/2020\/04\/11\/frhling-2020-um-ostern-teil-1\/\">Fr\u00fchling 2020 \u2013 um Ostern \u2013 Teil 1<\/a><br \/><a href=\"https:\/\/borncity.eu\/senioren\/2020\/04\/13\/frhling-2020-um-ostern-tulpenzeit-teil-2\/\">Fr\u00fchling 2020 \u2013 um Ostern \u2013 Tulpenzeit \u2013 Teil 2<\/a><br \/><a href=\"https:\/\/borncity.eu\/senioren\/2020\/04\/12\/frhling-2020-wei-blau-und-grn-am-karfreitag\/\">Fr\u00fchling 2020: Wei\u00df-blau und gr\u00fcn am Karfreitag<\/a><br \/><a href=\"https:\/\/borncity.eu\/senioren\/2020\/05\/22\/frhling-2020-klatschmohn\/\">Fr\u00fchling 2020: Klatschmohn<\/a><br \/><a href=\"https:\/\/borncity.eu\/senioren\/2020\/05\/17\/frhling-kirschernte-mitte-mai-2020\/\">Fr\u00fchling, Kirschernte Mitte Mai 2020<\/a><br \/><a href=\"https:\/\/borncity.eu\/senioren\/2020\/05\/21\/frhling-2020-azaleen-und-rhododendron\/\">Fr\u00fchling 2020: Azaleen und Rhododendron<\/a><br \/><a href=\"https:\/\/borncity.eu\/senioren\/2020\/05\/20\/frhling-2020-kornblume\/\">Fr\u00fchling 2020: Kornblume<\/a><br \/><a href=\"https:\/\/borncity.eu\/senioren\/2020\/05\/19\/frhling-2020-stiefmtterchen\/\">Fr\u00fchling 2020: Stiefm\u00fctterchen<\/a><br \/><a href=\"https:\/\/borncity.eu\/senioren\/2020\/04\/26\/frhling-2020-birnbaum-und-apfelbaumblte\/\">Fr\u00fchling 2020: Birnbaum und Apfelbaumbl\u00fcte<\/a><br \/><a href=\"https:\/\/borncity.eu\/senioren\/2020\/04\/25\/frhling-2020-raps-blauer-himmel-und-frische-bltter\/\">Fr\u00fchling 2020: Raps, blauer Himmel und gr\u00fcne B\u00e4ume<\/a><br \/><a href=\"https:\/\/borncity.eu\/senioren\/2020\/07\/13\/schmetterlingsflieder-im-juli-2020\/\">Schmetterlingsflieder im Juli 2020<\/a><br \/><a href=\"https:\/\/borncity.eu\/senioren\/2020\/07\/12\/urban-gardening-sommerfrchtchen-2020\/\">Urban Gardening: Sommerfr\u00fcchtchen 2020<\/a><br \/><a href=\"https:\/\/borncity.eu\/senioren\/2020\/08\/18\/sommer-2020-oleander-in-voller-blte\/\">Sommer 2020: Oleander in voller Bl\u00fcte<\/a><br \/><a href=\"https:\/\/borncity.eu\/senioren\/2020\/08\/19\/feigen-feigen-feigen\/\">Feigen, Feigen, Feigen \u2026<\/a><br \/><a href=\"https:\/\/borncity.eu\/senioren\/2020\/08\/24\/lampionblumen-in-meinem-garten\/\">Lampionblumen in meinem Garten<\/a><\/p>\n","protected":false},"excerpt":{"rendered":"<p>Noch ein schneller Morgengru\u00df von meiner Terrasse, wo unsere Bougainvillea in einem Topf gerade in Bl\u00fcte steht. Die Pflanze ist schon einige Jahre alt &#8211; und erreichte fr\u00fcher gut 1 Meter Wuchsh\u00f6he. Zur \u00dcberwinterung kommt sie aber in den Keller, &hellip; <a href=\"https:\/\/borncity.eu\/senioren\/2020\/08\/25\/sommer-2020-bonsai-bougainvillea-an-tagetes\/\">Weiterlesen <span class=\"meta-nav\">&rarr;<\/span><\/a><\/p>\n","protected":false},"author":1,"featured_media":0,"comment_status":"open","ping_status":"open","sticky":false,"template":"","format":"standard","meta":{"footnotes":""},"categories":[18,13],"tags":[14,19,119],"class_list":["post-13159","post","type-post","status-publish","format-standard","hentry","category-foto","category-natur","tag-blumen","tag-foto","tag-natur"],"_links":{"self":[{"href":"https:\/\/borncity.eu\/senioren\/wp-json\/wp\/v2\/posts\/13159","targetHints":{"allow":["GET"]}}],"collection":[{"href":"https:\/\/borncity.eu\/senioren\/wp-json\/wp\/v2\/posts"}],"about":[{"href":"https:\/\/borncity.eu\/senioren\/wp-json\/wp\/v2\/types\/post"}],"author":[{"embeddable":true,"href":"https:\/\/borncity.eu\/senioren\/wp-json\/wp\/v2\/users\/1"}],"replies":[{"embeddable":true,"href":"https:\/\/borncity.eu\/senioren\/wp-json\/wp\/v2\/comments?post=13159"}],"version-history":[{"count":0,"href":"https:\/\/borncity.eu\/senioren\/wp-json\/wp\/v2\/posts\/13159\/revisions"}],"wp:attachment":[{"href":"https:\/\/borncity.eu\/senioren\/wp-json\/wp\/v2\/media?parent=13159"}],"wp:term":[{"taxonomy":"category","embeddable":true,"href":"https:\/\/borncity.eu\/senioren\/wp-json\/wp\/v2\/categories?post=13159"},{"taxonomy":"post_tag","embeddable":true,"href":"https:\/\/borncity.eu\/senioren\/wp-json\/wp\/v2\/tags?post=13159"}],"curies":[{"name":"wp","href":"https:\/\/api.w.org\/{rel}","templated":true}]}}