{"id":13223,"date":"2020-08-29T00:19:00","date_gmt":"2020-08-28T22:19:00","guid":{"rendered":"https:\/\/borncity.com\/senioren\/?p=13223"},"modified":"2020-10-02T00:08:37","modified_gmt":"2020-10-01T22:08:37","slug":"foto-projekt-blhender-ackerrandstreifen-teil-iii","status":"publish","type":"post","link":"https:\/\/borncity.eu\/senioren\/2020\/08\/29\/foto-projekt-blhender-ackerrandstreifen-teil-iii\/","title":{"rendered":"Foto-Projekt: Bl&uuml;hender Ackerrandstreifen &#8211; Teil III"},"content":{"rendered":"<p><img loading=\"lazy\" decoding=\"async\" style=\"float: left; margin: 0px 10px 0px 0px; display: inline;\" title=\"Bl\u00fchender Rainfarn Phazelia\" src=\"https:\/\/i.imgur.com\/T5b9N89.jpg\" alt=\"Bl\u00fchende Sonnenblume \" width=\"161\" height=\"215\" align=\"left\" \/>Im Juli 2020 habe ich mit meinem Fotoprojekt (siehe <a href=\"https:\/\/borncity.eu\/senioren\/2020\/08\/27\/foto-projekt-blhender-ackerrandstreifen-teil-i\/\">Foto-Projekt: Bl\u00fchender Ackerrandstreifen<\/a> &#8211; Teil 1 und <a href=\"https:\/\/borncity.eu\/senioren\/?p=13213\">Foto-Projekt: Bl\u00fchender Ackerrandstreifen<\/a> &#8211; Teil II) begonnen, die Wachstumsphase eines Ackerrandstreifens fotografisch zu dokumentierten. Dann kam der August, das Getreide war reif und der M\u00e4hdrescher fuhr \u00fcber die Felder. Anschlie\u00dfend bearbeitete der Landwirt die Stoppeln auf dem Getreidefeld mit einem Grubber, um diese unter die Erde zu bringen. Was aus dem einges\u00e4ten Randstreifen wurde, dokumentiere ich nun in Teil III. <!--more--><\/p>\n<p><img loading=\"lazy\" decoding=\"async\" src=\"https:\/\/vg08.met.vgwort.de\/na\/f8f0d70e675644ce993fc79163144168\" alt=\"\" width=\"1\" height=\"1\" \/>Dominierten Mitte Juli noch die <a href=\"https:\/\/www.landwirtschaftskammer.de\/presse\/archiv\/2004\/aa-2004-30-01.htm\" target=\"_blank\" rel=\"noopener noreferrer\">Phazelia<\/a>-Bl\u00fcten den Ackerrandstreifen, kamen im August die Sonnenblumen zu Ehren. Kaum war die Phazelia verbl\u00fcht, erhob sich ein gelbes Meer an Sonnenblumen.<\/p>\n<p><img decoding=\"async\" title=\"Bl\u00fchender Ackerrandstreifen mit bl\u00fchenden Sonnenblumen, so weit das Auge reicht\" src=\"https:\/\/i.imgur.com\/KKLTgtZ.jpg\" alt=\"Bl\u00fchender Ackerrandstreifen mit bl\u00fchenden Sonnenblumen, so weit das Auge reicht\" \/><br \/>\n(Bl\u00fchender Ackerrandstreifen mit bl\u00fchenden Sonnenblumen, so weit das Auge reicht)<\/p>\n<p>Und dann kam der M\u00e4hdrescher und erntete das Getreide auf den Feldern mit dem Ackerrandstreifen &#8211; hatte ich im Blog-Beitrag <a href=\"https:\/\/borncity.eu\/senioren\/2020\/08\/08\/sommer-sonne-und-getreideernte\/\">Sommer, Sonne und Getreideernte<\/a> thematisiert.<\/p>\n<p><img decoding=\"async\" title=\"Getreideernte 2020\" src=\"https:\/\/i.imgur.com\/3L8f0dl.jpg\" alt=\"Getreideernte 2020\" \/><br \/>\n(Getreideernte 2020)<\/p>\n<p>Gl\u00fccklicherweise bliebt der Ackerrandstreifen unangetastet stehen. Das galt auch, als der Landwirt mit einem Grubber \u00fcber die Stoppelfelder fuhr und die dortigen Stoppeln untergrubberte.<\/p>\n<p><img decoding=\"async\" title=\"Dill w\u00e4chst im Ackerrandstreifen\" src=\"https:\/\/i.imgur.com\/cOsRqWf.jpg\" alt=\"Dill w\u00e4chst im Ackerrandstreifen\" \/><br \/>\n(Dill w\u00e4chst im Ackerrandstreifen)<\/p>\n<p>In der Saatgutmischung m\u00fcssen auch einige Dill-Samen drin gewesen sein, denn an einigen Stellen konnte man die Samenst\u00e4nde dieser Pflanze bewundern (obiges Foto). Was mich in den kommenden Wochen aber begeisterte, waren die auf dem Ackerrandstreifen wachsenden Sonnenblumen, die mit dem Bl\u00fchen begannen.<\/p>\n<p><img decoding=\"async\" title=\"Sonnenblumen auf Ackerrandstreifen vor abgeerntetem Getreidefeld\" src=\"https:\/\/i.imgur.com\/iaXRaLk.jpg\" alt=\"Sonnenblumen auf Ackerrandstreifen vor abgeerntetem Getreidefeld\" \/><br \/>\n(Sonnenblumen auf Ackerrandstreifen vor abgeerntetem Getreidefeld)<\/p>\n<p>In obigem Foto sind die Phazelia-Bl\u00fcten im Ackerrandstreifen bereits verbl\u00fcht &#8211; aber die Sonnenblumen stehen in voller Pracht. Es machte schon Laune, die bl\u00fchenden Sonnenblumen vor der tollen Naturkulisse zu fotografieren. Hier Impressionen von Augusttagen, wo der Herbst quasi schon gr\u00fc\u00dfen l\u00e4sst.<\/p>\n<p><img decoding=\"async\" src=\"https:\/\/i.imgur.com\/20NmaUA.jpg\" \/><br \/>\n(Sonnenblume, abgeerntetes Feld und Himmel)<\/p>\n<p><img decoding=\"async\" title=\"Sonnenblume, abgeerntetes Feld, Taunus und Himmel\" src=\"https:\/\/i.imgur.com\/w7kignX.jpg\" alt=\"Sonnenblume, abgeerntetes Feld, Taunus und Himmel\" \/><br \/>\n(Sonnenblume, abgeerntetes Feld, Taunus und Himmel)<\/p>\n<p>In obigem Bild sind schon die Wolken durch erste Sturmb\u00f6en etwas zerzaust &#8211; zusammen mit dem abgeernteten Feld, dessen Stoppeln mit einer Scheibenegge oder einem Grubber unter die Erde gebracht wurden, kommt schon erste Herbststimmung auf.<\/p>\n<p><img decoding=\"async\" title=\"Alles schaut nach Frankfurt\" src=\"https:\/\/i.imgur.com\/x08iDdo.jpg\" alt=\"Alles schaut nach Frankfurt\" \/><br \/>\n(Blick \u00fcber das leere Getreidefeld auf die Skyline von Frankfurt\/Main)<\/p>\n<p><img decoding=\"async\" title=\"Sonnenblumen und Taunus\" src=\"https:\/\/i.imgur.com\/UiKyfxi.jpg\" alt=\"Sonnenblumen und Taunus\" \/><br \/>\n(Blick durch Sonnenblumen auf den Taunus und den kleinen Feldberg)<\/p>\n<p>In den Augustwochen reiften die Sonnenblumenkerne in den Sonnenblumen. Bald konnte man die Stellen sehen, wo die V\u00f6gel erste Kerne aus den Bl\u00fcten gepickt hatten. Ich habe mir immer mal wieder einige Sonnenblumenkerne auf Spazierg\u00e4ngen per Fingernagel aus den Sonnenblumenbl\u00fctenst\u00e4nden herausgebrochen. Dachte ich zuerst noch, dass ich die Kerne sch\u00e4len m\u00fcsse, stellte aber fest, dass die schwarze Kernschale noch so weich war, dass die mit gekaut und gegessen werden konnte. Erst in getrocknetem Zustand muss man Sonnenblumenkerne wohl sch\u00e4len.<\/p>\n<p><img decoding=\"async\" title=\"Verbl\u00fchter Ackerrandstreifen\" src=\"https:\/\/i.imgur.com\/fDmJoTQ.jpg\" alt=\"Verbl\u00fchter Ackerrandstreifen\" \/><br \/>\n(Verbl\u00fchter Ackerrandstreifen mit Sonnenblumenresten)<\/p>\n<p>Und mit dem obigen Bild m\u00f6chte ich mich aus dem Foto-Projekt 'Ackerrandstreifen' verabschieden. Die Phazelia sowie die anderen Blumen im Ackerrandstreifen sind nun endg\u00fcltig verbl\u00fcht &#8211; nur einige traurige Sonnenblumen fristen noch ihr Dasein. Das Foto zeigt eine meiner Lieblingsstellen in N\u00e4he von <a href=\"https:\/\/borncity.com\/reisen\/2018\/11\/19\/herbstwanderung-am-schinderhannessteig-taunus\/\" target=\"_blank\" rel=\"noopener noreferrer\">Hof Gimbach<\/a>\/Kelkheim (siehe <a href=\"https:\/\/borncity.eu\/senioren\/2018\/11\/19\/novemberimpressionen-herbstwald-wandern-am-taunussteig\/\" target=\"_blank\" rel=\"noopener noreferrer\">auch<\/a>), wo man eine Anh\u00f6he erklimmt und dann der Blick auf die H\u00e4nge des Taunuskamms freigegeben wird. Geniale Landschaft, in der ich lebe und spazieren gehen oder wandern darf. Das in Teil II gezeigte Insektenhotel steht \u00fcbrigens links des Feldwegs ca. 3 Meter von dem hier gezeigten Ackerrandstreifen. Ich finde es im nachhinein ganz spannend, dass mir das spontane Fotoprojekt zur Dokumentation des Ackerrandstreifens so spontan gelungen ist.<\/p>\n<p><strong>Artikelreihe<\/strong><br \/>\n<a href=\"https:\/\/borncity.eu\/senioren\/2020\/08\/27\/foto-projekt-blhender-ackerrandstreifen-teil-i\/\">Foto-Projekt: Bl\u00fchender Ackerrandstreifen<\/a> &#8211; Teil I<br \/>\n<a href=\"https:\/\/borncity.eu\/senioren\/?p=13213\">Foto-Projekt: Bl\u00fchender Ackerrandstreifen<\/a> &#8211; Teil II<br \/>\n<a href=\"https:\/\/borncity.eu\/senioren\/?p=13223\">Foto-Projekt: Bl\u00fchender Ackerrandstreifen<\/a> &#8211; Teil III<br \/>\n<a href=\"https:\/\/borncity.eu\/senioren\/2020\/10\/02\/foto-projekt-blhender-ackerrandstreifen-teil-iv\/\">Foto-Projekt: Bl\u00fchender Ackerrandstreifen<\/a>\u00a0\u2013 Teil IV<\/p>\n<p><strong>\u00c4hnliche Artikel:<br \/>\n<\/strong><a href=\"https:\/\/borncity.eu\/senioren\/2020\/02\/10\/der-frhling-2020-ist-im-anmarsch\/\">Der Fr\u00fchling 2020 ist im Anmarsch<\/a><br \/>\n<a href=\"https:\/\/borncity.eu\/senioren\/2020\/03\/31\/der-frhling-2020-in-bildern-i\/\">Der Fr\u00fchling 2020 in Bildern \u2013 I<\/a><br \/>\n<a href=\"https:\/\/borncity.eu\/senioren\/2020\/04\/01\/der-frhling-2020-in-bildern-ii\/\">Der Fr\u00fchling 2020 in Bildern \u2013 II<\/a><br \/>\n<a href=\"https:\/\/borncity.eu\/senioren\/2019\/04\/10\/frhling-pflaumen-und-kirschbaumblte\/\">Fr\u00fchling: Pflaumen- und Kirschbaumbl\u00fcte<\/a><br \/>\n<a href=\"https:\/\/borncity.eu\/senioren\/2020\/04\/11\/frhling-2020-um-ostern-teil-1\/\">Fr\u00fchling 2020 \u2013 um Ostern \u2013 Teil 1<\/a><br \/>\n<a href=\"https:\/\/borncity.eu\/senioren\/2020\/04\/13\/frhling-2020-um-ostern-tulpenzeit-teil-2\/\">Fr\u00fchling 2020 \u2013 um Ostern \u2013 Tulpenzeit \u2013 Teil 2<\/a><br \/>\n<a href=\"https:\/\/borncity.eu\/senioren\/2020\/04\/12\/frhling-2020-wei-blau-und-grn-am-karfreitag\/\">Fr\u00fchling 2020: Wei\u00df-blau und gr\u00fcn am Karfreitag<\/a><br \/>\n<a href=\"https:\/\/borncity.eu\/senioren\/2020\/04\/24\/der-frhling-2020-in-bildern-kirschblten-iii\/\">Der Fr\u00fchling 2020 in Bildern: Kirschbl\u00fcten \u2013 III<\/a><br \/>\n<a href=\"https:\/\/borncity.eu\/senioren\/2020\/04\/26\/frhling-2020-birnbaum-und-apfelbaumblte\/\">Fr\u00fchling 2020: Birnbaum und Apfelbaumbl\u00fcte<\/a><br \/>\n<a href=\"https:\/\/borncity.eu\/senioren\/2020\/05\/19\/frhling-2020-stiefmtterchen\/\">Fr\u00fchling 2020: Stiefm\u00fctterchen<\/a><br \/>\n<a href=\"https:\/\/borncity.eu\/senioren\/?p=12285\">Fr\u00fchling 2020: Kornblume<\/a><br \/>\n<a href=\"https:\/\/borncity.eu\/senioren\/?p=12301\">Fr\u00fchling 2020: Klatschmohn<\/a><br \/>\n<a href=\"https:\/\/borncity.eu\/senioren\/2020\/05\/25\/frhling-2020-schwertlilie-iris-als-zaungast\/\">Fr\u00fchling 2020: Schwertlilie (Iris) als 'Zaungast'<\/a><br \/>\n<a href=\"https:\/\/borncity.eu\/senioren\/2020\/04\/25\/frhling-2020-raps-blauer-himmel-und-frische-bltter\/\">Fr\u00fchling 2020: Raps, blauer Himmel und gr\u00fcne B\u00e4ume<\/a><br \/>\n<a href=\"https:\/\/borncity.eu\/senioren\/2017\/05\/01\/1-mai-impressionen-unser-l-leuchtet-gelb\/\">1. Mai-Impressionen: Unser \u00d6l leuchtet gelb<\/a><br \/>\n<a href=\"https:\/\/borncity.eu\/senioren\/2016\/05\/13\/mai-impressionen-raps-apfelblte-und-mehr\/\">Mai-Impressionen: Raps- und Apfelbl\u00fcte<\/a><br \/>\n<a href=\"https:\/\/borncity.eu\/senioren\/2017\/08\/14\/impressionen-vom-sommergarten-malven-und-mehr\/\">Impressionen vom Sommergarten: Malven, Zinnien und mehr<\/a><br \/>\n<a href=\"https:\/\/borncity.eu\/senioren\/2017\/08\/13\/impressionen-vom-sommergarten-lilien\/\">Impressionen vom Sommergarten: Lilien<\/a><br \/>\n<a href=\"https:\/\/borncity.eu\/senioren\/2020\/08\/18\/sommer-2020-oleander-in-voller-blte\/\">Sommer 2020: Oleander in voller Bl\u00fcte<\/a><br \/>\n<a href=\"https:\/\/borncity.eu\/senioren\/2020\/08\/13\/reinfall-gibt-keinen-mehrfarbig-blhenden-hibiskus\/\">Reinfall: Gibt keinen mehrfarbig bl\u00fchenden Hibiskus \u2026<\/a><br \/>\n<a href=\"https:\/\/borncity.eu\/senioren\/2020\/08\/26\/petunien-komplementr\/\">Petunien-Komplement\u00e4r<\/a><br \/>\n<a href=\"https:\/\/borncity.eu\/senioren\/2018\/11\/19\/novemberimpressionen-herbstwald-wandern-am-taunussteig\/\">Novemberimpressionen: Herbstwald, Wandern am Taunussteig<\/a><\/p>\n","protected":false},"excerpt":{"rendered":"<p>Im Juli 2020 habe ich mit meinem Fotoprojekt (siehe Foto-Projekt: Bl\u00fchender Ackerrandstreifen &#8211; Teil 1 und Foto-Projekt: Bl\u00fchender Ackerrandstreifen &#8211; Teil II) begonnen, die Wachstumsphase eines Ackerrandstreifens fotografisch zu dokumentierten. Dann kam der August, das Getreide war reif und der &hellip; <a href=\"https:\/\/borncity.eu\/senioren\/2020\/08\/29\/foto-projekt-blhender-ackerrandstreifen-teil-iii\/\">Weiterlesen <span class=\"meta-nav\">&rarr;<\/span><\/a><\/p>\n","protected":false},"author":1,"featured_media":0,"comment_status":"open","ping_status":"open","sticky":false,"template":"","format":"standard","meta":{"footnotes":""},"categories":[18,13],"tags":[19,119],"class_list":["post-13223","post","type-post","status-publish","format-standard","hentry","category-foto","category-natur","tag-foto","tag-natur"],"_links":{"self":[{"href":"https:\/\/borncity.eu\/senioren\/wp-json\/wp\/v2\/posts\/13223","targetHints":{"allow":["GET"]}}],"collection":[{"href":"https:\/\/borncity.eu\/senioren\/wp-json\/wp\/v2\/posts"}],"about":[{"href":"https:\/\/borncity.eu\/senioren\/wp-json\/wp\/v2\/types\/post"}],"author":[{"embeddable":true,"href":"https:\/\/borncity.eu\/senioren\/wp-json\/wp\/v2\/users\/1"}],"replies":[{"embeddable":true,"href":"https:\/\/borncity.eu\/senioren\/wp-json\/wp\/v2\/comments?post=13223"}],"version-history":[{"count":0,"href":"https:\/\/borncity.eu\/senioren\/wp-json\/wp\/v2\/posts\/13223\/revisions"}],"wp:attachment":[{"href":"https:\/\/borncity.eu\/senioren\/wp-json\/wp\/v2\/media?parent=13223"}],"wp:term":[{"taxonomy":"category","embeddable":true,"href":"https:\/\/borncity.eu\/senioren\/wp-json\/wp\/v2\/categories?post=13223"},{"taxonomy":"post_tag","embeddable":true,"href":"https:\/\/borncity.eu\/senioren\/wp-json\/wp\/v2\/tags?post=13223"}],"curies":[{"name":"wp","href":"https:\/\/api.w.org\/{rel}","templated":true}]}}