{"id":13427,"date":"2020-09-12T00:28:03","date_gmt":"2020-09-11T22:28:03","guid":{"rendered":"https:\/\/borncity.com\/senioren\/?p=13427"},"modified":"2020-09-12T00:34:09","modified_gmt":"2020-09-11T22:34:09","slug":"ahornbltter-und-abendstimmung-der-herbst-2020-lsst-gren","status":"publish","type":"post","link":"https:\/\/borncity.eu\/senioren\/2020\/09\/12\/ahornbltter-und-abendstimmung-der-herbst-2020-lsst-gren\/","title":{"rendered":"Ahornbl&auml;tter und Abendstimmung: Der Herbst 2020 l&auml;sst gr&uuml;&szlig;en &#8230;"},"content":{"rendered":"<p><img loading=\"lazy\" decoding=\"async\" style=\"float: left; margin: 0px 10px 0px 0px; display: inline;\" title=\"Ahornbl\u00e4tter und Abendstimmung (Sept. 2020)\" src=\"https:\/\/i.imgur.com\/dgr2mCE.jpg\" alt=\"Ahornbl\u00e4tter und Abendstimmung (Sept. 2020)\" width=\"177\" height=\"236\" align=\"left\" \/>Es sind sie, die Tage im September, die ich so liebe. Meist hat sich das Wetter beruhigt und die Hitze des August ist schon vorbei. Trotzdem gibt es die Sp\u00e4tsommer-Tage, wo die Sonne scheint und es tags\u00fcber drau\u00dfen noch angenehm warm ist. Das schreit geradezu nach einem Nachmittagsspaziergang durch Felder, Wald und Wiesen der Umgebung. Einfach die letzten Sonnenstrahlen des Sommers einfangen\u00a0 &#8211; die W\u00e4rme genie\u00dfen und f\u00fcr den Winter speichern. Und als ich gestern am Sp\u00e4tnachmittag von einem solchen Spaziergang zur\u00fcck kam, fiel mein Blick auf ein Ahorn-B\u00e4umchen in einem Garten.<\/p>\n<p><!--more--><\/p>\n<p>Die Sonne stand schon tief und leuchtete durch die Bl\u00e4tter dieses Ahorn-B\u00e4umchens, dessen Zweige \u00fcber den B\u00fcrgersteig hingen. Die Bl\u00e4tter begannen sich zudem &#8211; wohl durch den trockenen Sommer 2020 &#8211; bereits gelblich und r\u00f6tlich zu verf\u00e4rben. Ich habe mein Smartphone gez\u00fcckt und versucht, mit einigen Aufnahmen die Abendstimmung aufzufangen.<\/p>\n<p><img decoding=\"async\" title=\"Ahornbl\u00e4tter und Abendstimmung (Sept. 2020)\" src=\"https:\/\/i.imgur.com\/dgr2mCE.jpg\" alt=\"Ahornbl\u00e4tter und Abendstimmung (Sept. 2020)\" \/><br \/>\nAhornbl\u00e4tter und Abendstimmung (Sept. 2020)<\/p>\n<p>Ist nicht so ganz gelungen, aber zumindest dieses Foto ist \u00fcbrig geblieben. Es sieht mir schon nach einem Gru\u00df des nahenden Herbsts aus &#8230;<\/p>\n<p><strong>\u00c4hnliche Artikel<br \/>\n<\/strong><a href=\"https:\/\/borncity.eu\/senioren\/2020\/07\/16\/sommer-2020-einfach-feuerlilie\/\">Sommer 2020: Einfach Feuerlilie \u2026<\/a><br \/>\n<a href=\"https:\/\/borncity.eu\/senioren\/2020\/05\/25\/frhling-2020-schwertlilie-iris-als-zaungast\/\">Fr\u00fchling 2020: Schwertlilie (Iris) als 'Zaungast'<\/a><br \/>\n<a href=\"https:\/\/borncity.eu\/senioren\/2017\/08\/13\/impressionen-vom-sommergarten-lilien\/\">Impressionen vom Sommergarten: Lilien<\/a><br \/>\n<a href=\"https:\/\/borncity.eu\/senioren\/2020\/09\/04\/sommer-2020-einfach-lilien-ii\/\">Sommer 2020: Einfach Lilien\u2026 II<\/a><br \/>\n<a href=\"https:\/\/borncity.eu\/senioren\/2020\/09\/03\/september-morgen-ber-rhein-main\/\">September-Morgen \u00fcber Rhein-Main (2020)<\/a><\/p>\n<p><a href=\"https:\/\/borncity.eu\/senioren\/2020\/03\/31\/der-frhling-2020-in-bildern-i\/\">Der Fr\u00fchling 2020 in Bildern \u2013 I<\/a><br \/>\n<a href=\"https:\/\/borncity.eu\/senioren\/2020\/04\/01\/der-frhling-2020-in-bildern-ii\/\">Der Fr\u00fchling 2020 in Bildern \u2013 II<\/a><br \/>\n<a href=\"https:\/\/borncity.eu\/senioren\/2019\/04\/10\/frhling-pflaumen-und-kirschbaumblte\/\">Fr\u00fchling: Pflaumen- und Kirschbaumbl\u00fcte<\/a><br \/>\n<a href=\"https:\/\/borncity.eu\/senioren\/2020\/04\/11\/frhling-2020-um-ostern-teil-1\/\">Fr\u00fchling 2020 \u2013 um Ostern \u2013 Teil 1<\/a><br \/>\n<a href=\"https:\/\/borncity.eu\/senioren\/2020\/04\/13\/frhling-2020-um-ostern-tulpenzeit-teil-2\/\">Fr\u00fchling 2020 \u2013 um Ostern \u2013 Tulpenzeit \u2013 Teil 2<\/a><br \/>\n<a href=\"https:\/\/borncity.eu\/senioren\/2020\/04\/12\/frhling-2020-wei-blau-und-grn-am-karfreitag\/\">Fr\u00fchling 2020: Wei\u00df-blau und gr\u00fcn am Karfreitag<\/a><br \/>\n<a href=\"https:\/\/borncity.eu\/senioren\/2020\/05\/22\/frhling-2020-klatschmohn\/\">Fr\u00fchling 2020: Klatschmohn<\/a><br \/>\n<a href=\"https:\/\/borncity.eu\/senioren\/2020\/05\/17\/frhling-kirschernte-mitte-mai-2020\/\">Fr\u00fchling, Kirschernte Mitte Mai 2020<\/a><br \/>\n<a href=\"https:\/\/borncity.eu\/senioren\/2020\/05\/21\/frhling-2020-azaleen-und-rhododendron\/\">Fr\u00fchling 2020: Azaleen und Rhododendron<\/a><br \/>\n<a href=\"https:\/\/borncity.eu\/senioren\/2020\/05\/20\/frhling-2020-kornblume\/\">Fr\u00fchling 2020: Kornblume<\/a><br \/>\n<a href=\"https:\/\/borncity.eu\/senioren\/2020\/05\/19\/frhling-2020-stiefmtterchen\/\">Fr\u00fchling 2020: Stiefm\u00fctterchen<\/a><br \/>\n<a href=\"https:\/\/borncity.eu\/senioren\/2020\/04\/26\/frhling-2020-birnbaum-und-apfelbaumblte\/\">Fr\u00fchling 2020: Birnbaum und Apfelbaumbl\u00fcte<\/a><br \/>\n<a href=\"https:\/\/borncity.eu\/senioren\/2020\/05\/19\/frhling-2020-stiefmtterchen\/\">Fr\u00fchling 2020: Stiefm\u00fctterchen<\/a><br \/>\n<a href=\"https:\/\/borncity.eu\/senioren\/?p=12285\">Fr\u00fchling 2020: Kornblume<\/a><br \/>\n<a href=\"https:\/\/borncity.eu\/senioren\/?p=12301\">Fr\u00fchling 2020: Klatschmohn<\/a><br \/>\n<a href=\"https:\/\/borncity.eu\/senioren\/2020\/04\/25\/frhling-2020-raps-blauer-himmel-und-frische-bltter\/\">Fr\u00fchling 2020: Raps, blauer Himmel und gr\u00fcne B\u00e4ume<\/a><br \/>\n<a href=\"https:\/\/borncity.eu\/senioren\/2020\/07\/13\/schmetterlingsflieder-im-juli-2020\/\">Schmetterlingsflieder im Juli 2020<\/a><br \/>\n<a href=\"https:\/\/borncity.eu\/senioren\/2020\/07\/12\/urban-gardening-sommerfrchtchen-2020\/\">Urban Gardening: Sommerfr\u00fcchtchen 2020<\/a><br \/>\n<a href=\"https:\/\/borncity.eu\/senioren\/2020\/08\/18\/sommer-2020-oleander-in-voller-blte\/\">Sommer 2020: Oleander in voller Bl\u00fcte<\/a><br \/>\n<a href=\"https:\/\/borncity.eu\/senioren\/2020\/08\/19\/feigen-feigen-feigen\/\">Feigen, Feigen, Feigen \u2026<\/a><br \/>\n<a href=\"https:\/\/borncity.eu\/senioren\/2020\/09\/02\/sommer-2020-die-malve-mit-dem-grnen-stern\/\">Sommer 2020: Die Malve mit dem 'gr\u00fcnen Stern'<\/a><br \/>\n<a href=\"https:\/\/borncity.eu\/senioren\/2020\/08\/24\/lampionblumen-in-meinem-garten\/\">Lampionblumen in meinem Garten<\/a><br \/>\n<a href=\"https:\/\/borncity.eu\/senioren\/2020\/08\/26\/petunien-komplementr\/\">Petunien-Komplement\u00e4r<\/a><br \/>\n<a href=\"https:\/\/borncity.eu\/senioren\/2020\/08\/27\/foto-projekt-blhender-ackerrandstreifen-teil-i\/\">Foto-Projekt: Bl\u00fchender Ackerrandstreifen<\/a> \u2013 Teil I<br \/>\n<a href=\"https:\/\/borncity.eu\/senioren\/?p=13213\">Foto-Projekt: Bl\u00fchender Ackerrandstreifen<\/a> \u2013 Teil II<br \/>\n<a href=\"https:\/\/borncity.eu\/senioren\/?p=13223\">Foto-Projekt: Bl\u00fchender Ackerrandstreifen<\/a> \u2013 Teil III<br \/>\n<a href=\"https:\/\/borncity.eu\/senioren\/2020\/08\/08\/sommer-sonne-und-getreideernte\/\">Sommer, Sonne und Getreideernte<\/a><br \/>\n<a href=\"https:\/\/borncity.eu\/senioren\/2017\/08\/14\/impressionen-vom-sommergarten-malven-und-mehr\/\">Impressionen vom Sommergarten: Malven, Zinnien und mehr<\/a><br \/>\n<a href=\"https:\/\/borncity.eu\/senioren\/2020\/08\/25\/sommer-2020-bonsai-bougainvillea-an-tagetes\/\">Sommer 2020: Bonsai-Bougainvillea an Tagetes \u2026<\/a><br \/>\n<a href=\"https:\/\/borncity.eu\/senioren\/2020\/09\/01\/portulak-an-zitronenbaum\/\">Portulak an Zitronenbaum \u2026<\/a><br \/>\n<a href=\"https:\/\/borncity.eu\/senioren\/2020\/08\/13\/reinfall-gibt-keinen-mehrfarbig-blhenden-hibiskus\/\">Reinfall: Gibt keinen mehrfarbig bl\u00fchenden Hibiskus \u2026<\/a><br \/>\n<a href=\"https:\/\/borncity.eu\/senioren\/2020\/09\/02\/sommer-2020-die-malve-mit-dem-grnen-stern\/\">Sommer 2020: Die Malve mit dem 'gr\u00fcnen Stern'<\/a><\/p>\n","protected":false},"excerpt":{"rendered":"<p>Es sind sie, die Tage im September, die ich so liebe. Meist hat sich das Wetter beruhigt und die Hitze des August ist schon vorbei. Trotzdem gibt es die Sp\u00e4tsommer-Tage, wo die Sonne scheint und es tags\u00fcber drau\u00dfen noch angenehm &hellip; <a href=\"https:\/\/borncity.eu\/senioren\/2020\/09\/12\/ahornbltter-und-abendstimmung-der-herbst-2020-lsst-gren\/\">Weiterlesen <span class=\"meta-nav\">&rarr;<\/span><\/a><\/p>\n","protected":false},"author":1,"featured_media":0,"comment_status":"open","ping_status":"open","sticky":false,"template":"","format":"standard","meta":{"footnotes":""},"categories":[18,13],"tags":[19,119],"class_list":["post-13427","post","type-post","status-publish","format-standard","hentry","category-foto","category-natur","tag-foto","tag-natur"],"_links":{"self":[{"href":"https:\/\/borncity.eu\/senioren\/wp-json\/wp\/v2\/posts\/13427","targetHints":{"allow":["GET"]}}],"collection":[{"href":"https:\/\/borncity.eu\/senioren\/wp-json\/wp\/v2\/posts"}],"about":[{"href":"https:\/\/borncity.eu\/senioren\/wp-json\/wp\/v2\/types\/post"}],"author":[{"embeddable":true,"href":"https:\/\/borncity.eu\/senioren\/wp-json\/wp\/v2\/users\/1"}],"replies":[{"embeddable":true,"href":"https:\/\/borncity.eu\/senioren\/wp-json\/wp\/v2\/comments?post=13427"}],"version-history":[{"count":0,"href":"https:\/\/borncity.eu\/senioren\/wp-json\/wp\/v2\/posts\/13427\/revisions"}],"wp:attachment":[{"href":"https:\/\/borncity.eu\/senioren\/wp-json\/wp\/v2\/media?parent=13427"}],"wp:term":[{"taxonomy":"category","embeddable":true,"href":"https:\/\/borncity.eu\/senioren\/wp-json\/wp\/v2\/categories?post=13427"},{"taxonomy":"post_tag","embeddable":true,"href":"https:\/\/borncity.eu\/senioren\/wp-json\/wp\/v2\/tags?post=13427"}],"curies":[{"name":"wp","href":"https:\/\/api.w.org\/{rel}","templated":true}]}}