{"id":13446,"date":"2020-09-14T07:43:16","date_gmt":"2020-09-14T05:43:16","guid":{"rendered":"https:\/\/borncity.com\/senioren\/?p=13446"},"modified":"2020-09-14T07:47:40","modified_gmt":"2020-09-14T05:47:40","slug":"morgenhimmel-mit-mond-und-venus-sept-2020","status":"publish","type":"post","link":"https:\/\/borncity.eu\/senioren\/2020\/09\/14\/morgenhimmel-mit-mond-und-venus-sept-2020\/","title":{"rendered":"Morgenhimmel mit Mond und Venus (Sept. 2020)"},"content":{"rendered":"<p><img decoding=\"async\" style=\"float: left; margin: 0px 10px 0px 0px; display: inline;\" src=\"https:\/\/i.imgur.com\/UQDzLiK.jpg\" align=\"left\" \/>Good Morning! Zum Wochenanfang m\u00f6chte ich Euch einige Bilder mit auf den Weg geben, welche ich vor einer guten Stunde (14. September 2020, 6:27 Uhr) aufgenommen habe. Im Osten, \u00fcber der Rhein-Main-Ebene ist die Morgend\u00e4mmerung bereits einige Zeit zugange. Die B\u00e4ume in der Nachbarschaft sind aber erst als Schattenrisse zu erkennen, am Himmel einige W\u00f6lkchen am Horizont und eine phantastische Morgenr\u00f6te. Was mich aber besonders begeisterte, als ich um die Uhrzeit einen Blick aus dem Fenster warf: Die Mondsichel des abnehmenden Mondes und die Venus waren noch im dunkleren Teil des Morgenhimmels sichtbar und standen ganz nahe beieinander. Ich habe also schnell die Kamera geschnappt, bin zum Dachgeschoss hoch und habe ein paar Aufnahmen aus dem Dachfenster gemacht.<\/p>\n<p><!--more--><\/p>\n<p>Einfach ohne viele Worte die Fotos wirken lassen &#8211; w\u00e4hrend das obige Foto beschnitten und etwas bearbeitet ist, findet sich nachfolgend eine Originalaufnahme (nur in der Gr\u00f6\u00dfe f\u00fcr die Anzeige im Web reduziert).<\/p>\n<p><img decoding=\"async\" title=\"Morgenhimmel mit Mond und Venus (14.9.2020, 6:27 Uhr)\" src=\"https:\/\/i.imgur.com\/zlIgdrH.jpg\" alt=\"Morgenhimmel mit Mond und Venus (14.9.2020, 6:27 Uhr)\" \/><br \/>\nMorgenhimmel mit Mond und Venus (14.9.2020, 6:27 Uhr)<\/p>\n<p>Und hier ist noch eine Aufnahme im Querformat &#8230;<\/p>\n<p><img decoding=\"async\" title=\"Morgenhimmel mit Mond und Venus (14.9.2020, 6:27 Uhr)\" src=\"https:\/\/i.imgur.com\/wLXS2bl.jpg\" alt=\"Morgenhimmel mit Mond und Venus (14.9.2020, 6:27 Uhr)\" \/>Morgenhimmel mit Mond und Venus (14.9.2020, 6:27 Uhr)<\/p>\n<p>September ist einfach ein fotografenfreundlicher Monat: Das Wetter hat sich meist beruhigt und man hat sonnige, meist wolkenfreie Tage. Die D\u00e4mmerung beginnt irgendwann um 6:00 Uhr herum &#8211; man kann also l\u00e4nger schlafen. Und es gibt \u00fcberall die tollsten Motive: Herbstblumen, Sonnenblumen, K\u00fcrbisse &#8230; und Sonnenauf- bzw. -unterg\u00e4nge mit besonderen Stimmungen oder wie hier: Sternkonstellationen. Ich w\u00fcnsche euch einen guten Start in die Woche.<\/p>\n<p><strong>\u00c4hnliche Artikel:<\/strong><br \/>\n<a href=\"https:\/\/borncity.eu\/senioren\/2020\/08\/21\/good-morning-morgenhimmel-mit-venus\/\">Good morning! Morgenhimmel mit Venus \u2026<\/a><br \/>\n<a href=\"https:\/\/borncity.eu\/senioren\/2020\/09\/12\/ahornbltter-und-abendstimmung-der-herbst-2020-lsst-gren\/\">Ahornbl\u00e4tter und Abendstimmung: Der Herbst 2020 l\u00e4sst gr\u00fc\u00dfen \u2026<\/a><br \/>\n<a href=\"https:\/\/borncity.eu\/senioren\/2020\/09\/03\/september-morgen-ber-rhein-main\/\">September-Morgen \u00fcber Rhein-Main (2020)<\/a><br \/>\n<a href=\"https:\/\/borncity.eu\/senioren\/2020\/08\/15\/samstag-morgen-im-august-nebel-und-november-blues\/\">Samstag-Morgen im August: Nebel und November-Blues?<\/a><br \/>\n<a href=\"https:\/\/borncity.eu\/senioren\/2020\/08\/21\/abendrot-im-taunus\/\">Abendrot im Taunus \u2026<\/a><br \/>\n<a href=\"https:\/\/borncity.eu\/senioren\/2020\/08\/08\/sommer-sonne-und-getreideernte\/\">Sommer, Sonne und Getreideernte<\/a><br \/>\n<a href=\"https:\/\/borncity.eu\/senioren\/2020\/07\/24\/sommer-sonne-boule-kugeln-und-die-grne-fee\/\">Sommer, Sonne, Boule-Kugeln und ein Pastis \u2026<\/a><br \/>\n<a href=\"https:\/\/borncity.eu\/senioren\/2020\/04\/25\/frhling-2020-raps-blauer-himmel-und-frische-bltter\/\">Fr\u00fchling 2020: Raps, blauer Himmel und gr\u00fcne B\u00e4ume<\/a><br \/>\n<a href=\"https:\/\/borncity.eu\/senioren\/2020\/04\/24\/der-frhling-2020-in-bildern-kirschblten-iii\/\">Der Fr\u00fchling 2020 in Bildern: Kirschbl\u00fcten \u2013 III<\/a><br \/>\n<a href=\"https:\/\/borncity.eu\/senioren\/2020\/04\/12\/frhling-2020-wei-blau-und-grn-am-karfreitag\/\">Fr\u00fchling 2020: Wei\u00df-blau und gr\u00fcn am Karfreitag<\/a><br \/>\n<a href=\"https:\/\/borncity.eu\/senioren\/2018\/11\/19\/novemberimpressionen-herbstwald-wandern-am-taunussteig\/\">Novemberimpressionen: Herbstwald, Wandern am Taunussteig<\/a><\/p>\n","protected":false},"excerpt":{"rendered":"<p>Good Morning! Zum Wochenanfang m\u00f6chte ich Euch einige Bilder mit auf den Weg geben, welche ich vor einer guten Stunde (14. September 2020, 6:27 Uhr) aufgenommen habe. Im Osten, \u00fcber der Rhein-Main-Ebene ist die Morgend\u00e4mmerung bereits einige Zeit zugange. Die &hellip; <a href=\"https:\/\/borncity.eu\/senioren\/2020\/09\/14\/morgenhimmel-mit-mond-und-venus-sept-2020\/\">Weiterlesen <span class=\"meta-nav\">&rarr;<\/span><\/a><\/p>\n","protected":false},"author":1,"featured_media":0,"comment_status":"open","ping_status":"open","sticky":false,"template":"","format":"standard","meta":{"footnotes":""},"categories":[18,13],"tags":[19,119],"class_list":["post-13446","post","type-post","status-publish","format-standard","hentry","category-foto","category-natur","tag-foto","tag-natur"],"_links":{"self":[{"href":"https:\/\/borncity.eu\/senioren\/wp-json\/wp\/v2\/posts\/13446","targetHints":{"allow":["GET"]}}],"collection":[{"href":"https:\/\/borncity.eu\/senioren\/wp-json\/wp\/v2\/posts"}],"about":[{"href":"https:\/\/borncity.eu\/senioren\/wp-json\/wp\/v2\/types\/post"}],"author":[{"embeddable":true,"href":"https:\/\/borncity.eu\/senioren\/wp-json\/wp\/v2\/users\/1"}],"replies":[{"embeddable":true,"href":"https:\/\/borncity.eu\/senioren\/wp-json\/wp\/v2\/comments?post=13446"}],"version-history":[{"count":0,"href":"https:\/\/borncity.eu\/senioren\/wp-json\/wp\/v2\/posts\/13446\/revisions"}],"wp:attachment":[{"href":"https:\/\/borncity.eu\/senioren\/wp-json\/wp\/v2\/media?parent=13446"}],"wp:term":[{"taxonomy":"category","embeddable":true,"href":"https:\/\/borncity.eu\/senioren\/wp-json\/wp\/v2\/categories?post=13446"},{"taxonomy":"post_tag","embeddable":true,"href":"https:\/\/borncity.eu\/senioren\/wp-json\/wp\/v2\/tags?post=13446"}],"curies":[{"name":"wp","href":"https:\/\/api.w.org\/{rel}","templated":true}]}}