{"id":13482,"date":"2020-09-19T10:04:14","date_gmt":"2020-09-19T08:04:14","guid":{"rendered":"https:\/\/borncity.com\/senioren\/?p=13482"},"modified":"2021-02-19T19:18:43","modified_gmt":"2021-02-19T18:18:43","slug":"morgenimpressionen-im-september-2020","status":"publish","type":"post","link":"https:\/\/borncity.eu\/senioren\/2020\/09\/19\/morgenimpressionen-im-september-2020\/","title":{"rendered":"Morgenimpressionen im September 2020"},"content":{"rendered":"<p><img loading=\"lazy\" decoding=\"async\" class=\"\" style=\"float: left; margin: 0px 10px 0px 0px; display: inline;\" title=\"Morgenhimmel(9.2020)\" src=\"https:\/\/i.imgur.com\/cEtyO94.jpg\" alt=\"Venus und Mond am Morgenhimmel (15.9.2020)\" width=\"205\" height=\"162\" align=\"left\" \/>Good morning! Der Monat September zeichnet sich dadurch aus, dass auch L\u00e4ngerschl\u00e4fer unter den Fotografen mal einen Sonnenaufgang ablichten k\u00f6nnen. So zwischen 5:45 und 7:00 Uhr kann man Gl\u00fcck haben &#8211; speziell, wenn der Himmel klar ist, aber einige Schleierwolken im Osten am Horizont sind. Dann kommt im September 2020 noch die Venus als Morgenstern am Morgenhimmel hinzu. Und der abnehmende Mond war auch mit seiner schmalen Sichel am Morgenhimmel zu sehen.<!--more--><\/p>\n<p><img loading=\"lazy\" decoding=\"async\" src=\"https:\/\/vg02.met.vgwort.de\/na\/a6f7d5b1ed8c4fdca61b01076a6f6262\" alt=\"\" width=\"1\" height=\"1\" \/>Ich habe die Zeit genutzt, um in den letzten Tagen einige Fotos am fr\u00fchen Morgen zu schie\u00dfen &#8211; mein Gl\u00fcck ist, einen Blick nach Osten, \u00fcber die Rhein-Main-Ebene, zu haben (Sonnenunterg\u00e4nge sind schwierig, da diese hinter dem Taunus-Kamm stattfinden). Hier einige Impressionen, einfach zum Start ins Wochenende.<\/p>\n<p>Das nachfolgende Foto des Morgenhimmels habe ich am 15. September 2020 um 6:14 Uhr geschossen. Der abnehmende Mond ist als Sichel zu sehen, und rechts oberhalb steht der Planet Venus als Morgenstern am Himmel (hatte das Foto schon mal <a href=\"https:\/\/borncity.eu\/senioren\/2020\/09\/15\/gibt-es-leben-in-der-venus-atmosphre\/\">hier<\/a> in anderem Zusammenhang gezeigt).<\/p>\n<p><img decoding=\"async\" title=\"Venus und Mond am Morgenhimmel (15.9.2020)\" src=\"https:\/\/i.imgur.com\/DQS7OOd.jpg\" alt=\"Venus und Mond am Morgenhimmel (15.9.2020)\" \/><\/p>\n<p>Und wenn Du etwas sp\u00e4ter wach wirst und dann erst zur Kamera greifst, sieht es wie hier aus (stammt aus dem Beitrag <a href=\"https:\/\/borncity.eu\/senioren\/2020\/09\/14\/morgenhimmel-mit-mond-und-venus-sept-2020\/\">Morgenhimmel mit Mond und Venus (Sept. 2020)<\/a>).<\/p>\n<p><img decoding=\"async\" title=\"Morgenhimmel mit Mond und Venus (14.9.2020, 6:27 Uhr)\" src=\"https:\/\/i.imgur.com\/zlIgdrH.jpg\" alt=\"Morgenhimmel mit Mond und Venus (14.9.2020, 6:27 Uhr)\" \/><br \/>\nMorgenhimmel mit Mond und Venus (14.9.2020, 6:27 Uhr)<\/p>\n<p>Gab auch Tage, da war ich nicht fr\u00fch genug wach oder es gab Wolken. Im August 2020 hatte ich den Beitrag <a href=\"https:\/\/borncity.eu\/senioren\/2020\/08\/21\/good-morning-morgenhimmel-mit-venus\/\">Good morning! Morgenhimmel mit Venus \u2026<\/a> mit einem weiteren Foto.<\/p>\n<p><img decoding=\"async\" title=\"Sonnenaufgang mit Venus (21. August 2020)\" src=\"https:\/\/i.imgur.com\/2PdwYp5.jpg\" alt=\"Sonnenaufgang mit Venus (21. August 2020)\" \/><br \/>\nSonnenaufgang mit Venus (21. August 2020)<\/p>\n<p>Am 3. September 2020 gab es halbwegs gutes Wetter \u2013 nur einige wenige Wolken am Nachthimmel und es war noch Vollmond \u2013 das versprach einen sch\u00f6nen Sonnenaufgang, so gegen sechs Uhr. Also habe ich mir die Kamera geschnappt und versucht, einige Schnappsch\u00fcsse des Morgenhimmels sowie der aufgehenden Sonne \u00fcber der Rhein-Main-Ebene einzufangen.<\/p>\n<p><img decoding=\"async\" title=\"Sonnenaufgang 3.9.2020\" src=\"https:\/\/i.imgur.com\/OQVodhi.jpg\" alt=\"Sonnenaufgang 3.9.2020\" \/><br \/>\n(Sonnenaufgang 3.9.2020)<\/p>\n<p>Mehr Fotos dazu gibt es im Beitrag <a href=\"https:\/\/borncity.eu\/senioren\/2020\/09\/03\/september-morgen-ber-rhein-main\/\">September-Morgen \u00fcber Rhein-Main (2020)<\/a> &#8211; und nachfolgendes Foto eines Sonnenaufgangs habe ich am 5.9.2020, 7:16 Uhr geschossen.<\/p>\n<p><img decoding=\"async\" title=\"Sonnenaufgang 15.9.2020, 7:16 Uhr (Frankfurt)\" src=\"https:\/\/i.imgur.com\/dpDOmYC.jpg\" alt=\"Sonnenaufgang 15.9.2020, 7:16 Uhr (Frankfurt)\" \/><br \/>\n(Sonnenaufgang 15.9.2020, 7:16 Uhr)<\/p>\n<p>Verabschieden m\u00f6chte ich mich mit diesen Impressionen von weiteren September-Morgenhimmeln &#8211; mit und ohne aufgehende Sonne.<\/p>\n<p><img decoding=\"async\" title=\"Sonnenaufgang 12.9.2020, 7:13 Uhr\" src=\"https:\/\/i.imgur.com\/Armolry.jpg\" alt=\"Sonnenaufgang 12.9.2020, 7:13 Uhr\" \/><br \/>\n(Sonnenaufgang 12.9.2020, 7:13 Uhr)<\/p>\n<p>Und noch was vom 16. September 2020, als ich die D\u00e4mmerung schlafend verpasst und mich beim Blick auf die Uhr ge\u00e4rgert habe &#8211; dann aber mit diesem Himmel belohnt wurde (das Schicksal ist halt gn\u00e4dig mit dem verschlafenden Fotografen).<\/p>\n<p><img decoding=\"async\" title=\"Morgenhimmel 16. Sept. 2020, 6:44 Uhr\" src=\"https:\/\/i.imgur.com\/4Ac1pmq.jpg\" alt=\"Morgenhimmel 16. Sept. 2020, 6:44 Uhr\" \/><br \/>\n(Morgenhimmel 16. Sept. 2020, 6:44 Uhr)<\/p>\n<p>Und nun noch zum Eingangsfoto f\u00fcr diesen Beitrag. Wir haben den 19.9.2020, 9:16 Uhr, und ich bin noch nicht besoffen. Aus einem Reflex heraus dachte ich bei der am 16. Sept. 2020 aus meinem Dachgeschossfenster stattfindenden Fotosession 'drehe einfach mal die Kamera um 45 Grad'. Herausgekommen ist dieses Foto:<\/p>\n<p><img decoding=\"async\" title=\"Morgenhimmel 16. Sept. 2020 \" src=\"https:\/\/i.imgur.com\/lRXxIuB.jpg\" alt=\"Morgenhimmel 16. Sept. 2020 \" \/><br \/>\n(Morgenhimmel\u00a0 16. Sept. 2020)<\/p>\n<p>Ein bisgen drehen, ein wenig beschneiden und schon hei\u00dft es: War der Typ besoffen. Aber mir hat es gefallen &#8230;<\/p>\n<p><img loading=\"lazy\" decoding=\"async\" title=\"Morning Glory\" src=\"https:\/\/i.imgur.com\/kN6fja0.jpg\" alt=\"Morning Glory\" width=\"597\" height=\"471\" \/><br \/>\n(Morning Glory)<\/p>\n<p>Das Foto segelt in meinem Projektordner jetzt unter 'Morning Glory'. In diesem Sinne: Sch\u00f6nen Start in den Samstag und genie\u00dft das Wochenende mit dem sch\u00f6nen Herbstwetter. Ich werde wohl noch ein wenig bloggen, dann den Reinhard Mey geben (Der Mann, der seine Hecke schor (Wiki gel\u00f6scht), <a href=\"https:\/\/www.youtube.com\/watch?v=k1AebPfjKCI\" target=\"_blank\" rel=\"noopener noreferrer\">YouTube<\/a> 6:53), etwas im Taunus wandern und zum Sonntag wohl grillen.<\/p>\n<p><strong>\u00c4hnliche Artikel:<\/strong><br \/>\n<a href=\"https:\/\/borncity.eu\/senioren\/2020\/08\/21\/good-morning-morgenhimmel-mit-venus\/\">Good morning! Morgenhimmel mit Venus \u2026<\/a><br \/>\n<a href=\"https:\/\/borncity.eu\/senioren\/2020\/08\/21\/abendrot-im-taunus\/\">Abendrot im Taunus \u2026<\/a><br \/>\n<a href=\"https:\/\/borncity.eu\/senioren\/2020\/09\/03\/september-morgen-ber-rhein-main\/\">September-Morgen \u00fcber Rhein-Main (2020)<\/a><br \/>\n<a href=\"https:\/\/borncity.eu\/senioren\/2020\/08\/15\/samstag-morgen-im-august-nebel-und-november-blues\/\">Samstag-Morgen im August: Nebel und November-Blues?<\/a><br \/>\n<a href=\"https:\/\/borncity.eu\/senioren\/2020\/09\/14\/morgenhimmel-mit-mond-und-venus-sept-2020\/\">Morgenhimmel mit Mond und Venus (Sept. 2020)<\/a><br \/>\n<a href=\"https:\/\/borncity.eu\/senioren\/2020\/03\/25\/guten-morgen-sonnenaufgang-im-frhling\/\">Guten Morgen: Sonnenaufgang im Fr\u00fchling<\/a><br \/>\n<a href=\"https:\/\/borncity.eu\/senioren\/2020\/08\/08\/sommer-sonne-und-getreideernte\/\">Sommer, Sonne und Getreideernte<\/a><br \/>\n<a href=\"https:\/\/borncity.eu\/senioren\/2018\/11\/19\/novemberimpressionen-herbstwald-wandern-am-taunussteig\/\">Novemberimpressionen: Herbstwald, Wandern am Taunussteig<\/a><br \/>\n<a href=\"https:\/\/borncity.eu\/senioren\/2019\/12\/21\/morgennebel-im-dezember-2019\/\">Morgennebel im Dezember (2019)<\/a><br \/>\n<a href=\"https:\/\/borncity.eu\/senioren\/2019\/10\/28\/samstagmorgen-nebel-im-sptherbst\/\">Samstagmorgen: Nebel im Sp\u00e4therbst<\/a><\/p>\n","protected":false},"excerpt":{"rendered":"<p>Good morning! Der Monat September zeichnet sich dadurch aus, dass auch L\u00e4ngerschl\u00e4fer unter den Fotografen mal einen Sonnenaufgang ablichten k\u00f6nnen. So zwischen 5:45 und 7:00 Uhr kann man Gl\u00fcck haben &#8211; speziell, wenn der Himmel klar ist, aber einige Schleierwolken &hellip; <a href=\"https:\/\/borncity.eu\/senioren\/2020\/09\/19\/morgenimpressionen-im-september-2020\/\">Weiterlesen <span class=\"meta-nav\">&rarr;<\/span><\/a><\/p>\n","protected":false},"author":1,"featured_media":0,"comment_status":"open","ping_status":"open","sticky":false,"template":"","format":"standard","meta":{"footnotes":""},"categories":[18,13],"tags":[],"class_list":["post-13482","post","type-post","status-publish","format-standard","hentry","category-foto","category-natur"],"_links":{"self":[{"href":"https:\/\/borncity.eu\/senioren\/wp-json\/wp\/v2\/posts\/13482","targetHints":{"allow":["GET"]}}],"collection":[{"href":"https:\/\/borncity.eu\/senioren\/wp-json\/wp\/v2\/posts"}],"about":[{"href":"https:\/\/borncity.eu\/senioren\/wp-json\/wp\/v2\/types\/post"}],"author":[{"embeddable":true,"href":"https:\/\/borncity.eu\/senioren\/wp-json\/wp\/v2\/users\/1"}],"replies":[{"embeddable":true,"href":"https:\/\/borncity.eu\/senioren\/wp-json\/wp\/v2\/comments?post=13482"}],"version-history":[{"count":0,"href":"https:\/\/borncity.eu\/senioren\/wp-json\/wp\/v2\/posts\/13482\/revisions"}],"wp:attachment":[{"href":"https:\/\/borncity.eu\/senioren\/wp-json\/wp\/v2\/media?parent=13482"}],"wp:term":[{"taxonomy":"category","embeddable":true,"href":"https:\/\/borncity.eu\/senioren\/wp-json\/wp\/v2\/categories?post=13482"},{"taxonomy":"post_tag","embeddable":true,"href":"https:\/\/borncity.eu\/senioren\/wp-json\/wp\/v2\/tags?post=13482"}],"curies":[{"name":"wp","href":"https:\/\/api.w.org\/{rel}","templated":true}]}}