{"id":13497,"date":"2020-09-21T01:07:33","date_gmt":"2020-09-20T23:07:33","guid":{"rendered":"https:\/\/borncity.com\/senioren\/?p=13497"},"modified":"2020-09-21T01:16:25","modified_gmt":"2020-09-20T23:16:25","slug":"heckenschnitt-ich-habe-den-reinhard-mey-gemacht","status":"publish","type":"post","link":"https:\/\/borncity.eu\/senioren\/2020\/09\/21\/heckenschnitt-ich-habe-den-reinhard-mey-gemacht\/","title":{"rendered":"Heckenschnitt: Ich habe den Reinhard Mey gemacht &#8230;"},"content":{"rendered":"<p>Am letzten Samstag war gutes Wetter &#8211; so dass die Order der angeheirateten H\u00e4lfte 'wenn Du arg Lust hast &#8230;' kam\u00a0 &#8211; Mann merkt auf, was jetzt wohl folgt -'k\u00f6nntest Du die Hecke schneiden'.\u00a0 War ja klar, bei einer 'Wenn'-Frage, kommt nie was Gutes bei raus. Aber immerhin gab es noch den Ratschlag 'Musst ja nicht die elektrische Schere nehmen und alles beschneiden, nimmt die Heckenschere und kappe nur die Spitzen'. Also habe ich Samstag den Reinhard Mey gemacht\u00a0 &#8230;<\/p>\n<p><!--more--><\/p>\n<p><img loading=\"lazy\" decoding=\"async\" src=\"https:\/\/vg08.met.vgwort.de\/na\/6f88ed32fdb943668f1e16d92d22aa1d\" alt=\"\" width=\"1\" height=\"1\" \/>Denn immer wenn es um das Thema 'Heckenschnitt' geht, fallen mir so bestimmte Schl\u00fcsselerlebnisse und Assoziationen ein. Dazu geh\u00f6rt das <a href=\"https:\/\/de.wikipedia.org\/wiki\/Monschauer_Heckenland\" target=\"_blank\" rel=\"noopener noreferrer\">Monschauer Heckenland<\/a>, wo ich 1975 als junger Wehrpflichtiger immer auf dem Weg zur Kaserne im niederl\u00e4ndischen B\u00fcdel durch fuhr. Schon damals fielen mir die Buchenhecken auf, die die H\u00f6fe als Windschutz umgaben.<\/p>\n<p><img decoding=\"async\" title=\"Monschau: Hecke\" src=\"https:\/\/upload.wikimedia.org\/wikipedia\/commons\/thumb\/8\/87\/H%C3%B6fen_hecke1.jpg\/640px-H%C3%B6fen_hecke1.jpg\" alt=\"Monschau: Hecke\" \/><br \/>\n(Hecke in Monschau, Quelle: Wikipedia <a href=\"https:\/\/de.wikipedia.org\/wiki\/Benutzer:Caronna\" target=\"_blank\" rel=\"noopener noreferrer\">Caronna<\/a>\u00a0<a href=\"http:\/\/creativecommons.org\/licenses\/by-sa\/3.0\/\" target=\"_blank\" rel=\"noopener noreferrer\">CC BY-SA 3.0<\/a>)<\/p>\n<p>H\u00e4tte mir auch gefallen, wenn das Schneiden nicht solche Arbeit w\u00e4re. Und da w\u00e4re noch <a href=\"https:\/\/de.wikipedia.org\/wiki\/Reinhard_Mey\" target=\"_blank\" rel=\"noopener noreferrer\">Reinhard Mey<\/a>, der ab den 60er und in den siebziger Jahren als junger Liedermacher so einige Titel (<a href=\"https:\/\/www.youtube.com\/watch?v=fZMFF8QH3ew\" target=\"_blank\" rel=\"noopener noreferrer\">\u00dcber den Wolken<\/a> &#8230;, <a href=\"https:\/\/www.youtube.com\/watch?v=JXnt9iGEdIM\" target=\"_blank\" rel=\"noopener noreferrer\">Die hei\u00dfe Schlacht am kalten Buffet<\/a>, <a href=\"https:\/\/www.youtube.com\/watch?v=IEySdK4d10w\" target=\"_blank\" rel=\"noopener noreferrer\">M\u00e4nner im Baumarkt<\/a>, <a href=\"https:\/\/www.youtube.com\/watch?v=i5YwXDjrAK4\" target=\"_blank\" rel=\"noopener noreferrer\">Der M\u00f6rder ist immer der G\u00e4rtner<\/a><em>,<\/em>\u00a0<a href=\"https:\/\/www.youtube.com\/watch?v=QiGJXIaZtzU\" target=\"_blank\" rel=\"noopener noreferrer\">Irgendein Depp m\u00e4ht irgendwo immer<\/a> etc.) ver\u00f6ffentlichte. Mey hat mich in meiner Jugend ab 1974\/75 begleitet &#8211; und beim Stichwort 'Hecke schneiden' kommt mir automatisch Reinhard Mey 'Der Mann der seine Hecke schor' (<a href=\"https:\/\/www.youtube.com\/watch?v=k1AebPfjKCI\" target=\"_blank\" rel=\"noopener noreferrer\">YouTube<\/a> ab 6:55) in den Sinn. Ach ja, und es gibt noch den ewigen Kampf mit der angeheirateten H\u00e4lfte, wie viel geschnitten werden darf. Sieht die Hecke anschlie\u00dfend wie nachfolgend aus?<\/p>\n<p><img decoding=\"async\" title=\"Gestutzte Hecke\" src=\"https:\/\/i.imgur.com\/Kd7JYxi.jpg\" alt=\"Gestutzte Hecke\" \/><br \/>\n(Gestutzte Hecke)<\/p>\n<p>Diese Episode hatte ich literarisch in den Blog-Beitrag <a href=\"https:\/\/borncity.eu\/senioren\/2020\/08\/26\/der-ritter-der-heckenschere-der-lavendel-schnitt\/\">Der Ritter der Heckenschere: Der Lavendel-Schnitt<\/a> gegossen.<\/p>\n<h2>Aber ordentlich schneiden &#8230;<\/h2>\n<p>Aber dieses Mal war es nur der Kirschlorbeer hinter dem Haus, der einige Spitzen ausgetrieben hatte, wie man auf nachfolgendem Foto sieht.<\/p>\n<p><img decoding=\"async\" title=\"Kirschlorbeer-Austriebe\" src=\"https:\/\/i.imgur.com\/nyi3vLk.jpg\" alt=\"Kirschlorbeer-Austriebe\" \/><\/p>\n<p>Da ich wenig Lust zum Heckenschnitt hatte, habe ich mir zwar nicht die Nagelschere, aber die mechanische Heckenschere gegriffen und in 20 Minuten war die Sache geritzt. Damit auch jeder sieht, dass ich nicht nur Radikalschnitt kann, hier ein Beweisfoto:<\/p>\n<p><img decoding=\"async\" title=\"Gestutzte Kirschlorbeer-Hecke\" src=\"https:\/\/i.imgur.com\/GdM3zbf.jpg\" alt=\"Gestutzte Kirschlorbeer-Hecke\" \/><\/p>\n<p>Sieht doch ganz manierlich aus, oder? Ich habe auch wirklich nur die Spitzen der Austriebe gekappt. Hier noch ein Blick von meiner Terrasse auf die Hecke:<\/p>\n<p><img decoding=\"async\" title=\"Gestutzte Kirschlorbeer-Hecke\" src=\"https:\/\/i.imgur.com\/VeXdtDz.jpg\" alt=\"Gestutzte Kirschlorbeer-Hecke\" \/><\/p>\n<p>Inzwischen hat die Hecke die Funktion des Sichtschutzes zum Nachbargrundst\u00fcck \u00fcbernommen &#8211; und die Wuchsh\u00f6he ist nun auch einheitlich. Und was macht Mann, wenn man sich schon mal \u00fcberwunden und die Heckenschere ausgepackt hat?<\/p>\n<h2>&#8230; und was machen wir jetzt?<\/h2>\n<p>Vor dem Haus habe ich noch eine Liguster-Hecke, die aber nach einem trockenen Sommer k\u00fcmmert und jetzt nicht beschnitten wird. Stattdessen musste das Zitrus-B\u00e4umchen auf der Terrasse herhalten &#8211; da habe ich gleich den Austrieb einiger \u00c4ste mit einer Gartenschere gekappt.<\/p>\n<p><img decoding=\"async\" title=\"Zitronenb\u00e4umchen\" src=\"https:\/\/i.imgur.com\/i2ctUNC.jpg\" alt=\"Zitronenb\u00e4umchen\" \/><\/p>\n<p>Das B\u00e4umchen wurde dieses Jahr in einen neuen Topf gepflanzt, hatte aber einen Sch\u00e4dlingsbefall im Fr\u00fchling (rote Milbe, Blatt- und Wolll\u00e4use). Habe das Geviech mit Seitenlauge abgewaschen und die Pflanze beschnitten. Seit dem ist sie sch\u00e4dlingsfrei, hat aber aktuell nur zwei gr\u00fcne Fr\u00fcchte, die nicht abgeworfen wurden. Mal schauen, ob ich dieses Jahr noch Zitronenbl\u00fcten zu sehen bekomme. Daf\u00fcr steht meine Bougainvillea in herrlicher Bl\u00fcte.<\/p>\n<h2>Garten macht doch Spa\u00df<\/h2>\n<p>Garten macht einfach Spa\u00df, wenn nicht die Arbeit w\u00e4re &#8230; aber die \u00fcbernimmt meist meine Frau, weil ich immer so radikal und nicht akkurat genug zu Werke gehe. Als schlechtes Beispiel zu dienen, hat gelegentlich halt auch seine Vorteile. Und es kann auch Spa\u00df machen, einfach auf der Terrasse zu sitzen, einen Wein zu trinken, und Anderen bei der Gartenarbeit zuzuschauen.<\/p>\n<p>Nur habe ich mir inzwischen abgew\u00f6hnt, so quasi als Kompensation, der besseren H\u00e4lfte 'hilfreiche Ratschl\u00e4ge f\u00fcr die Gartenarbeit' zu geben (eh, f\u00fcr den Ast musst Du die Baumschere mit der \u00dcbersetzung nehmen, sonst kriegst Du den nicht durch\u00a0 &#8230;) &#8211; gab immer so 'bad vides' auf meine gut gemeinten Tipps.<\/p>\n<p><strong>\u00c4hnliche Artikel:<\/strong><br \/>\n<a href=\"https:\/\/borncity.eu\/senioren\/2020\/08\/26\/der-ritter-der-heckenschere-der-lavendel-schnitt\/\">Der Ritter der Heckenschere: Der Lavendel-Schnitt<\/a><br \/>\n<a href=\"https:\/\/borncity.eu\/senioren\/2019\/12\/19\/schuhkauf\/\">Der Schuhkauf \u2026<\/a><br \/>\n<a href=\"https:\/\/borncity.eu\/senioren\/2017\/07\/26\/gesunde-bewegung-der-kauf-der-barfuschuhe\/\">Gesunde Bewegung: Der Kauf der Barfu\u00dfschuhe<\/a><br \/>\n<a href=\"https:\/\/borncity.eu\/senioren\/2020\/07\/28\/ich-hab-die-marie-kondo-gemacht\/\">Ich hab die Marie Kond\u014d gemacht \u2026 Teil 1<\/a><br \/>\n<a href=\"https:\/\/borncity.eu\/senioren\/2020\/07\/29\/ich-hab-die-marie-kondo-gemacht-teil-2\/\">Ich hab die Marie Kond\u014d gemacht \u2026 Teil 2<\/a><br \/>\n<a href=\"https:\/\/borncity.eu\/senioren\/2020\/07\/30\/ich-hab-die-marie-kondo-gemacht-teil-3\/\">Ich hab die Marie Kond\u014d gemacht \u2026 Teil 3<\/a><br \/>\n<a href=\"https:\/\/borncity.eu\/senioren\/2020\/07\/24\/sommer-sonne-boule-kugeln-und-die-grne-fee\/\">Sommer, Sonne, Boule-Kugeln und ein Pastis \u2026<\/a><\/p>\n","protected":false},"excerpt":{"rendered":"<p>Am letzten Samstag war gutes Wetter &#8211; so dass die Order der angeheirateten H\u00e4lfte 'wenn Du arg Lust hast &#8230;' kam\u00a0 &#8211; Mann merkt auf, was jetzt wohl folgt -'k\u00f6nntest Du die Hecke schneiden'.\u00a0 War ja klar, bei einer 'Wenn'-Frage, &hellip; <a href=\"https:\/\/borncity.eu\/senioren\/2020\/09\/21\/heckenschnitt-ich-habe-den-reinhard-mey-gemacht\/\">Weiterlesen <span class=\"meta-nav\">&rarr;<\/span><\/a><\/p>\n","protected":false},"author":1,"featured_media":0,"comment_status":"open","ping_status":"open","sticky":false,"template":"","format":"standard","meta":{"footnotes":""},"categories":[13],"tags":[119],"class_list":["post-13497","post","type-post","status-publish","format-standard","hentry","category-natur","tag-natur"],"_links":{"self":[{"href":"https:\/\/borncity.eu\/senioren\/wp-json\/wp\/v2\/posts\/13497","targetHints":{"allow":["GET"]}}],"collection":[{"href":"https:\/\/borncity.eu\/senioren\/wp-json\/wp\/v2\/posts"}],"about":[{"href":"https:\/\/borncity.eu\/senioren\/wp-json\/wp\/v2\/types\/post"}],"author":[{"embeddable":true,"href":"https:\/\/borncity.eu\/senioren\/wp-json\/wp\/v2\/users\/1"}],"replies":[{"embeddable":true,"href":"https:\/\/borncity.eu\/senioren\/wp-json\/wp\/v2\/comments?post=13497"}],"version-history":[{"count":0,"href":"https:\/\/borncity.eu\/senioren\/wp-json\/wp\/v2\/posts\/13497\/revisions"}],"wp:attachment":[{"href":"https:\/\/borncity.eu\/senioren\/wp-json\/wp\/v2\/media?parent=13497"}],"wp:term":[{"taxonomy":"category","embeddable":true,"href":"https:\/\/borncity.eu\/senioren\/wp-json\/wp\/v2\/categories?post=13497"},{"taxonomy":"post_tag","embeddable":true,"href":"https:\/\/borncity.eu\/senioren\/wp-json\/wp\/v2\/tags?post=13497"}],"curies":[{"name":"wp","href":"https:\/\/api.w.org\/{rel}","templated":true}]}}