{"id":13605,"date":"2020-10-01T07:22:00","date_gmt":"2020-10-01T05:22:00","guid":{"rendered":"https:\/\/borncity.com\/senioren\/?p=13605"},"modified":"2020-10-02T09:42:47","modified_gmt":"2020-10-02T07:42:47","slug":"1-oktober-tag-des-kaffees","status":"publish","type":"post","link":"https:\/\/borncity.eu\/senioren\/2020\/10\/01\/1-oktober-tag-des-kaffees\/","title":{"rendered":"1. Oktober: Tag des Kaffees"},"content":{"rendered":"<p><img loading=\"lazy\" decoding=\"async\" title=\"Kaffeebohnen (G&uuml;nter Born)\" style=\"float: left; margin: 0px 10px 0px 0px; display: inline\" alt=\"Kaffeebohnen (G&uuml;nter Born)\" src=\"https:\/\/i.imgur.com\/THuxgRv.jpg\" width=\"165\" align=\"left\" height=\"179\">Es ist eine Hommage an die braun ger\u00f6steten Bohnen des Kaffee-Strauchs, aus denen weltweit ein Getr\u00e4nk mit dem Namen Kaffee gebraut wird. So Manche und so Mancher trinkt t\u00e4glich mehrere Tassen von diesem Gebr\u00e4u. Und so etwas braucht nat\u00fcrlich einen 'Erinnerungstag'. Daher hat der Deutsche Kaffeeverband im Jahr 2006 den \u201eTag des Kaffees\" als Hommage an die aromatischen Bohnen <a href=\"https:\/\/www.kaffeeverband.de\/de\/tag-des-kaffees#\" target=\"_blank\" rel=\"noopener noreferrer\">ins Leben<\/a> gerufen. Seitdem sind Kaffeeliebhaber jedes Jahr aufgerufen, sich mit kleinen und gro\u00dfen Aktionen rund um Kaffee zu beteiligen. Also feiern wir heute das 15. Jubil\u00e4um.<\/p>\n<p><!--more--><\/p>\n<p>Der Ehrentag findet zusammen mit dem \u201eInternational Coffee Day\" am <b>01. Oktober <\/b>statt, schreibt der Verband auf <a href=\"https:\/\/www.kaffeeverband.de\/de\/tag-des-kaffees#\" target=\"_blank\" rel=\"noopener noreferrer\">seiner Webseite<\/a> und h\u00e4lt gleich ein paar Zahlen bereit. Deutschland liebt Kaffee: Rund 166 Liter Kaffee trinken die Bundesb\u00fcrger j\u00e4hrlich im Schnitt pro Kopf, und damit deutlich mehr als jedes andere Getr\u00e4nk.<\/p>\n<h2>Kaffee spenden kostet Steuern<\/h2>\n<p>Ach ja: Wenn Unternehmen Kaffee f\u00fcr wohlt\u00e4tige Zwecke (z.B. an Tafeln) spenden, wird Kaffeesteuer f\u00e4llig. \u201eWenn ein Kaffeeunternehmen seinen Kaffee an Bed\u00fcrftige spenden will, dann erhebt der Bundesfinanzminister daf\u00fcr noch Kaffeesteuer und verdient an der Wohlt\u00e4tigkeit der Kaffeespende. Das Steuerrecht setzt damit v\u00f6llig falsche Anreize: Heute bekommt ein Kaffeeunternehmen die Kaffeesteuer erstattet, wenn es den Kaffee vernichtet. Wird der Kaffee jedoch karitativ verschenkt, dann muss die Steuer von 2,19 Euro je Kilogramm R\u00f6stkaffee bezahlt werden. Wegwerfen lohnt sich also, spenden nicht \u2013 das ist absurd\", so Holger Preibisch, Hauptgesch\u00e4ftsf\u00fchrer Deutscher Kaffeeverband. \u201eWenn die Politik den Kampf gegen Lebensmittelvernichtung ernst meint und Lebensmittelspenden wirklich f\u00f6rdern will, dann kann sie ganz einfach die Kaffeesteuer auf Kaffeespenden abschaffen, dies h\u00e4tte eine enorme Wirkung.\", so der Kaffeeverband. <\/p>\n<p><img loading=\"lazy\" decoding=\"async\" title=\"Kaffeebohnen (G&uuml;nter Born)\" alt=\"Kaffeebohnen (G&uuml;nter Born)\" src=\"https:\/\/i.imgur.com\/THuxgRv.jpg\" width=\"528\" height=\"574\"><br \/>(Kaffeebohnen, Quelle: G\u00fcnter Born)<\/p>\n<p>Deutschland ist eines der wenigen L\u00e4nder, das eine Kaffeesteuer f\u00fcr Kaffee sowie f\u00fcr kaffeehaltige Waren erhebt. Der Steuersatz betr\u00e4gt f\u00fcr ein Kilogramm R\u00f6stkaffee 2,19 Euro und f\u00fcr ein Kilogramm l\u00f6slichen Kaffee 4,78 Euro. Zus\u00e4tzlich zur Kaffeesteuer wird die Umsatzsteuer erhoben. Nach Angaben des Statistischen Bundesamtes belief sich das Kaffeesteueraufkommen im Jahr 2019 auf \u00fcber eine Milliarde Euro. Das wusste ich auch noch nicht, das die Kaffeesteuer so hoch ist. <\/p>\n<p>Laut Preibisch w\u00e4re die Forderung nach Steuerbefreiung bei Kaffeespenden einfach umsetzbar: Gegen Vorlage der Spendenbescheinigung soll der R\u00f6ster die Kaffeesteuer erstattet bekommen. Dies w\u00fcrde auch dem Ziel der Bundesregierung gerecht werden, die im Rahmen ihrer \u201eNationalen Strategie zur Reduzierung der Lebensmittelverschwendung\" die Absicht verfolgt, die Menge der weggeworfenen Lebensmittel bis zum Jahr 2030 zu halbieren.<\/p>\n<p>Ansonsten kommt der Kaffee auch immer wieder hier im Blog in Artikeln vor. Hier einige Artikellinks zum Schm\u00f6kern. Wie w\u00e4re es mal mit <a href=\"https:\/\/borncity.eu\/senioren\/2019\/01\/27\/kaffee-kalligraphie\/\">Kaffee-Kalligraphie \u2026<\/a> oder <a href=\"https:\/\/borncity.eu\/senioren\/2018\/09\/17\/kaffee-kunst-der-besonderen-art\/\">Kaffee-Kunst der 'besonderen' Art<\/a>? Oder wussten Sie, dass Kaffee die Wirkung von Schmerzmitteln verst\u00e4rkt (siehe <a href=\"https:\/\/borncity.eu\/senioren\/2016\/11\/22\/koffein-verstrkt-die-wirkung-von-ibuprofen-co\/\">Koffein verst\u00e4rkt die Wirkung von Ibuprofen &amp; Co.<\/a>), mache ich mir immer wieder zunutze. Ich trinke zum Fr\u00fchst\u00fcck immer eine Tasse Kaffee, die ich mir von meiner Frau schnorre (ich bin mehr Tee-Trinker). Und dann reicht eine halbe Ibuprofen 400, um gegen die <a href=\"https:\/\/www.borncity.com\/blog\/2015\/04\/22\/update-zum-sport-unfall-step-by-step-zurck-ins-leben\/\" target=\"_blank\" rel=\"noopener noreferrer\">Sportunfall-<\/a>bedingten Nackenschmerzen anzugehen. Und ein Espresso nach dem Mittagessen rundet das Mahl ab und wirkt wie Magenbitter (<a href=\"https:\/\/borncity.eu\/senioren\/2017\/08\/21\/kaffee-als-magenbitter\/\">Kaffee als Magenbitter<\/a>). Ach ja, Kaffee bzw. das Koffein ist ein Muntermacher, wirkt selbst bei Solarzellen (<a href=\"https:\/\/borncity.eu\/senioren\/2019\/05\/03\/kaffee-macht-solarzellen-munter\/\">Kaffee macht Solarzellen munter \u2026<\/a>).<\/p>\n<p><strong>\u00c4hnliche Artikel:<\/strong><br \/><a href=\"https:\/\/borncity.eu\/senioren\/ratgeber\/\">Ratgeber und Informationen<\/a><br \/><a href=\"https:\/\/borncity.eu\/senioren\/2017\/03\/16\/tipp-kaffee-aus-tiefgefrorenen-bohnen\/\">Tipp: Kaffee aus tiefgefrorenen Bohnen<\/a><br \/><a href=\"https:\/\/borncity.eu\/senioren\/2017\/07\/02\/die-kaffeemaschine-als-keimschleuder\/\">Die Kaffeemaschine als Keimschleuder?<\/a><br \/><a href=\"https:\/\/borncity.eu\/senioren\/2016\/11\/11\/kaffee-schtzt-vor-diabetes-wenn-die-gene-dies-zulassen\/\">Kaffee sch\u00fctzt vor Diabetes, wenn die Gene dies zulassen<\/a><br \/><a href=\"https:\/\/borncity.eu\/senioren\/2016\/11\/22\/koffein-verstrkt-die-wirkung-von-ibuprofen-co\/\">Koffein verst\u00e4rkt die Wirkung von Ibuprofen &amp; Co.<\/a><br \/><a href=\"https:\/\/borncity.eu\/senioren\/2018\/12\/17\/schtzt-kaffee-vor-darmkrebs\/\">Sch\u00fctzt Kaffee vor Darmkrebs?<\/a><br \/><a href=\"https:\/\/borncity.eu\/senioren\/2017\/09\/28\/fakten-und-daten-rund-um-den-kaffee\/\">Fakten und Daten rund um den Kaffee<\/a><br \/><a href=\"https:\/\/borncity.eu\/senioren\/2017\/08\/21\/kaffee-als-magenbitter\/\">Kaffee als Magenbitter<\/a><br \/><a href=\"https:\/\/borncity.eu\/senioren\/2017\/08\/10\/berraschende-fakten-zum-kaffee-und-mehr\/\">Kaffeetrinker leben l\u00e4nger und weitere Fakten zum Kaffee<\/a><br \/><a href=\"https:\/\/borncity.eu\/senioren\/2019\/11\/14\/haben-kaffeetrinker-die-gesndere-darmflora\/\">Haben Kaffeetrinker die 'ges\u00fcndere' Darmflora?<\/a><br \/><a href=\"https:\/\/borncity.eu\/senioren\/2018\/04\/03\/der-kaffee-das-acrylamid-und-der-krebs\/\">Der Kaffee, das Acrylamid und der Krebs<\/a><br \/><a href=\"https:\/\/borncity.eu\/senioren\/2017\/08\/11\/fair-trade-kaffee-die-liebe-zum-kaffee-neu-definiert\/\">Fair Trade Kaffee \u2013 Die Liebe zum Kaffee neu definiert<\/a><br \/><a href=\"https:\/\/borncity.eu\/senioren\/2017\/04\/11\/blonde-roast-hell-gersteter-filterkaffee\/\">Trend: Hell ger\u00f6steter Filterkaffee (Blonde Roast)<\/a><br \/><a href=\"https:\/\/borncity.eu\/senioren\/2019\/05\/03\/kaffee-macht-solarzellen-munter\/\">Kaffee macht Solarzellen munter \u2026<\/a><\/p>\n","protected":false},"excerpt":{"rendered":"<p>Es ist eine Hommage an die braun ger\u00f6steten Bohnen des Kaffee-Strauchs, aus denen weltweit ein Getr\u00e4nk mit dem Namen Kaffee gebraut wird. So Manche und so Mancher trinkt t\u00e4glich mehrere Tassen von diesem Gebr\u00e4u. Und so etwas braucht nat\u00fcrlich einen &hellip; <a href=\"https:\/\/borncity.eu\/senioren\/2020\/10\/01\/1-oktober-tag-des-kaffees\/\">Weiterlesen <span class=\"meta-nav\">&rarr;<\/span><\/a><\/p>\n","protected":false},"author":1,"featured_media":0,"comment_status":"open","ping_status":"open","sticky":false,"template":"","format":"standard","meta":{"footnotes":""},"categories":[28],"tags":[29],"class_list":["post-13605","post","type-post","status-publish","format-standard","hentry","category-essen","tag-essen"],"_links":{"self":[{"href":"https:\/\/borncity.eu\/senioren\/wp-json\/wp\/v2\/posts\/13605","targetHints":{"allow":["GET"]}}],"collection":[{"href":"https:\/\/borncity.eu\/senioren\/wp-json\/wp\/v2\/posts"}],"about":[{"href":"https:\/\/borncity.eu\/senioren\/wp-json\/wp\/v2\/types\/post"}],"author":[{"embeddable":true,"href":"https:\/\/borncity.eu\/senioren\/wp-json\/wp\/v2\/users\/1"}],"replies":[{"embeddable":true,"href":"https:\/\/borncity.eu\/senioren\/wp-json\/wp\/v2\/comments?post=13605"}],"version-history":[{"count":0,"href":"https:\/\/borncity.eu\/senioren\/wp-json\/wp\/v2\/posts\/13605\/revisions"}],"wp:attachment":[{"href":"https:\/\/borncity.eu\/senioren\/wp-json\/wp\/v2\/media?parent=13605"}],"wp:term":[{"taxonomy":"category","embeddable":true,"href":"https:\/\/borncity.eu\/senioren\/wp-json\/wp\/v2\/categories?post=13605"},{"taxonomy":"post_tag","embeddable":true,"href":"https:\/\/borncity.eu\/senioren\/wp-json\/wp\/v2\/tags?post=13605"}],"curies":[{"name":"wp","href":"https:\/\/api.w.org\/{rel}","templated":true}]}}