{"id":13827,"date":"2020-10-03T11:25:16","date_gmt":"2020-10-03T09:25:16","guid":{"rendered":"https:\/\/borncity.com\/senioren\/?p=13827"},"modified":"2024-12-07T19:04:43","modified_gmt":"2024-12-07T18:04:43","slug":"herbst-auf-die-quitte-gekommen","status":"publish","type":"post","link":"https:\/\/borncity.eu\/senioren\/2020\/10\/03\/herbst-auf-die-quitte-gekommen\/","title":{"rendered":"Herbst: Auf die Quitte gekommen"},"content":{"rendered":"<p><img loading=\"lazy\" decoding=\"async\" style=\"float: left; margin: 0px 10px 0px 0px; display: inline;\" title=\"Quitte\" src=\"https:\/\/i.imgur.com\/EnvyRew.jpg\" alt=\"Quitte\" width=\"197\" height=\"148\" \/>Herbstzeit, Erntezeit und nat\u00fcrlich auch Quittenzeit. Die Quitte ist so etwas wie eine 'vergessene Frucht'. Man kann nicht einfach in die Frucht 'reinbei\u00dfen' und diese verzehren. Die Dinger sind steinhart &#8211; und ich glaubte viele Jahre, dass Quitten so was wie 'Zierobst', aber giftig, seien (es gibt wohl auch Zierquitten, die in G\u00e4rten gepflanzt wurden). Irgendwann, ich wei\u00df nicht mehr genau wann, habe ich dann mit einer Frau Quitten auf dem Markt an einem Obststand gesehen. Gefragt, was das sei und einige Fr\u00fcchte gekauft. Im Nachgang habe ich recherchiert und bin zum Quittenliebhaber mutiert.<\/p>\n<p><!--more--><\/p>\n<p><img loading=\"lazy\" decoding=\"async\" src=\"https:\/\/vg07.met.vgwort.de\/na\/f62af4c1d69e47e9b4417af2477ded13\" alt=\"\" width=\"1\" height=\"1\" \/>Da gab es in der weiteren Nachbarschaft einen verwilderten Garten, den eine \u00e4ltere Dame beim Eintritt in den Ruhestand unter ihre Fittische nahm. Sie schnitt ausgetriebene B\u00fcsche und brachte das verwilderte Grundst\u00fcck auf Vordermann. Und im Herbst stand dort eine aus mehreren Backsteinen und einem Brett gezimmerte Bank, auf der T\u00fctchen mit frisch gepfl\u00fcckten \u00c4pfeln und eben Quitten ausgelegt waren. Sie wollte pro T\u00fcte einen Euro in die aufgestellte Kasse des Vertrauens haben.<\/p>\n<p>Da ich mit meiner Frau auf unseren t\u00e4glichen Spazierg\u00e4ngen an diesem Grundst\u00fcck vorbei kam, hatte ich im Oktober immer ein oder zwei Euro in der Tasche, und so manche T\u00fcte Quitten ist dann mit nach Hause gewandert. Niemand sonst kaufte die Quitten oder \u00c4pfel, und nun ist das Grundst\u00fcck wieder verwaist, ich nehme an, die Dame kann vom Alter nicht mehr die Pflege stemmen. Diese Quitten-Quelle ist also versiegt &#8211; aber im Hofladen unseres Bauern sowie auf dem Markt findet man diese vergessene Frucht jetzt \u00f6fters. Meine Frau kauft meist einige Exemplare, sobald sie angeboten werden.<\/p>\n<h2>Die Quitte: Uralte Frucht und fast vergessen<\/h2>\n<p>Die <a href=\"https:\/\/de.wikipedia.org\/wiki\/Quitte\" target=\"_blank\" rel=\"noopener noreferrer\">Quitte<\/a> (Cydonia oblonga) geh\u00f6rt zu den Kernobstgew\u00e4chsen innerhalb der Familie der Rosengew\u00e4chse (Rosaceae). Sie wird als Obstbaum kultiviert. Die urspr\u00fcngliche Heimat liegt im \u00f6stlichen Kaukasus und im Transkaukasus. Erste Nachweise \u00fcber kultivierte Quitten aus dem Kaukasus reichen 4000 Jahre zur\u00fcck, in Griechenland findet man sie ab 600 v. Chr., bei den R\u00f6mern ab 200 v. Chr.<\/p>\n<p><img decoding=\"async\" title=\"Quitte\" src=\"https:\/\/i.imgur.com\/EnvyRew.jpg\" alt=\"Quitte\" \/><br \/>\n(Von <a href=\"https:\/\/commons.wikimedia.org\/w\/index.php?curid=7062445\" target=\"_blank\" rel=\"noopener noreferrer\">Conrad Nutschan at de.wikipedia, CC BY-SA 3.0<\/a>)<\/p>\n<p>In Mitteleuropa wird sie erst seit dem 9. Jahrhundert, als w\u00e4rmeliebende Pflanze dort bevorzugt in Weinbaugebieten, angebaut. Dort war mir der Quittenbaum aus dem Rheingau (u.a. aus R\u00fcdesheim) bekannt, denn ich hatte einige B\u00e4umchen auf Besuchen in diesem Ort gesehen.<\/p>\n<p>Inzwischen wei\u00df ich auch, dass hier im Taunus ebenfalls einige Quittenb\u00e4umchen stehen &#8211; die Tage kam ich an einer vor drei oder vier Jahren angelegten Streuobstwiese vorbei. Dort leuchteten gelbe Fr\u00fcchte von einem jungen Baum und ich dachte 'sind das gelbe \u00c4pfel oder Birnen' und bin n\u00e4her herangegangen. Dann stellte es sich heraus, dass der Baum bestimmt 20-30 birnenf\u00f6rmige Quitten als Fr\u00fcchte trug. Bin ja mal gespannt, ob dieser Baum in den kommenden Wochen abgerntet wird.<\/p>\n<p>Die Redaktion von feierabend.de hat <a href=\"https:\/\/web.archive.org\/web\/20240617015550\/https:\/\/www.feierabend.de\/Herbst\/Quitte-Die-vergessene-Frucht-781699.htm\" target=\"_blank\" rel=\"noopener noreferrer\">diesen Artikel<\/a> der Quitte gewidmet. Die Wikipedia wei\u00df noch, dass <a href=\"https:\/\/de.wikipedia.org\/wiki\/Quitte#Verwendung_als_Heilpflanze\" target=\"_blank\" rel=\"noopener noreferrer\">Quitten fr\u00fcher auch als Heilpflanze<\/a> in Verwendung war. Und man legte Quittenst\u00fcckchen als Duftspender zwischen W\u00e4schest\u00fccke. Heute wird die Quitte wohl eher zum Essen (Gelee, Mus) genutzt.<\/p>\n<h2>Quittengelee und Quittenmus<\/h2>\n<p>Quittengelee werden die meisten kennen. K\u00fcrzlich h\u00f6rte ich von einer Blog-Leserin, dass sie Quittengelee kocht, wenn sie Quitten geschenkt bekommt. Zuf\u00e4llig stand ein paar Tage sp\u00e4ter ein Glas Quittenmarmelade auf dem Fr\u00fchst\u00fcckstisch. Meine Frau meinte: 'Ich habe es im Biomarkt gesehen, hatte Lust drauf und habe mir ein Glas mitgebracht'. Schmeckte ganz gut, aber ich bin eher ein Fan von Quittenmus.<\/p>\n<p>Daher bringt meine Frau inzwischen im Herbst immer mal wieder Quitten vom Marktstand des Obsth\u00e4ndlers oder aus dem Hofladen unseres Bauern mit. Ich muss die Fr\u00fcchte teilen, sch\u00e4len und vorbereiten. Daraus kocht meine Frau dann Quittenmus.<\/p>\n<p><img decoding=\"async\" title=\"Quittenmus\" src=\"https:\/\/i.imgur.com\/7f7Pfmm.jpg\" alt=\"Quittenmus\" \/><br \/>\n(Quittenmus, eigene Aufnahme)<\/p>\n<p>Obiges Foto zeigt die erste Portion Quittenmus f\u00fcr 2020 &#8211; frisch und ohne zus\u00e4tzlichen Zucker gekocht. Sieht fast wie Apfelmus aus (koche ich im Herbst aus Fallobst), wird aber nicht jeder m\u00f6gen, zumal Quittenmus ein ungewohntes Mundgef\u00fchl besitzt. Esse ich sehr gerne zum Nachtisch, wobei ich mir dort eine Prise Zimt drauf gestreut habe. So hat der Herbst auch seine guten Seiten.<\/p>\n<p><strong>\u00c4hnliche Artikel:<br \/>\n<\/strong><a href=\"https:\/\/borncity.eu\/senioren\/2020\/07\/12\/urban-gardening-sommerfrchtchen-2020\/\">Urban Gardening: Sommerfr\u00fcchtchen 2020<\/a><br \/>\n<a href=\"https:\/\/borncity.eu\/senioren\/2020\/08\/18\/sommer-2020-oleander-in-voller-blte\/\">Sommer 2020: Oleander in voller Bl\u00fcte<\/a><br \/>\n<a href=\"https:\/\/borncity.eu\/senioren\/2020\/08\/19\/feigen-feigen-feigen\/\">Feigen, Feigen, Feigen \u2026<\/a><br \/>\n<a href=\"https:\/\/borncity.eu\/senioren\/2020\/09\/12\/ahornbltter-und-abendstimmung-der-herbst-2020-lsst-gren\/\">Ahornbl\u00e4tter und Abendstimmung: Der Herbst 2020 l\u00e4sst gr\u00fc\u00dfen \u2026<\/a><br \/>\n<a href=\"https:\/\/borncity.eu\/senioren\/2018\/09\/24\/der-herbst-ist-da\/\">Der Herbst ist da \u2026<\/a><br \/>\n<a href=\"https:\/\/borncity.eu\/senioren\/2020\/08\/24\/lampionblumen-in-meinem-garten\/\">Lampionblumen in meinem Garten<\/a><br \/>\n<a href=\"https:\/\/borncity.eu\/senioren\/2018\/01\/08\/wilde-karde-ein-stck-vom-letzten-herbst\/\">Wilde Karde \u2013 ein St\u00fcck vom letzten Herbst<\/a><br \/>\n<a href=\"https:\/\/borncity.eu\/senioren\/2018\/09\/16\/sonntagmorgen-im-herbst\/\">Sonntagmorgen im Herbst<\/a><br \/>\n<a href=\"https:\/\/borncity.eu\/senioren\/2017\/10\/14\/ein-stiller-sonniger-herbstmorgen\/\">Ein stiller, sonniger Herbstmorgen<\/a><br \/>\n<a href=\"https:\/\/borncity.eu\/senioren\/2020\/09\/27\/herbst-dekoration-lampionblumen\/\">Herbst-Dekoration: Lampionblumen<\/a><br \/>\n<a href=\"https:\/\/borncity.eu\/senioren\/2020\/04\/04\/letzten-herbst-2019\/\">Letzten Herbst (2019)<\/a><br \/>\n<a href=\"https:\/\/borncity.eu\/senioren\/2018\/09\/25\/herbst-zeit-der-pilze\/\">Herbst, Zeit der Pilze<\/a><br \/>\n<a href=\"https:\/\/borncity.eu\/senioren\/2019\/10\/28\/samstagmorgen-nebel-im-sptherbst\/\">Samstagmorgen: Nebel im Sp\u00e4therbst<\/a><br \/>\n<a href=\"https:\/\/borncity.eu\/senioren\/2016\/11\/30\/november-impressionen-vom-spt-spt-herbst\/\">November-Impressionen vom Sp\u00e4t-Sp\u00e4t-Herbst<\/a><br \/>\n<a href=\"https:\/\/borncity.eu\/senioren\/2018\/11\/19\/novemberimpressionen-herbstwald-wandern-am-taunussteig\/\">Novemberimpressionen: Herbstwald, Wandern am Taunussteig<\/a><br \/>\n<a href=\"https:\/\/borncity.eu\/senioren\/2018\/10\/15\/herbstimpressionen-2018-habe-das-feld-fertig\/\">Herbstimpressionen 2018: Habe das Feld fertig<\/a><br \/>\n<a href=\"https:\/\/borncity.eu\/senioren\/2016\/09\/17\/herbst-ernte-krbisse\/\">Herbst \u2013 Ernte \u2013 K\u00fcrbisse<\/a><br \/>\n<a href=\"https:\/\/borncity.eu\/senioren\/2015\/10\/30\/herbst-ahorn\/\">Herbst-Ahorn<\/a><br \/>\n<a href=\"https:\/\/borncity.eu\/senioren\/2020\/10\/03\/herbstzeit-krbiszeit-2\/\">Herbstzeit, K\u00fcrbiszeit<\/a><br \/>\n<a href=\"https:\/\/borncity.eu\/senioren\/2015\/10\/26\/herbst-im-rheingau\/\">Herbst im Rheingau \u2026<\/a><br \/>\n<a href=\"https:\/\/borncity.eu\/senioren\/2015\/09\/27\/herbstimpressionen-i\/\">Herbstimpressionen \u2013 I<\/a><br \/>\n<a href=\"https:\/\/borncity.eu\/senioren\/2015\/09\/30\/herbstimpressionen-ii\/\">Herbstimpressionen \u2013 II<\/a><br \/>\n<a href=\"https:\/\/borncity.eu\/senioren\/2015\/10\/01\/herbstimpressionen-iii\/\">Herbstimpressionen \u2013 III<\/a><br \/>\n<a href=\"https:\/\/borncity.eu\/senioren\/2015\/10\/02\/herbstimpressionen-iv\/\">Herbstimpressionen \u2013 IV<\/a><br \/>\n<a href=\"https:\/\/borncity.eu\/senioren\/2015\/10\/19\/herbststurm-im-anmarsch\/\">Herbststurm im Anmarsch \u2026<\/a><\/p>\n","protected":false},"excerpt":{"rendered":"<p>Herbstzeit, Erntezeit und nat\u00fcrlich auch Quittenzeit. Die Quitte ist so etwas wie eine 'vergessene Frucht'. Man kann nicht einfach in die Frucht 'reinbei\u00dfen' und diese verzehren. Die Dinger sind steinhart &#8211; und ich glaubte viele Jahre, dass Quitten so was &hellip; <a href=\"https:\/\/borncity.eu\/senioren\/2020\/10\/03\/herbst-auf-die-quitte-gekommen\/\">Weiterlesen <span class=\"meta-nav\">&rarr;<\/span><\/a><\/p>\n","protected":false},"author":1,"featured_media":0,"comment_status":"open","ping_status":"open","sticky":false,"template":"","format":"standard","meta":{"footnotes":""},"categories":[28,18,13],"tags":[29,19,119],"class_list":["post-13827","post","type-post","status-publish","format-standard","hentry","category-essen","category-foto","category-natur","tag-essen","tag-foto","tag-natur"],"_links":{"self":[{"href":"https:\/\/borncity.eu\/senioren\/wp-json\/wp\/v2\/posts\/13827","targetHints":{"allow":["GET"]}}],"collection":[{"href":"https:\/\/borncity.eu\/senioren\/wp-json\/wp\/v2\/posts"}],"about":[{"href":"https:\/\/borncity.eu\/senioren\/wp-json\/wp\/v2\/types\/post"}],"author":[{"embeddable":true,"href":"https:\/\/borncity.eu\/senioren\/wp-json\/wp\/v2\/users\/1"}],"replies":[{"embeddable":true,"href":"https:\/\/borncity.eu\/senioren\/wp-json\/wp\/v2\/comments?post=13827"}],"version-history":[{"count":1,"href":"https:\/\/borncity.eu\/senioren\/wp-json\/wp\/v2\/posts\/13827\/revisions"}],"predecessor-version":[{"id":27180,"href":"https:\/\/borncity.eu\/senioren\/wp-json\/wp\/v2\/posts\/13827\/revisions\/27180"}],"wp:attachment":[{"href":"https:\/\/borncity.eu\/senioren\/wp-json\/wp\/v2\/media?parent=13827"}],"wp:term":[{"taxonomy":"category","embeddable":true,"href":"https:\/\/borncity.eu\/senioren\/wp-json\/wp\/v2\/categories?post=13827"},{"taxonomy":"post_tag","embeddable":true,"href":"https:\/\/borncity.eu\/senioren\/wp-json\/wp\/v2\/tags?post=13827"}],"curies":[{"name":"wp","href":"https:\/\/api.w.org\/{rel}","templated":true}]}}