{"id":13957,"date":"2020-10-07T00:12:00","date_gmt":"2020-10-06T22:12:00","guid":{"rendered":"https:\/\/borncity.com\/senioren\/?p=13957"},"modified":"2020-10-07T11:01:11","modified_gmt":"2020-10-07T09:01:11","slug":"herbst-feuerdorn-sanddorn-ebereschen","status":"publish","type":"post","link":"https:\/\/borncity.eu\/senioren\/2020\/10\/07\/herbst-feuerdorn-sanddorn-ebereschen\/","title":{"rendered":"Herbst: Feuerdorn, Sanddorn, Ebereschen, Hagebutten"},"content":{"rendered":"<p><img loading=\"lazy\" decoding=\"async\" style=\"float: left; margin: 0px 10px 0px 0px; display: inline;\" title=\"Ebereschenfr\u00fcchte\" src=\"https:\/\/i.imgur.com\/1PKJltC.jpg\" alt=\"Ebereschenfr\u00fcchte\" width=\"204\" height=\"231\" align=\"left\" \/>Herbst, Anfang Oktober 2020, die Bl\u00e4tter an den Laubb\u00e4umen sind zwar noch gr\u00fcn. Aber seit August\/September leuchten die Beeren der Ebereschen oder des Feuerdorns durch das Laub. Und im Norden d\u00fcrften die gelben Beeren des Sanddorns langsam reif zur Ernte werden. Nicht zu vergessen, die Hagebutten. Ich hatte schon l\u00e4nger einen Blog-Beitrag zum Thema im Hinterkopf und seit August sowie in den letzten Wochen einige Fotos geschossen. Aber ich bin aktuell wieder durch eine Bemerkung aus der Blog-Leserschaft daran erinnert worden. Daher heute ein kleiner Foto-Beitrag zum Thema.<\/p>\n<p><!--more--><\/p>\n<h2>Ebereschen und ihre Fr\u00fcchte<\/h2>\n<p><img loading=\"lazy\" decoding=\"async\" src=\"https:\/\/vg05.met.vgwort.de\/na\/189294a77a72404cac6c2353ef7240bd\" alt=\"\" width=\"1\" height=\"1\" \/>Bereits im September sind mir die <a href=\"https:\/\/de.wikipedia.org\/wiki\/Vogelbeere#Frucht_und_Samen\" target=\"_blank\" rel=\"noopener noreferrer\">Ebereschen<\/a> hier in den Taunusw\u00e4ldern aufgefallen. Deren roten oder orangen Beeren leuchten durch das Laub dieser B\u00e4ume und sind im Volksmund auch als Vogelbeeren bekannt.<\/p>\n<p><img loading=\"lazy\" decoding=\"async\" title=\"Ebereschenfr\u00fcchte\" src=\"https:\/\/i.imgur.com\/hhtWabK.jpg\" alt=\"Ebereschenfr\u00fcchte\" width=\"610\" height=\"619\" \/><br \/>\n(Ebereschenfr\u00fcchte)<\/p>\n<p>Der Baum ist leicht durch seine gefiederten Bl\u00e4tter zu erkennen. Die Fr\u00fcchte sehen wie Mini-\u00c4pfel aus, botanisch geh\u00f6rt die Eberesche zur Familie der Rosengew\u00e4chse. In meiner Jugend hie\u00dfen die Fr\u00fcchte 'Viehzucker', werden sie doch nicht nur von V\u00f6geln, sondern auch von S\u00e4ugetieren (fr\u00fcher wohl auch vom Vieh) gefressen. Und es wurde 'Fr\u00fcchte sind giftig' geraunt, was aber so nicht stimmt. Die Fr\u00fcchte enthalten Parasorbins\u00e4ure, die zu Magenproblemen f\u00fchren kann. Zu Marmelade verkocht, ist die S\u00e4ure aber abgebaut. Vogelbeeren haben einen hohen Vitamin-C-Gehalt. Die Beeren enthalten zudem <a href=\"https:\/\/de.wikipedia.org\/wiki\/Provitamin_A\" target=\"_blank\" rel=\"noopener noreferrer\">Provitamin A<\/a> und <a href=\"https:\/\/de.wikipedia.org\/wiki\/Sorbit\" target=\"_blank\" rel=\"noopener noreferrer\">Sorbit<\/a>, einen <a href=\"https:\/\/de.wikipedia.org\/wiki\/Zuckeraustauschstoff\" target=\"_blank\" rel=\"noopener noreferrer\">Zuckeraustauschstoff<\/a>. Aus der <a href=\"https:\/\/de.wikipedia.org\/wiki\/Sorbose\" target=\"_blank\" rel=\"noopener noreferrer\">Sorbose<\/a> der Vogelbeeren wurde das Sorbit, ein Zuckerersatz f\u00fcr Diabetiker, gewonnen, wei\u00df die Wikipedia. Vielleicht hie\u00df die Vogelbeere deshalb in unserer moselfr\u00e4nkischen Sprache 'Viehzucker'.<\/p>\n<p><img decoding=\"async\" title=\"Eberesche, Eifel, August 2020\" src=\"https:\/\/i.imgur.com\/hrBz9k6.jpg\" alt=\"Eberesche, Eifel, August 2020\" \/><br \/>\n(Eberesche, Eifel, August 2020)<\/p>\n<p>Wie dem auch immer sei &#8211; obiger Baum steht auf dem Grundst\u00fcck meiner Schwester, den ich im August 2020 bei einem Besuch in der Eifel fotografiert habe. Sie hat den Baum vor Jahren gepflanzt. Und nachfolgendes Foto zeigt Ebereschen in den Taunusw\u00e4ldern, ganz in der N\u00e4he meines Wohnorts.<\/p>\n<p><img decoding=\"async\" title=\"Eberesche,Taunus, August 2020\" src=\"https:\/\/i.imgur.com\/pPEcdIg.jpg\" alt=\"Eberesche,Taunus, August 2020\" \/><br \/>\n(Eberesche,Taunus, August 2020)<\/p>\n<h2>Feuerdorn, macht seinem Namen Ehre<\/h2>\n<p>Und dann gibt es noch den <a href=\"https:\/\/de.wikipedia.org\/wiki\/Feuerdorn\" target=\"_blank\" rel=\"noopener noreferrer\">Feuerdorn<\/a>, der h\u00e4ufig in Vorg\u00e4rten und auf Gartengrundst\u00fccken anzutreffen ist. Geh\u00f6rt auch zur Familie der Rosengew\u00e4chse und die Fr\u00fcchte gleichen sogar etwas der Vogelbeere. Die B\u00fcsche gibt es mit roten, orangen und gelben Beeren, wobei diese f\u00fcr den Menschen ungenie\u00dfbar und schwach giftig sind.<\/p>\n<p><img decoding=\"async\" title=\"Feuerdort, Taunus, August 2020\" src=\"https:\/\/i.imgur.com\/tTtDynl.jpg\" alt=\"Feuerdort, Taunus, August 2020\" \/><br \/>\n(Feuerdort, Taunus, August 2020)<\/p>\n<p>Feuerdorn hat den Nachteil, dass die Zweige mit Stacheln besetzt sind. Die gehen beim Beschnitt eines Buschs selbst durch Arbeitshandschuhe. Zwei Feuerdorn-B\u00fcsche, die meine Frau zwischen Kirschlorbeer-B\u00fcsche pflanzen lie\u00df, habe ich daher inzwischen ausgemacht. Daf\u00fcr tr\u00e4gt der botanisch verwandte Cotaneaster vor unserem Haus \u00e4hnliche Beeren, hat aber keine solchen Stacheln.<\/p>\n<h2>Hagebutten, Juckpulver, Vitamin-C-Spender<\/h2>\n<p>Die Fr\u00fcchte der Wildrosen sind die im Herbst <a href=\"https:\/\/de.wikipedia.org\/wiki\/Hagebutte\" target=\"_blank\" rel=\"noopener noreferrer\">Hagebutten<\/a>. In unserer Jugend waren Hagebutten als sogenanntes Juckpulver bekannt. Die pelzigen Kerne (N\u00fcsschen) l\u00f6sten einen Juckreiz aus, wenn man diese jemandem in den Kragen warf, so dass die Kerne \u00fcber die Haut glitten.<\/p>\n<p><img decoding=\"async\" title=\"Hagebutten, Taunus, September 2020\" src=\"https:\/\/i.imgur.com\/JculfAL.jpg\" alt=\"Hagebutten, Taunus, September 2020\" \/><br \/>\n(Hagebutten, Taunus, September 2020)<\/p>\n<p>Hagebutten sind roh genie\u00dfbar, wenn die inneren Kerne (N\u00fcsschen) entfernt werden. Gelegentlich werden die Fr\u00fcchte zu Mus oder Konfit\u00fcre (Hagebuttenmark) verarbeitet werden, haben wir hier aber noch nie gemacht.<\/p>\n<h2>Sanddorn, Erinnerungen an die Ostsee<\/h2>\n<p>Wenn ich die gelben Fr\u00fcchte des Feuerdorns hier im Taunus im Herbst sehe, kommt automatisch auch die Erinnerung an den <a href=\"https:\/\/de.wikipedia.org\/wiki\/Sanddorn\" target=\"_blank\" rel=\"noopener noreferrer\">Sanddorn<\/a>, den ich bei Urlauben an der Ostsee kennen gelernt habe. Im Herbst reiften die vitaminreichen gelben Fr\u00fcchte an den B\u00fcschen und bei einem Aufenthalt auf R\u00fcgen wurden an vielen Ecke Sanddorn-Produkte angeboten. Mit den diversen S\u00e4ften konnte ich mich nie anfreunden, aber Sanddorn-Birne-Marmelade haben wir hier noch eine ganze Zeit im Bioladen gekauft.<\/p>\n<p><img decoding=\"async\" title=\"Sanddorn, Taunus, September 2020\" src=\"https:\/\/i.imgur.com\/waKXknl.jpg\" alt=\"Sanddorn, Taunus, September 2020\" \/><br \/>\n(Sanddorn, Taunus, September 2020)<\/p>\n<p>Tja, und inzwischen hat mich der Sanddorn sogar im Taunus eingeholt. Eine Bekanntschaft viele Stra\u00dfen weiter hat sich einen kleinen Sanddorn-Sch\u00f6ssling aus dem Norden mitgebracht und vor einigen Jahren in ihrem Vorgarten gepflanzt. Dieses Jahr trug der Sanddorn sogar einige Fr\u00fcchte, wie man auf obigem Foto erkennen kann. F\u00fcr Sanddorn-Saft oder -Marmelade reicht es nicht &#8211; und der Feuerdorn daneben trug deutlich mehr Fr\u00fcchte, die aber ungenie\u00dfbar sind.<\/p>\n<p><img decoding=\"async\" title=\"Feuerdorn, Taunus, September 2020\" src=\"https:\/\/i.imgur.com\/p9JHDmE.jpg\" alt=\"Feuerdorn, Taunus, September 2020\" \/><br \/>\n(Feuerdorn, Taunus, September 2020)<\/p>\n<blockquote><p>Meine 'Fachfrau' hat mich eingenordet und mich Noob aufgekl\u00e4rt: 'Sanddorn ist \u00fcbrigens zweih\u00e4usig, das hei\u00dft, die Fr\u00fcchte bilden sich nur an den weiblichen Pflanzen. F\u00fcr zuverl\u00e4ssigen Ertrag muss zu weiblichen Str\u00e4uchern auch immer ein m\u00e4nnliches Exemplar als Pollenspender gepflanzt werden.' Irgend etwas klingelt da mit m\u00e4nnlich und weiblich. Herzlichen Dank f\u00fcr den Hinweis, bin da so in Sachen hochertragreiche Sanddorn-Plantagen ziemlich unbeleckt. Werde ich an meine Bekannte weiter geben. Ob die sich auf die Jagd nach einer m\u00e4nnlichen Pflanze in den Weiten des Nordens macht? We will see &#8211; aber deren Vorgarten ist eigentlich schon voll.<\/p><\/blockquote>\n<p>So was aber auch. Ist aber schon eine tolle Zeit, der Herbst. Muss mal die Tage Blog-Beitr\u00e4ge \u00fcber N\u00fcsse, Maronen, sowie weitere Fr\u00fcchte bringen, die aktuell geerntet werden k\u00f6nnen.<\/p>\n<p><strong>\u00c4hnliche Artikel:<br \/>\n<\/strong><a href=\"https:\/\/borncity.eu\/senioren\/2020\/10\/03\/herbst-auf-die-quitte-gekommen\/\">Herbst: Auf die Quitte gekommen<\/a><br \/>\n<a href=\"https:\/\/borncity.eu\/senioren\/2020\/09\/12\/ahornbltter-und-abendstimmung-der-herbst-2020-lsst-gren\/\">Ahornbl\u00e4tter und Abendstimmung: Der Herbst 2020 l\u00e4sst gr\u00fc\u00dfen \u2026<\/a><br \/>\n<a href=\"https:\/\/borncity.eu\/senioren\/2018\/09\/24\/der-herbst-ist-da\/\">Der Herbst ist da \u2026<\/a><br \/>\n<a href=\"https:\/\/borncity.eu\/senioren\/2020\/08\/24\/lampionblumen-in-meinem-garten\/\">Lampionblumen in meinem Garten<\/a><br \/>\n<a href=\"https:\/\/borncity.eu\/senioren\/2018\/01\/08\/wilde-karde-ein-stck-vom-letzten-herbst\/\">Wilde Karde \u2013 ein St\u00fcck vom letzten Herbst<\/a><br \/>\n<a href=\"https:\/\/borncity.eu\/senioren\/2018\/09\/16\/sonntagmorgen-im-herbst\/\">Sonntagmorgen im Herbst<\/a><br \/>\n<a href=\"https:\/\/borncity.eu\/senioren\/2017\/10\/14\/ein-stiller-sonniger-herbstmorgen\/\">Ein stiller, sonniger Herbstmorgen<\/a><br \/>\n<a href=\"https:\/\/borncity.eu\/senioren\/2020\/09\/27\/herbst-dekoration-lampionblumen\/\">Herbst-Dekoration: Lampionblumen<\/a><br \/>\n<a href=\"https:\/\/borncity.eu\/senioren\/2020\/10\/04\/ein-herbstgru\/\">Ein Herbstgru\u00df \u2026<\/a><br \/>\n<a href=\"https:\/\/borncity.eu\/senioren\/2020\/04\/04\/letzten-herbst-2019\/\">Letzten Herbst (2019)<\/a><br \/>\n<a href=\"https:\/\/borncity.eu\/senioren\/2018\/09\/25\/herbst-zeit-der-pilze\/\">Herbst, Zeit der Pilze<\/a><br \/>\n<a href=\"https:\/\/borncity.eu\/senioren\/2019\/10\/28\/samstagmorgen-nebel-im-sptherbst\/\">Samstagmorgen: Nebel im Sp\u00e4therbst<\/a><br \/>\n<a href=\"https:\/\/borncity.eu\/senioren\/2016\/11\/30\/november-impressionen-vom-spt-spt-herbst\/\">November-Impressionen vom Sp\u00e4t-Sp\u00e4t-Herbst<\/a><br \/>\n<a href=\"https:\/\/borncity.eu\/senioren\/2018\/11\/19\/novemberimpressionen-herbstwald-wandern-am-taunussteig\/\">Novemberimpressionen: Herbstwald, Wandern am Taunussteig<\/a><br \/>\n<a href=\"https:\/\/borncity.eu\/senioren\/2018\/10\/15\/herbstimpressionen-2018-habe-das-feld-fertig\/\">Herbstimpressionen 2018: Habe das Feld fertig<\/a><br \/>\n<a href=\"https:\/\/borncity.eu\/senioren\/2016\/09\/17\/herbst-ernte-krbisse\/\">Herbst \u2013 Ernte \u2013 K\u00fcrbisse<\/a><br \/>\n<a href=\"https:\/\/borncity.eu\/senioren\/2015\/10\/30\/herbst-ahorn\/\">Herbst-Ahorn<\/a><br \/>\n<a href=\"https:\/\/borncity.eu\/senioren\/2020\/10\/03\/herbstzeit-krbiszeit-2\/\">Herbstzeit, K\u00fcrbiszeit<\/a><br \/>\n<a href=\"https:\/\/borncity.eu\/senioren\/2015\/10\/26\/herbst-im-rheingau\/\">Herbst im Rheingau \u2026<\/a><br \/>\n<a href=\"https:\/\/borncity.eu\/senioren\/2015\/09\/27\/herbstimpressionen-i\/\">Herbstimpressionen \u2013 I<\/a><br \/>\n<a href=\"https:\/\/borncity.eu\/senioren\/2015\/09\/30\/herbstimpressionen-ii\/\">Herbstimpressionen \u2013 II<\/a><br \/>\n<a href=\"https:\/\/borncity.eu\/senioren\/2015\/10\/01\/herbstimpressionen-iii\/\">Herbstimpressionen \u2013 III<\/a><br \/>\n<a href=\"https:\/\/borncity.eu\/senioren\/2015\/10\/02\/herbstimpressionen-iv\/\">Herbstimpressionen \u2013 IV<\/a><br \/>\n<a href=\"https:\/\/borncity.eu\/senioren\/2015\/10\/19\/herbststurm-im-anmarsch\/\">Herbststurm im Anmarsch \u2026<\/a><\/p>\n","protected":false},"excerpt":{"rendered":"<p>Herbst, Anfang Oktober 2020, die Bl\u00e4tter an den Laubb\u00e4umen sind zwar noch gr\u00fcn. Aber seit August\/September leuchten die Beeren der Ebereschen oder des Feuerdorns durch das Laub. Und im Norden d\u00fcrften die gelben Beeren des Sanddorns langsam reif zur Ernte &hellip; <a href=\"https:\/\/borncity.eu\/senioren\/2020\/10\/07\/herbst-feuerdorn-sanddorn-ebereschen\/\">Weiterlesen <span class=\"meta-nav\">&rarr;<\/span><\/a><\/p>\n","protected":false},"author":1,"featured_media":0,"comment_status":"open","ping_status":"open","sticky":false,"template":"","format":"standard","meta":{"footnotes":""},"categories":[18,13],"tags":[225,119],"class_list":["post-13957","post","type-post","status-publish","format-standard","hentry","category-foto","category-natur","tag-fotos","tag-natur"],"_links":{"self":[{"href":"https:\/\/borncity.eu\/senioren\/wp-json\/wp\/v2\/posts\/13957","targetHints":{"allow":["GET"]}}],"collection":[{"href":"https:\/\/borncity.eu\/senioren\/wp-json\/wp\/v2\/posts"}],"about":[{"href":"https:\/\/borncity.eu\/senioren\/wp-json\/wp\/v2\/types\/post"}],"author":[{"embeddable":true,"href":"https:\/\/borncity.eu\/senioren\/wp-json\/wp\/v2\/users\/1"}],"replies":[{"embeddable":true,"href":"https:\/\/borncity.eu\/senioren\/wp-json\/wp\/v2\/comments?post=13957"}],"version-history":[{"count":0,"href":"https:\/\/borncity.eu\/senioren\/wp-json\/wp\/v2\/posts\/13957\/revisions"}],"wp:attachment":[{"href":"https:\/\/borncity.eu\/senioren\/wp-json\/wp\/v2\/media?parent=13957"}],"wp:term":[{"taxonomy":"category","embeddable":true,"href":"https:\/\/borncity.eu\/senioren\/wp-json\/wp\/v2\/categories?post=13957"},{"taxonomy":"post_tag","embeddable":true,"href":"https:\/\/borncity.eu\/senioren\/wp-json\/wp\/v2\/tags?post=13957"}],"curies":[{"name":"wp","href":"https:\/\/api.w.org\/{rel}","templated":true}]}}