{"id":14064,"date":"2020-10-12T22:50:40","date_gmt":"2020-10-12T20:50:40","guid":{"rendered":"https:\/\/borncity.com\/senioren\/?p=14064"},"modified":"2020-10-12T22:50:40","modified_gmt":"2020-10-12T20:50:40","slug":"12-oktober-2020-zug-der-kraniche-nach-sden-bald-kommt-der-winter","status":"publish","type":"post","link":"https:\/\/borncity.eu\/senioren\/2020\/10\/12\/12-oktober-2020-zug-der-kraniche-nach-sden-bald-kommt-der-winter\/","title":{"rendered":"12. Oktober 2020: Zug der Kraniche nach S&uuml;den, bald kommt der Winter"},"content":{"rendered":"<p>ich war vom heutigen Nachmittags-Spaziergang (12. Oktober 2020) schon zur\u00fcck und an der Haust\u00fcre, als meine Frau meinte 'H\u00f6r mal' und gegen Himmel deutete. Dort war das Geschrei ziehender Kraniche zu h\u00f6ren. Im Garten konnte ich dann einen Schwarm von ca. 90 Tieren auf dem Weg gegen S\u00fcden sehen. <\/p>\n<p><!--more--><\/p>\n<p>Wenn Kranich-Schw\u00e4rme \u00fcber den Taunus und unseren Ort in Richtung Rhein und weiter nach S\u00fcden ziehen, dann ist der Winter bald nicht mehr so fern. Hier ein Foto des blauen, leicht bew\u00f6lkten Himmels. Der Kranich-Schwarm ist nur undeutlich zu sehen, er war zu weit weg.<\/p>\n<p><img decoding=\"async\" title=\"Kranich-Zug gegen S&uuml;den im Taunus (12.10.2020)\" alt=\"Kranich-Zug gegen S&uuml;den im Taunus (12.10.2020)\" src=\"https:\/\/i.imgur.com\/PsRhXFj.jpg\"><br \/>(Kranich-Zug gegen S\u00fcden im Taunus (12.10.2020))<\/p>\n<p>Ich denke, in zwei, drei Wochen sind alle Kranich-Schw\u00e4rme gegen S\u00fcden abgeflogen. Dann hei\u00dft es, wieder auf die Kraniche warten, die gegen Norden ziehen. Dann ist dies der erste Fr\u00fchlingsbote. <\/p>\n<p><strong>\u00c4hnliche Artikel:<\/strong><br \/><a href=\"https:\/\/borncity.eu\/senioren\/2019\/10\/30\/zug-der-kraniche-der-winter-kommt\/\">Zug der Kraniche, der Winter kommt<\/a><br \/><a href=\"https:\/\/borncity.eu\/senioren\/2018\/11\/26\/kraniche-auf-dem-weg-nach-sden\/\">Kraniche auf dem Weg nach S\u00fcden<\/a><br \/><a href=\"https:\/\/borncity.eu\/senioren\/2018\/03\/14\/frhlingsboten-erste-kraniche-holegns-im-anflug\/\">Fr\u00fchlingsboten: Erste Kraniche (Holeg\u00e4ns) im Anflug<\/a><br \/><a href=\"https:\/\/borncity.eu\/senioren\/2017\/02\/22\/mit-den-kranichen-kommt-der-frhling\/\">Mit den Kranichen kommt der Fr\u00fchling<\/a><\/p>\n","protected":false},"excerpt":{"rendered":"<p>ich war vom heutigen Nachmittags-Spaziergang (12. Oktober 2020) schon zur\u00fcck und an der Haust\u00fcre, als meine Frau meinte 'H\u00f6r mal' und gegen Himmel deutete. Dort war das Geschrei ziehender Kraniche zu h\u00f6ren. Im Garten konnte ich dann einen Schwarm von &hellip; <a href=\"https:\/\/borncity.eu\/senioren\/2020\/10\/12\/12-oktober-2020-zug-der-kraniche-nach-sden-bald-kommt-der-winter\/\">Weiterlesen <span class=\"meta-nav\">&rarr;<\/span><\/a><\/p>\n","protected":false},"author":1,"featured_media":0,"comment_status":"open","ping_status":"open","sticky":false,"template":"","format":"standard","meta":{"footnotes":""},"categories":[18,13],"tags":[19,119],"class_list":["post-14064","post","type-post","status-publish","format-standard","hentry","category-foto","category-natur","tag-foto","tag-natur"],"_links":{"self":[{"href":"https:\/\/borncity.eu\/senioren\/wp-json\/wp\/v2\/posts\/14064","targetHints":{"allow":["GET"]}}],"collection":[{"href":"https:\/\/borncity.eu\/senioren\/wp-json\/wp\/v2\/posts"}],"about":[{"href":"https:\/\/borncity.eu\/senioren\/wp-json\/wp\/v2\/types\/post"}],"author":[{"embeddable":true,"href":"https:\/\/borncity.eu\/senioren\/wp-json\/wp\/v2\/users\/1"}],"replies":[{"embeddable":true,"href":"https:\/\/borncity.eu\/senioren\/wp-json\/wp\/v2\/comments?post=14064"}],"version-history":[{"count":0,"href":"https:\/\/borncity.eu\/senioren\/wp-json\/wp\/v2\/posts\/14064\/revisions"}],"wp:attachment":[{"href":"https:\/\/borncity.eu\/senioren\/wp-json\/wp\/v2\/media?parent=14064"}],"wp:term":[{"taxonomy":"category","embeddable":true,"href":"https:\/\/borncity.eu\/senioren\/wp-json\/wp\/v2\/categories?post=14064"},{"taxonomy":"post_tag","embeddable":true,"href":"https:\/\/borncity.eu\/senioren\/wp-json\/wp\/v2\/tags?post=14064"}],"curies":[{"name":"wp","href":"https:\/\/api.w.org\/{rel}","templated":true}]}}