{"id":14066,"date":"2020-10-13T00:19:00","date_gmt":"2020-10-12T22:19:00","guid":{"rendered":"https:\/\/borncity.com\/senioren\/?p=14066"},"modified":"2020-10-12T23:26:19","modified_gmt":"2020-10-12T21:26:19","slug":"bunter-baum-erster-bote-des-sptherbsts","status":"publish","type":"post","link":"https:\/\/borncity.eu\/senioren\/2020\/10\/13\/bunter-baum-erster-bote-des-sptherbsts\/","title":{"rendered":"Bunter Baum: Erster Bote des Sp&auml;therbsts"},"content":{"rendered":"<p>Als wir am Wochenende auf Spazierg\u00e4ngen in den Taunusw\u00e4ldern waren, meinte ich zu meiner Frau: Komisch, noch keine verf\u00e4rbten Bl\u00e4tter zu erkennen. Noch ist nicht Herbst. Und dann habe ich meinen verf\u00e4rbten Laubbaum doch noch gefunden.<\/p>\n<p><!--more--><\/p>\n<p>Fotografiert habe ich diesen Laubbaum mit seinen braunen und gelblichen Bl\u00e4ttern am gestrigen Monat in unserem Ort. So vor dem blauen Himmel und den W\u00f6lkchen ein sch\u00f6ner Kontrast.<\/p>\n<p><img decoding=\"async\" title=\"Baum mit verf&auml;rbtem Laub (Okt. 2020)\" alt=\"Baum mit verf&auml;rbtem Laub (Okt. 2020)\" src=\"https:\/\/i.imgur.com\/vQnF6bg.jpg\"><br \/>(Baum mit verf\u00e4rbtem Laub (Okt. 2020))<\/p>\n","protected":false},"excerpt":{"rendered":"<p>Als wir am Wochenende auf Spazierg\u00e4ngen in den Taunusw\u00e4ldern waren, meinte ich zu meiner Frau: Komisch, noch keine verf\u00e4rbten Bl\u00e4tter zu erkennen. Noch ist nicht Herbst. Und dann habe ich meinen verf\u00e4rbten Laubbaum doch noch gefunden.<\/p>\n","protected":false},"author":1,"featured_media":0,"comment_status":"open","ping_status":"open","sticky":false,"template":"","format":"standard","meta":{"footnotes":""},"categories":[18,13],"tags":[19,119],"class_list":["post-14066","post","type-post","status-publish","format-standard","hentry","category-foto","category-natur","tag-foto","tag-natur"],"_links":{"self":[{"href":"https:\/\/borncity.eu\/senioren\/wp-json\/wp\/v2\/posts\/14066","targetHints":{"allow":["GET"]}}],"collection":[{"href":"https:\/\/borncity.eu\/senioren\/wp-json\/wp\/v2\/posts"}],"about":[{"href":"https:\/\/borncity.eu\/senioren\/wp-json\/wp\/v2\/types\/post"}],"author":[{"embeddable":true,"href":"https:\/\/borncity.eu\/senioren\/wp-json\/wp\/v2\/users\/1"}],"replies":[{"embeddable":true,"href":"https:\/\/borncity.eu\/senioren\/wp-json\/wp\/v2\/comments?post=14066"}],"version-history":[{"count":0,"href":"https:\/\/borncity.eu\/senioren\/wp-json\/wp\/v2\/posts\/14066\/revisions"}],"wp:attachment":[{"href":"https:\/\/borncity.eu\/senioren\/wp-json\/wp\/v2\/media?parent=14066"}],"wp:term":[{"taxonomy":"category","embeddable":true,"href":"https:\/\/borncity.eu\/senioren\/wp-json\/wp\/v2\/categories?post=14066"},{"taxonomy":"post_tag","embeddable":true,"href":"https:\/\/borncity.eu\/senioren\/wp-json\/wp\/v2\/tags?post=14066"}],"curies":[{"name":"wp","href":"https:\/\/api.w.org\/{rel}","templated":true}]}}