{"id":14076,"date":"2020-10-15T11:10:04","date_gmt":"2020-10-15T09:10:04","guid":{"rendered":"https:\/\/borncity.com\/senioren\/?p=14076"},"modified":"2022-01-22T09:43:53","modified_gmt":"2022-01-22T08:43:53","slug":"universitt-pforzheim-wir-studieren-jetzt-luxus","status":"publish","type":"post","link":"https:\/\/borncity.eu\/senioren\/2020\/10\/15\/universitt-pforzheim-wir-studieren-jetzt-luxus\/","title":{"rendered":"Universit&auml;t Pforzheim: Wir studieren jetzt Luxus &#8230;?"},"content":{"rendered":"<p><img loading=\"lazy\" decoding=\"async\" title=\"Luxus-Mode\" style=\"float: left; margin: 0px 10px 0px 0px; display: inline\" alt=\"Luxus-Mode\" src=\"https:\/\/i.imgur.com\/EVHyvxP.jpg\" width=\"172\" align=\"left\" height=\"115\">Es ist ein Thema, welches die Medien die Tage besch\u00e4ftigt. Die Hochschule Pforzheim bietet in der <a href=\"https:\/\/designpf.hs-pforzheim.de\/\" target=\"_blank\" rel=\"noopener noreferrer\">Fakult\u00e4t Design<\/a> eine Lehrveranstaltung 'Luxus' f\u00fcr den <a href=\"https:\/\/www.mode-studieren.de\/hochschulen\/hochschule-pforzheim\/\" target=\"_blank\" rel=\"noopener noreferrer\">Studienbereich Modedesign<\/a> an. Da \u00fcberschlagen sich die Medien &#8211; und es tauchen Fragen wie 'haben wir sonst keine Probleme?', 'studieren da nur Kids von Reichen?', 'kommen die Studenten da in <a href=\"https:\/\/de.wikipedia.org\/wiki\/Prada\" target=\"_blank\" rel=\"noopener noreferrer\">Prada<\/a> oder <a href=\"https:\/\/de.wikipedia.org\/wiki\/Versace\" target=\"_blank\" rel=\"noopener noreferrer\">Versace<\/a>?' und so weiter auf.<\/p>\n<p><!--more--><\/p>\n<p>Ich hatte es die Tage am Rande als <a href=\"https:\/\/www.spiegel.de\/stil\/hochschule-pforzheim-gruendet-luxuslehrstuhl-interview-mit-fernando-fastoso-a-6d488a95-cbc6-459d-9fcb-32339f6ad250\" target=\"_blank\" rel=\"noopener noreferrer\">Schlagzeile im Internet<\/a> gesehen, aber keine Details gelesen. Bei mir zuckte nur die Frage: \"Ups, da hat jemand das kapiert, gute Suche, wenn junge Studenten im Fach Modedesign die 'Touch' mitbekommen, so zu denken, dass sie beim sp\u00e4teren Arbeitgeber zur wirtschaftliche tragf\u00e4higen Gesch\u00e4ftsmodellen beitragen k\u00f6nnen.\" <\/p>\n<p><img decoding=\"async\" title=\"Luxus-Mode\" alt=\"Luxus-Mode\" src=\"https:\/\/i.imgur.com\/EVHyvxP.jpg\"><br \/>(Quelle: Pexels, Alexandra Maria, freie Nutzung)<\/p>\n<p>Ganz anders die Gedanken und Fragen, die eine Moderatorin im Radio-Sender HR1 heute morgen dem Seminarleiter und Markenexperten Fernando Fastoso&nbsp; gestellt hat. Ich habe es am Rand mitbekommen, weil ich nach dem Fr\u00fchst\u00fcck noch was in der K\u00fcche zu tun hatte. Nachdem ich die Augen 'vom nach hinten rollen', ob dieser Frage (mehr dazu weiter unten) wieder gerade aus gestellt hatte, dachte ich: Mach mal einen kleinen Blog-Beitrag dr\u00fcber.&nbsp; <\/p>\n<blockquote>\n<p>Gut, ich muss mich zur\u00fcckhalten. Wenn ich auf einem Moderatorenstuhl sitze, m\u00fcsste ich auch unsinnige Fragen stellen, von denen ich glaube, das sie die Republik da drau\u00dfen am Radio interessieren k\u00f6nnten. Und da d\u00fcrften schon die Gedanken um die eingangs gestellten Fragen kreisen.<\/p>\n<\/blockquote>\n<h2>Was steckt hinter der Sache<\/h2>\n<p>Bei einer Suche im Internet kann man auf <a href=\"https:\/\/web.archive.org\/web\/20210121133500\/https:\/\/www.hs-pforzheim.de\/studium\/im_studium\/hotspot\/lehrveranstaltungen_projekte\/luxus\" target=\"_blank\" rel=\"noopener noreferrer\">diese Seite<\/a> sto\u00dfen. Im Rahmen des 250 Jahre Goldstadt-Jubil\u00e4ums erarbeiteten alle Fakult\u00e4ten der Hochschule Pforzheim Perspektiven zum Thema \"LUXUS!?\" &#8211; wobei sich das auf das Jahr 2017 bezog. Und im Sommer 2019 hatte das Handelsblatt <a href=\"https:\/\/www.handelsblatt.com\/arts_und_style\/lifestyle\/luxus-in-der-lehre-dieser-professor-will-einen-lehrstuhl-fuer-luxus-gruenden-\/24418000.html?ticket=ST-522941-0QEaxsE4qdbDssQM4bKs-ap3\" target=\"_blank\" rel=\"noopener noreferrer\">diesen Artikel<\/a> ver\u00f6ffentlicht, in dem es um die Planung&nbsp; des ersten Lehrstuhls f\u00fcr Luxus ging. Das Thema ist nicht wirklich neu, sondern logisch.<\/p>\n<p>Sowohl in <a href=\"https:\/\/www.spiegel.de\/stil\/hochschule-pforzheim-gruendet-luxuslehrstuhl-interview-mit-fernando-fastoso-a-6d488a95-cbc6-459d-9fcb-32339f6ad250\" target=\"_blank\" rel=\"noopener noreferrer\">diesem Artikel<\/a> als auch im <a href=\"https:\/\/web.archive.org\/web\/20201031110029\/https:\/\/www.hr1.de\/programm\/luxus-gibt-es-jetzt-auch-als-studienfach,luxus-102.html\" target=\"_blank\" rel=\"noopener noreferrer\">HR1-Beleitbeitrag<\/a> wird dann schnell klar, um was es geht. Seminarleiter und Markenexperte Fernando Fastoso sagt, dass Luxus von jedem Menschen anders definiert werde. So kann Zeit in unserer hektischen Gesellschaft ein Luxus sein. Fernando Fastoso sagt: 'Heute ist Luxus etwas, dass sich nicht nur Menschen leisten k\u00f6nnen, die in Luxus leben. Denn Luxus ist vielschichtig. Es gehe dabei um Exklusivit\u00e4t und Seltenheit. Dinge, von denen Menschen tr\u00e4umen. Und das muss nicht teuer sein.' <\/p>\n<blockquote>\n<p>Kann ich nur unterschreiben &#8211; f\u00fcr mich ist Luxus, dass ich bei gutem Wetter mein B\u00fcro verlassen und einfach so mal f\u00fcr ein oder zwei Stunden zum Nordic Walking in die nahen Taunusw\u00e4lder raus kann. Oder es wird bei Kaiserwetter spontan ein Besuch im Rheingau oder in der Pfalz eingelegt. Oder ich setze mich auch einfach nur mal so auf meine Bank auf der Terrasse im Garten, genie\u00dfe die Sonne und schaue mir die bl\u00fchenden Pflanzen an. Auch das 'drau\u00dfen gemeinsam Mittag essen' w\u00e4hrend der w\u00e4rmeren Jahreszeit, was ich mit meiner Frau praktiziere, ist f\u00fcr mich immer noch Luxus pur, da nicht selbstverst\u00e4ndlich. Das ist nicht nur Lebensqualit\u00e4t (keine Fahrt in die nahe Gro\u00dfstadt zum Arbeitsplatz), das sind Dinge, die ein Arbeitnehmer so, au\u00dferhalb der Urlaubszeit, nicht wahrnehmen kann. <\/p>\n<\/blockquote>\n<p>Fernando Fastoso f\u00fchrt dann auch aus, dass&nbsp; es in seinem Studiengang an der Hochschule Pforzheim um Marketing und Markenpsychologie geht. Man brauche daf\u00fcr Begeisterung f\u00fcr diese Themen und die Menschen. \"Denn man muss die Kunden verstehen und sich in sie hineinversetzen k\u00f6nnen, um Produkte besser entwickeln zu k\u00f6nnen\", so Fastoso. Lokale Luxusmarken unterst\u00fctzen diesen Studiengang. <\/p>\n<p>Die im letztgenannten Aussagen sind dann auch die Gedanken, die mir spontan durch den Kopf gingen, als ich die Schlagzeilen zum Studiengang 'Luxus' in Pforzheim las. Da l\u00e4sst sich wohl eine gewisse Vorpr\u00e4gung nicht verleugnen. Ich habe zwar mit Mode und Luxus nichts am Hut. Aber durch meine jetzt 35 Jahre w\u00e4hrende T\u00e4tigkeit als freiberuflicher Autor dreht sich die Denke auch st\u00e4ndig um die Frage 'was k\u00f6nnte die Leute interessieren', gepaart mit dem Vorsatz 'mache nur etwas, f\u00fcr das du pers\u00f6nlich brennst'. Hat eigentlich &#8211; trotz einige Tiefen, die unweigerlich auf jeden H\u00f6henflug folgten, ziemlich gut geklappt. Und so habe ich es wieder mal geschafft, dieses Internet mit einem einen total sinnfreien Artikel voll zu schreiben, und auch noch den Bogen zu pers\u00f6nlichen Eindr\u00fccken zu kriegen &#8211; kann nur schlimm enden. <\/p>\n","protected":false},"excerpt":{"rendered":"<p>Es ist ein Thema, welches die Medien die Tage besch\u00e4ftigt. Die Hochschule Pforzheim bietet in der Fakult\u00e4t Design eine Lehrveranstaltung 'Luxus' f\u00fcr den Studienbereich Modedesign an. Da \u00fcberschlagen sich die Medien &#8211; und es tauchen Fragen wie 'haben wir sonst &hellip; <a href=\"https:\/\/borncity.eu\/senioren\/2020\/10\/15\/universitt-pforzheim-wir-studieren-jetzt-luxus\/\">Weiterlesen <span class=\"meta-nav\">&rarr;<\/span><\/a><\/p>\n","protected":false},"author":1,"featured_media":0,"comment_status":"open","ping_status":"open","sticky":false,"template":"","format":"standard","meta":{"footnotes":""},"categories":[1],"tags":[168],"class_list":["post-14076","post","type-post","status-publish","format-standard","hentry","category-allgemein","tag-allgemein"],"_links":{"self":[{"href":"https:\/\/borncity.eu\/senioren\/wp-json\/wp\/v2\/posts\/14076","targetHints":{"allow":["GET"]}}],"collection":[{"href":"https:\/\/borncity.eu\/senioren\/wp-json\/wp\/v2\/posts"}],"about":[{"href":"https:\/\/borncity.eu\/senioren\/wp-json\/wp\/v2\/types\/post"}],"author":[{"embeddable":true,"href":"https:\/\/borncity.eu\/senioren\/wp-json\/wp\/v2\/users\/1"}],"replies":[{"embeddable":true,"href":"https:\/\/borncity.eu\/senioren\/wp-json\/wp\/v2\/comments?post=14076"}],"version-history":[{"count":0,"href":"https:\/\/borncity.eu\/senioren\/wp-json\/wp\/v2\/posts\/14076\/revisions"}],"wp:attachment":[{"href":"https:\/\/borncity.eu\/senioren\/wp-json\/wp\/v2\/media?parent=14076"}],"wp:term":[{"taxonomy":"category","embeddable":true,"href":"https:\/\/borncity.eu\/senioren\/wp-json\/wp\/v2\/categories?post=14076"},{"taxonomy":"post_tag","embeddable":true,"href":"https:\/\/borncity.eu\/senioren\/wp-json\/wp\/v2\/tags?post=14076"}],"curies":[{"name":"wp","href":"https:\/\/api.w.org\/{rel}","templated":true}]}}