{"id":14471,"date":"2020-11-20T18:13:24","date_gmt":"2020-11-20T17:13:24","guid":{"rendered":"https:\/\/borncity.com\/senioren\/?p=14471"},"modified":"2020-11-20T18:13:24","modified_gmt":"2020-11-20T17:13:24","slug":"udo-friseur-walz-verstorben","status":"publish","type":"post","link":"https:\/\/borncity.eu\/senioren\/2020\/11\/20\/udo-friseur-walz-verstorben\/","title":{"rendered":"Udo (Friseur) Walz verstorben"},"content":{"rendered":"<p><a href=\"https:\/\/de.wikipedia.org\/wiki\/Udo_Walz\" target=\"_blank\" rel=\"noopener noreferrer\">Udo Walz<\/a> war wohl das, was man einen Starfriseur nennt. Denn er wusch Prominenten nicht nur die K\u00f6pfe, sondern brachte so manchen auch um seine Haare. Dabei war dem jungen Udo das nun wirklich nicht in die Wiege gelegt. <\/p>\n<p><!--more--><\/p>\n<p>Nach einem Praktikum begann Walz 14-j\u00e4hrig eine Friseurlehre in Stuttgart. Bei der Gesellenpr\u00fcfung belegte er unter 600 Lehrlingen den 598. Platz. Wieso kommt mir da einiges seltsam bekannt vor, wenn ich auch keine Friseurlehre mit 14 angefangen haben. Und seinen Lehrabschluss hat Udo immerhin auch geschafft. Danach startete das J\u00fcngelchen durch, denn Walz ging mit 17 Jahren nach Z\u00fcrich. Dort wurde er von einem Friseur nach St. Moritz vermittelt, da Udo Walz selbstbewusst vorgab, neben Englisch auch Franz\u00f6sisch zu sprechen.<\/p>\n<p>Mit 18 k\u00fcmmerte er sich in St. Moritz um die Frisuren von Stars wie Marlene Dietrich und Romy Schneider. Besonders gesch\u00e4tzt wurde er f\u00fcr seine Hochsteckfrisuren. 1963 zog er nach Berlin und arbeitete im Salon Ina Sailer. Im Jahr 1968 wurde er Partner von Heinz Schlicht, der einen Salon in der Fasanenstra\u00dfe betrieb. <\/p>\n<p>Die B.Z. brachte 1967 eine Titelstory \u00fcber \u201eden jungen Friseur, der eigentlich nach New York wollte, aber in Berlin blieb, weil es ihm gefiel\". Sp\u00e4ter vermittelte ihm eine erkrankte Kollegin einen Termin, bei dem er ein damals ber\u00fchmtes Model frisieren sollte. Ab diesem Zeitpunkt war er bei Modeveranstaltungen gefragt. <\/p>\n<p>Zeitweilig frisierte er die Titelfrauen der Zeitschrift Brigitte und die Frauen in den Katalogen des Otto-Versands. Laut Eigenaussage habe ihm sp\u00e4ter Claudia Schiffer sehr geholfen. Ihr flog er sogar nach New York in der Concorde hinterher. Der gesellschaftliche Durchbruch kam ab Mitte der 1980er. In Berlin hatten die Alliierten gro\u00dfen Einfluss darauf, wer zur High Society geh\u00f6rte. Die Freundschaft mit Richard Burt und dessen Ehefrau Gahl ebnete dahin den Weg.<\/p>\n<p>Das Leben von Walz war sozusagen eine haarige Angelegenheit, die er aber als Berufung empfand. Nun ist Udo Walz im Alter von 76 Jahren verstorben, wie ich <a href=\"https:\/\/www.spiegel.de\/panorama\/leute\/star-friseur-udo-walz-gestorben-a-cad7993a-434b-4686-ba31-4a5560a46f30\" target=\"_blank\" rel=\"noopener noreferrer\">hier<\/a> gelesen habe. Ursache f\u00fcr seinen Tod war wohl ein Diabetes-Schock, da Walz seit Jahren an Diabetes litt. <\/p>\n","protected":false},"excerpt":{"rendered":"<p>Udo Walz war wohl das, was man einen Starfriseur nennt. Denn er wusch Prominenten nicht nur die K\u00f6pfe, sondern brachte so manchen auch um seine Haare. Dabei war dem jungen Udo das nun wirklich nicht in die Wiege gelegt.<\/p>\n","protected":false},"author":1,"featured_media":0,"comment_status":"open","ping_status":"open","sticky":false,"template":"","format":"standard","meta":{"footnotes":""},"categories":[1],"tags":[168],"class_list":["post-14471","post","type-post","status-publish","format-standard","hentry","category-allgemein","tag-allgemein"],"_links":{"self":[{"href":"https:\/\/borncity.eu\/senioren\/wp-json\/wp\/v2\/posts\/14471","targetHints":{"allow":["GET"]}}],"collection":[{"href":"https:\/\/borncity.eu\/senioren\/wp-json\/wp\/v2\/posts"}],"about":[{"href":"https:\/\/borncity.eu\/senioren\/wp-json\/wp\/v2\/types\/post"}],"author":[{"embeddable":true,"href":"https:\/\/borncity.eu\/senioren\/wp-json\/wp\/v2\/users\/1"}],"replies":[{"embeddable":true,"href":"https:\/\/borncity.eu\/senioren\/wp-json\/wp\/v2\/comments?post=14471"}],"version-history":[{"count":0,"href":"https:\/\/borncity.eu\/senioren\/wp-json\/wp\/v2\/posts\/14471\/revisions"}],"wp:attachment":[{"href":"https:\/\/borncity.eu\/senioren\/wp-json\/wp\/v2\/media?parent=14471"}],"wp:term":[{"taxonomy":"category","embeddable":true,"href":"https:\/\/borncity.eu\/senioren\/wp-json\/wp\/v2\/categories?post=14471"},{"taxonomy":"post_tag","embeddable":true,"href":"https:\/\/borncity.eu\/senioren\/wp-json\/wp\/v2\/tags?post=14471"}],"curies":[{"name":"wp","href":"https:\/\/api.w.org\/{rel}","templated":true}]}}