{"id":14521,"date":"2020-11-30T00:39:00","date_gmt":"2020-11-29T23:39:00","guid":{"rendered":"https:\/\/borncity.com\/senioren\/?p=14521"},"modified":"2020-11-24T19:30:50","modified_gmt":"2020-11-24T18:30:50","slug":"herman-lehmann-der-deutsche-indianer","status":"publish","type":"post","link":"https:\/\/borncity.eu\/senioren\/2020\/11\/30\/herman-lehmann-der-deutsche-indianer\/","title":{"rendered":"Herman Lehmann, der 'deutsche' Indianer"},"content":{"rendered":"<p>Es ist eine phantastisch, tragische Geschichte des 'wei\u00dfen' Indianers Herman Lehman, die sich 1869 in Texas, USA, zugetragen hat. Der kleine Herman wurde von Indianern geraubt und von diesen gro\u00df gezogen. Sp\u00e4ter fand er nicht mehr in sein altes Leben zur\u00fcck.<\/p>\n<p><!--more--><\/p>\n<p><a href=\"https:\/\/de.wikipedia.org\/wiki\/Herman_Lehmann\" target=\"_blank\" rel=\"noopener noreferrer\">Herman Lehmann<\/a>, so wei\u00df es die Wikipedia, wurde als Sohn der deutschen Einwanderer Moritz und Augusta Lehmann, die im Jahre 1846 nach Texas gekommen waren, 1859 in Texas geboren und verstarb 1932.<\/p>\n<p>Bis zum Alter von 10 Jahren lebte das Kind mit seinem Bruder, den beiden Schwestern und den Eltern auf einer abgelegenen Farm in Texas, in der N\u00e4he von Fredericksburg.<\/p>\n<p>Am 16. Mai 1870 wurde die Farm von einer Gruppe Apachen \u00fcberfallen. Herman und sein Bruder Willie wurden von den Indianern auf einem Feld gefangen und geraubt. Die beiden Schwestern konnten ins Haus der Farm fliehen.<\/p>\n<p>Vier Tage sp\u00e4ter wurde die Gruppe Apachen von einer Armeepatrouille entdeckt. W\u00e4hrend eines Feuergefecht konnte Willie fliehen und kehrte nach Haus zur\u00fcck. Die Apachen entkamen mit Herman als Beute.<\/p>\n<p>Zuerst lebte er beim Stamm der Apachen, zun\u00e4chst als pers\u00f6nliches Eigentum eines H\u00e4uptling namens Carnoviste und dessen Frau Laughing Eyes. Ungef\u00e4hr um die Fr\u00fchlingszeit des Jahres 1876 brachte Herman Lehmann einen Medizinmann einer rivalisierenden Gruppe der Apachen bei einem Gefecht um und r\u00e4chte damit dessen Mord an seinem H\u00e4uptling Carnoviste.<\/p>\n<p>Da Herman Rache f\u00fcrchtet, fl\u00fcchtete er in entlegenere Gebiete und versteckte sich dort f\u00fcr etwa ein Jahr. Das von ihm zun\u00e4chst gew\u00e4hlte R\u00fcckzugsgebiet beschrieb er in seiner Autobiographie als ein Paradies mit viel Jagdwild, gr\u00fcnen Flussauen mit gutem Wasser und idealen Temperaturen. Als er jedoch merkte, dass andere einheimische Gruppen durch diese Gegend streiften, zog er weiter und fasste endlich den Entschluss, sich den Comanche anzuschlie\u00dfen. Zu dieser Zeit war er etwa sechzehn Jahre alt. Er n\u00e4herte sich einer Gruppe der Comanche und nach einer Beobachtungszeit begab er sich in deren Lager. Er erz\u00e4hlte ihnen seine Lebensgeschichte und \u00fcberzeugte sie von seinen guten Absichten. Schlie\u00dflich nahmen sie ihn auf. Er durfte sich die Familie, zu der er geh\u00f6ren wollte, aussuchen und w\u00e4hlte als seinen Bruder Cotopa.<\/p>\n<p>Lehmann lebte etwa neun Jahre mit den Indianern, davon vier mit den Apachen, und assimilierte sich v\u00f6llig. Der H\u00e4uptling der Comanche\u00a0<a title=\"Quanah Parker\" href=\"https:\/\/de.wikipedia.org\/wiki\/Quanah_Parker\">Quanah Parker<\/a> hatte im Jahr 1875 die Niederlegung der Waffen f\u00fcr sein Volk mit den Wei\u00dfen abschlie\u00dfend verhandelt. Bis zum Sommer 1877 versuchte der H\u00e4uptling versprengte Gruppen, die die Waffen bisher nicht niedergelegt hatten, zur Aufgabe des Kampfes und Umzug in das Reservat zu \u00fcberzeugen. Herman Lehmann weigerte sich zun\u00e4chst, zog aber sp\u00e4ter ebenfalls in das Reservat in der N\u00e4he von Fort Sill, im heutigen Oklahoma.<\/p>\n<p>Seine leibliche Mutter suchte ihn in Fort Sill auf und identifizierte ihn an einem Mal. Lehmann kehrte zwar zu seiner Familie zur\u00fcck, fand aber keinen wirklichen Anschluss mehr. 1927 ver\u00f6ffentlicht er seine Autobiografie <i><a href=\"https:\/\/books.google.de\/books\/about\/Neun_Jahre_Unter_Den_Indianern_1870_1879.html?id=bChrzQEACAAJ&amp;source=kp_book_description&amp;redir_esc=y\" target=\"_blank\" rel=\"noopener noreferrer\">Nine years Among the Indians<\/a><\/i>. Einige Details lassen in der <a href=\"https:\/\/de.wikipedia.org\/wiki\/Herman_Lehmann\" target=\"_blank\" rel=\"noopener noreferrer\">Wikipedia<\/a> nachlesen, SPON hat dieser Tage einen <a href=\"https:\/\/www.spiegel.de\/geschichte\/wilder-westen-der-deutsche-der-bei-indianern-aufwuchs-a-2070939e-ea75-4d47-a649-7216c663df7f\" target=\"_blank\" rel=\"noopener noreferrer\">eigenen Artikel<\/a> \u00fcber Lehmann ver\u00f6ffentlicht.<\/p>\n","protected":false},"excerpt":{"rendered":"<p>Es ist eine phantastisch, tragische Geschichte des 'wei\u00dfen' Indianers Herman Lehman, die sich 1869 in Texas, USA, zugetragen hat. Der kleine Herman wurde von Indianern geraubt und von diesen gro\u00df gezogen. Sp\u00e4ter fand er nicht mehr in sein altes Leben &hellip; <a href=\"https:\/\/borncity.eu\/senioren\/2020\/11\/30\/herman-lehmann-der-deutsche-indianer\/\">Weiterlesen <span class=\"meta-nav\">&rarr;<\/span><\/a><\/p>\n","protected":false},"author":1,"featured_media":0,"comment_status":"open","ping_status":"open","sticky":false,"template":"","format":"standard","meta":{"footnotes":""},"categories":[1],"tags":[168],"class_list":["post-14521","post","type-post","status-publish","format-standard","hentry","category-allgemein","tag-allgemein"],"_links":{"self":[{"href":"https:\/\/borncity.eu\/senioren\/wp-json\/wp\/v2\/posts\/14521","targetHints":{"allow":["GET"]}}],"collection":[{"href":"https:\/\/borncity.eu\/senioren\/wp-json\/wp\/v2\/posts"}],"about":[{"href":"https:\/\/borncity.eu\/senioren\/wp-json\/wp\/v2\/types\/post"}],"author":[{"embeddable":true,"href":"https:\/\/borncity.eu\/senioren\/wp-json\/wp\/v2\/users\/1"}],"replies":[{"embeddable":true,"href":"https:\/\/borncity.eu\/senioren\/wp-json\/wp\/v2\/comments?post=14521"}],"version-history":[{"count":0,"href":"https:\/\/borncity.eu\/senioren\/wp-json\/wp\/v2\/posts\/14521\/revisions"}],"wp:attachment":[{"href":"https:\/\/borncity.eu\/senioren\/wp-json\/wp\/v2\/media?parent=14521"}],"wp:term":[{"taxonomy":"category","embeddable":true,"href":"https:\/\/borncity.eu\/senioren\/wp-json\/wp\/v2\/categories?post=14521"},{"taxonomy":"post_tag","embeddable":true,"href":"https:\/\/borncity.eu\/senioren\/wp-json\/wp\/v2\/tags?post=14521"}],"curies":[{"name":"wp","href":"https:\/\/api.w.org\/{rel}","templated":true}]}}