{"id":14559,"date":"2020-11-26T00:43:00","date_gmt":"2020-11-25T23:43:00","guid":{"rendered":"https:\/\/borncity.com\/senioren\/?p=14559"},"modified":"2023-08-02T00:37:06","modified_gmt":"2023-08-01T22:37:06","slug":"start-der-online-plattform-meinfernsehen2021","status":"publish","type":"post","link":"https:\/\/borncity.eu\/senioren\/2020\/11\/26\/start-der-online-plattform-meinfernsehen2021\/","title":{"rendered":"Start der Online-Plattform #meinfernsehen2021"},"content":{"rendered":"<p>Medienexperten wollen von den TV-Zuschauern wissen, wie zuk\u00fcnftig das \u00f6ffentlich-rechtliches Fernsehen aussehen soll. Dazu wurde die Online-Plattform #meinfernsehen2021 gestartet, auf der Zuschauer \u00fcber diese Frage diskutieren k\u00f6nnen.<\/p>\n<p><!--more--><\/p>\n<p>Das Fernsehen ver\u00e4ndert sich sehr stark. Immer wieder wird dar\u00fcber diskutiert, was im \u00f6ffentlich-rechtlichen Fernsehen Sendezeit erh\u00e4lt und ob es die Vielfalt unserer Gesellschaft angemessen abbildet. Wird das Fernsehen den Erwartungen des Publikums gerecht? Und warum werden zunehmend Streamingangebote genutzt? <\/p>\n<p>Die Bundeszentrale f\u00fcr politische Bildung\/bpb, das Grimme-Institut und das D\u00fcsseldorfer Institut f\u00fcr Internet und Demokratie der Heinrich-Heine-Universit\u00e4t fragen das Fernsehpublikum auf der neuen Online-Plattform #meinfernsehen2021: Was muss sich \u00e4ndern, was sollte erhalten bleiben?<\/p>\n<p>Die drei Partner fordern alle Fernsehfans, Bewegtbild-Begeisterte und \u00fcberzeugte \u201eCouchpotatoes\", aber vor allem auch die, die bisher mit dem \u00f6ffentlich-rechtlichen Fernsehangebot nicht so viel anfangen konnten, auf, sich zu beteiligen: Alle Interessierten k\u00f6nnen auf einer eigens eingerichteten Beteiligungsplattform dar\u00fcber diskutieren, welche Themen und Formate sie sich f\u00fcr die Zukunft des Fernsehens w\u00fcnschen und ihre Meinung zum \u00f6ffentlich-rechtlichen Rundfunk einbringen. Auf der Beteiligungsplattform #meinfernsehen2021 k\u00f6nnen Beitr\u00e4ge verfasst, geteilt und diskutiert werden.  <\/p>\n<p><img decoding=\"async\" title=\"#meinfernsehen2021\" alt=\"#meinfernsehen2021\" src=\"https:\/\/i.imgur.com\/NuN5aqa.png\"> <\/p>\n<p>Die gesammelten Ergebnisse des Diskurses finden Eingang in eine Tagung, die am 27. Mai 2021 mit den Programmgestaltenden, Verantwortlichen des \u00f6ffentlich-rechtlichen Rundfunks und allen Interessierten im NRW-Forum in D\u00fcsseldorf stattfinden wird. Mehr zum Hintergrund, Interviews mit den Verantwortlichen sowie Kennerinnen und Kennern des \u00f6ffentlich-rechtlichen Fernsehens, darunter Christiane Eilders, Frauke Gerlach, Esra Karakaya, Thomas Kr\u00fcger und J\u00f6rg Sch\u00f6nenborn, finden sich auf der Website: <a href=\"http:\/\/www.meinfernsehen2021.de\" target=\"_blank\" rel=\"noopener noreferrer\">www.meinfernsehen2021.de<\/a>. <\/p>\n<p>Das Beteiligungsverfahren, die Online-Plattform sowie die Tagung verantworten das Grimme-Institut in Kooperation mit der Bundeszentrale f\u00fcr politische Bildung\/bpb und dem D\u00fcsseldorfer Institut f\u00fcr Internet und Demokratie der Heinrich-Heine-Universit\u00e4t D\u00fcsseldorf.<\/p>\n","protected":false},"excerpt":{"rendered":"<p>Medienexperten wollen von den TV-Zuschauern wissen, wie zuk\u00fcnftig das \u00f6ffentlich-rechtliches Fernsehen aussehen soll. Dazu wurde die Online-Plattform #meinfernsehen2021 gestartet, auf der Zuschauer \u00fcber diese Frage diskutieren k\u00f6nnen.<\/p>\n","protected":false},"author":1,"featured_media":0,"comment_status":"open","ping_status":"open","sticky":false,"template":"","format":"standard","meta":{"footnotes":""},"categories":[1,655],"tags":[462],"class_list":["post-14559","post","type-post","status-publish","format-standard","hentry","category-allgemein","category-technik","tag-tv"],"_links":{"self":[{"href":"https:\/\/borncity.eu\/senioren\/wp-json\/wp\/v2\/posts\/14559","targetHints":{"allow":["GET"]}}],"collection":[{"href":"https:\/\/borncity.eu\/senioren\/wp-json\/wp\/v2\/posts"}],"about":[{"href":"https:\/\/borncity.eu\/senioren\/wp-json\/wp\/v2\/types\/post"}],"author":[{"embeddable":true,"href":"https:\/\/borncity.eu\/senioren\/wp-json\/wp\/v2\/users\/1"}],"replies":[{"embeddable":true,"href":"https:\/\/borncity.eu\/senioren\/wp-json\/wp\/v2\/comments?post=14559"}],"version-history":[{"count":1,"href":"https:\/\/borncity.eu\/senioren\/wp-json\/wp\/v2\/posts\/14559\/revisions"}],"predecessor-version":[{"id":23083,"href":"https:\/\/borncity.eu\/senioren\/wp-json\/wp\/v2\/posts\/14559\/revisions\/23083"}],"wp:attachment":[{"href":"https:\/\/borncity.eu\/senioren\/wp-json\/wp\/v2\/media?parent=14559"}],"wp:term":[{"taxonomy":"category","embeddable":true,"href":"https:\/\/borncity.eu\/senioren\/wp-json\/wp\/v2\/categories?post=14559"},{"taxonomy":"post_tag","embeddable":true,"href":"https:\/\/borncity.eu\/senioren\/wp-json\/wp\/v2\/tags?post=14559"}],"curies":[{"name":"wp","href":"https:\/\/api.w.org\/{rel}","templated":true}]}}