{"id":15519,"date":"2021-01-06T00:18:00","date_gmt":"2021-01-05T23:18:00","guid":{"rendered":"https:\/\/borncity.com\/senioren\/?p=15519"},"modified":"2021-01-04T08:27:21","modified_gmt":"2021-01-04T07:27:21","slug":"die-eu-hat-ein-lebkuchenproblem","status":"publish","type":"post","link":"https:\/\/borncity.eu\/senioren\/2021\/01\/06\/die-eu-hat-ein-lebkuchenproblem\/","title":{"rendered":"Die EU hat ein 'Lebkuchenproblem'"},"content":{"rendered":"<p>Noch ein kleiner Nachtrag, nachdem wir die Weihnachtszeit erfolgreich hinter uns gebracht haben. Zuf\u00e4llig bin ich im Statistikbereich auf ein Problem gesto\u00dfen. Ich formuliere es mal so: Lebkuchenb\u00e4cker oder -produzent scheint in der EU kein zukunftsf\u00e4higer Zweig mehr zu sein.<\/p>\n<p><!--more--><\/p>\n<p>Es gibt einerseits die gef\u00fchlte Wirklichkeit. Bereits im August, aber sp\u00e4testens im September sieht es so aus, als ob Lebkuchen, Spekulatius und andere Weihnachtsbackwaren in den Superm\u00e4rkten auftauchen. Und dann immer der Kampf mit meiner Frau: 'Brauchst Du noch was? Soll ich dir was vom Einkaufen mitbringen?' &#8211; Und ich so: 'Bringe Lebkuchen oder Spekulatius mit'. Antwort: 'Nein, gibt nix, ist nicht Weihnachten &#8230; und Spekulatius vertr\u00e4gst Du sowieso nicht'. Wenn es dann hart auf hart kommt, gibt es noch das Argument 'Wenn Du das Zeugs haben willst, beweg deinen Hintern in den Supermarkt und kauf es dir &#8230;' &#8211; Faulheit siegt &#8230;<\/p>\n<p><a href=\"https:\/\/twitter.com\/EU_Eurostat\/status\/1341337689757380611\" target=\"_blank\" rel=\"noopener\"><img decoding=\"async\" title=\"Lebkuchenproduktion in der EU (2009-2019)\" src=\"https:\/\/i.imgur.com\/W64wWMN.png\" alt=\"Lebkuchenproduktion in der EU (2009-2019)\" \/><\/a><\/p>\n<p>Die Folgen der Diskussion in Born'chen Gefilden hat jetzt die Statistik-Beh\u00f6rde der EU (Eurostat) mal grafisch <a href=\"https:\/\/ec.europa.eu\/eurostat\/web\/products-eurostat-news\/-\/DDN-20201222-1\" target=\"_blank\" rel=\"noopener\">zusammen getragen<\/a>. Wurden 2009 noch 233.000 Tonnen Lebkuchen gebacken und konnte man das 2010 sogar auf 237.000 Tonnen steigern, kam es danach zu einem Einbruch von 17 % bis 2019. Das Minium wurde 2016 mit 180.000 Tonnen erreicht. In 2019 wurden dagegen wenigstens noch 193.000 Tonnen Lebkuchen in der EU gebacken.<\/p>\n<p>Unter den EU-Mitgliedstaaten produzierte Deutschland mit 86 Tausend Tonnen die meisten Lebkuchen, was fast die H\u00e4lfte (45 %) der gesamten EU-Lebkuchenproduktion nach Gewicht ausmacht. Aber die Niederlande ist uns dicht auf den Fersen (42 Tsd. Tonnen, 22 %), gefolgt von und Polen (32 Tsd. Tonnen, 17 %). Diese drei EU-Mitgliedstaaten produzierten \u00fcber drei Viertel (83 %) der gesamten EU-Lebkuchenproduktion im Jahr 2019.<\/p>\n<p>Bez\u00fcglich den Niederlande ist mir die Sachlage klar, gibt es doch Ontbijtkoek, entweder mit Ingwer oder Kandis. In fr\u00fcheren Jahren sind wir noch nach Holland in Urlaub gefahren, und es wurde ein deutscher PKW vor Lebensmittelm\u00e4rkten gesichtet, wo der Fahrer sich den Kofferraum mit Lebkuchen voll packte. Ist die letzten Jahre auch weggefallen. Das ist mal wieder so ein Beispiel, wo der kleine Fl\u00fcgelschlag eines Schmetterlings ganze Wirtschaftszweige zum Kollabieren bringt &#8230; (wer den Schalk gefunden hat, darf ihn mit nach Hause nehmen).<\/p>\n","protected":false},"excerpt":{"rendered":"<p>Noch ein kleiner Nachtrag, nachdem wir die Weihnachtszeit erfolgreich hinter uns gebracht haben. Zuf\u00e4llig bin ich im Statistikbereich auf ein Problem gesto\u00dfen. Ich formuliere es mal so: Lebkuchenb\u00e4cker oder -produzent scheint in der EU kein zukunftsf\u00e4higer Zweig mehr zu sein.<\/p>\n","protected":false},"author":1,"featured_media":0,"comment_status":"open","ping_status":"open","sticky":false,"template":"","format":"standard","meta":{"footnotes":""},"categories":[28],"tags":[29],"class_list":["post-15519","post","type-post","status-publish","format-standard","hentry","category-essen","tag-essen"],"_links":{"self":[{"href":"https:\/\/borncity.eu\/senioren\/wp-json\/wp\/v2\/posts\/15519","targetHints":{"allow":["GET"]}}],"collection":[{"href":"https:\/\/borncity.eu\/senioren\/wp-json\/wp\/v2\/posts"}],"about":[{"href":"https:\/\/borncity.eu\/senioren\/wp-json\/wp\/v2\/types\/post"}],"author":[{"embeddable":true,"href":"https:\/\/borncity.eu\/senioren\/wp-json\/wp\/v2\/users\/1"}],"replies":[{"embeddable":true,"href":"https:\/\/borncity.eu\/senioren\/wp-json\/wp\/v2\/comments?post=15519"}],"version-history":[{"count":0,"href":"https:\/\/borncity.eu\/senioren\/wp-json\/wp\/v2\/posts\/15519\/revisions"}],"wp:attachment":[{"href":"https:\/\/borncity.eu\/senioren\/wp-json\/wp\/v2\/media?parent=15519"}],"wp:term":[{"taxonomy":"category","embeddable":true,"href":"https:\/\/borncity.eu\/senioren\/wp-json\/wp\/v2\/categories?post=15519"},{"taxonomy":"post_tag","embeddable":true,"href":"https:\/\/borncity.eu\/senioren\/wp-json\/wp\/v2\/tags?post=15519"}],"curies":[{"name":"wp","href":"https:\/\/api.w.org\/{rel}","templated":true}]}}