{"id":15630,"date":"2021-01-19T08:36:50","date_gmt":"2021-01-19T07:36:50","guid":{"rendered":"https:\/\/borncity.com\/senioren\/?p=15630"},"modified":"2021-01-19T08:54:39","modified_gmt":"2021-01-19T07:54:39","slug":"winter-impressionen-januar-2020","status":"publish","type":"post","link":"https:\/\/borncity.eu\/senioren\/2021\/01\/19\/winter-impressionen-januar-2020\/","title":{"rendered":"Winter-Impressionen (12. Januar 2020)"},"content":{"rendered":"<p>Es ist schon wieder alles weitgehend weg, aber die letzte Woche hat es bei uns heftiger geschneit. Schneeschippen war mehrere Tage angesagt &#8211; und momentan sind alle Waldwege heftig vereist. Hier einige kurze Foto-Impressionen, die ich die Tage aus meinem Wohnzimmer geschossen habe. <\/p>\n<p><!--more--><\/p>\n<p>Aktuell habe ich einen 'wei\u00dfe' Forsythie in meinem Garten, aber wenn ich nur lange genug warte, wird die in gelber Bl\u00fctenbracht da stehen &#8211; kann es kaum mehr erwarten.<\/p>\n<p><img decoding=\"async\" title=\"Forsythie im Schnee (12.1.2021)\" alt=\"Forsythie im Schnee (12.1.2021)\" src=\"https:\/\/i.imgur.com\/GwaC2t7.png\"><br \/>Forsythie im Schnee (12.1.2021)<\/p>\n<p>Zudem habe ich eine botanische Rarit\u00e4t: Einen 'Schnee-Rosmarin' &#8211; Spa\u00df beiseite, ich bin ganz stolz, dass wir diesen gro\u00dfen Rosmarin-Strauch in unserem Garten jetzt viele Jahre \u00fcber den Winter gebracht haben. <\/p>\n<p><img decoding=\"async\" title=\"Rosmarin  im Schnee (12.1.2021)\" alt=\"Rosmarin  im Schnee (12.1.2021)\" src=\"https:\/\/i.imgur.com\/mAiSd6Z.png\"><br \/>Rosmarin&nbsp; im Schnee (12.1.2021)<\/p>\n<p>Jahrelang sind uns die St\u00f6ckchen erfroren, diese Rosmarin-Pflanze hat meine Frau drei Jahre im Herbst ausgegraben und in den Keller verfrachtet. Jetzt \u00fcberlebt sie auch k\u00e4ltere Winter. Wenn ich die Pflanze so sehe, denke ich an Rosmarin-Kartoffeln (gab es am Wochenende noch), grillen mit einem Rosmarinzweig unter dem Fleisch und einiges mehr. Im Hintergrund ist verschneiter Thymian zu sehen. <\/p>\n<p><img decoding=\"async\" title=\"'Winter'-Garten im Schnee (12.1.2021)\" alt=\"'Winter'-Garten im Schnee (12.1.2021)\" src=\"https:\/\/i.imgur.com\/083Af8N.png\"><br \/>'Winter'-Garten im Schnee (12.1.2021)<\/p>\n<p>Und hier noch zwei Impressionen (oben und nachfolgend) von meinem 'Winter'-Garten im Schnee vom 12.1.2021. Alles tr\u00e4gt eine Schnee-Haube, wobei es letzte Woche mehrfach diesen Effekt gab, der dann aber weg taute. Aktuell liegt noch Schnee auf dem Rasen &#8211; und beim Blick aus dem B\u00fcrofenster sehe ich gerade, dass Schneeflocken fallen. M\u00f6glicherweise hei\u00dft es heute noch 'schaufeln', aber erst ist Fr\u00fchst\u00fcck und dann meine 14 t\u00e4gliche Physiotherapie.<\/p>\n<p><strong>\u00c4hnliche Artikel:<\/strong><br \/><a href=\"https:\/\/borncity.eu\/senioren\/2021\/01\/04\/wintermrchen\/\">Winterm\u00e4rchen 2021<\/a><br \/><a href=\"https:\/\/borncity.eu\/senioren\/2021\/01\/09\/good-morning-januar-morgen-2021\/\">Good Morning, Januar-Morgen (2021)<\/a><br \/><a href=\"https:\/\/borncity.eu\/senioren\/2021\/01\/11\/wintertage-im-januar-2021\/\">Wintertage im Januar 2021<\/a><br \/><a href=\"https:\/\/borncity.eu\/senioren\/2021\/01\/19\/winter-impressionen-januar-2020\/\">Winter-Impressionen (12. Januar 2020)<\/a> <\/p>\n<p><a href=\"https:\/\/borncity.eu\/senioren\/2018\/12\/26\/winterabend-2018-sonnenuntergang\/\">Winterabend 2018 \u2013 Sonnenuntergang<\/a><br \/><a href=\"https:\/\/borncity.eu\/senioren\/2018\/01\/21\/winter-januar-2018-eifel\/\">Winter: Januar 2018 (Eifel)<\/a><br \/><a href=\"https:\/\/borncity.eu\/senioren\/2018\/01\/03\/weide-im-winter\/\">Weide im Winter<\/a><br \/><a href=\"https:\/\/borncity.eu\/senioren\/2018\/01\/27\/januar-2018-morgen-nebel-und-sonne\/\">Januar 2018: Morgen, Nebel und Sonne<\/a><br \/><a href=\"https:\/\/borncity.eu\/senioren\/2019\/12\/21\/morgennebel-im-dezember-2019\/\">Morgennebel im Dezember (2019)<\/a><br \/><a href=\"https:\/\/borncity.eu\/senioren\/2015\/12\/20\/wintermorgen-mit-nebel\/\">Wintermorgen mit Nebel<\/a><br \/><a href=\"https:\/\/borncity.eu\/senioren\/2016\/12\/12\/dezember-nebel-reif-und-klte\/\">Dezember-Nebel: Reif und K\u00e4lte<\/a><br \/><a href=\"https:\/\/borncity.eu\/senioren\/2016\/11\/07\/novembermorgen-mit-nebel\/\">Novembermorgen mit Nebel<\/a><br \/><a href=\"https:\/\/borncity.eu\/senioren\/2019\/10\/28\/samstagmorgen-nebel-im-sptherbst\/\">Samstagmorgen: Nebel im Sp\u00e4therbst<\/a><br \/><a href=\"https:\/\/borncity.eu\/senioren\/2015\/11\/02\/nebelmonat-november\/\">Nebelmonat November<\/a><br \/><a href=\"https:\/\/borncity.eu\/senioren\/2020\/08\/15\/samstag-morgen-im-august-nebel-und-november-blues\/\">Samstag-Morgen im August: Nebel und November-Blue<\/a><br \/><a href=\"https:\/\/borncity.eu\/senioren\/2015\/12\/14\/eisblume-i\/\">Eisblume \u2013 I<\/a><br \/><a href=\"https:\/\/borncity.eu\/senioren\/2015\/12\/17\/eisblume-ii\/\">Eisblume \u2013 II<\/a><\/p>\n","protected":false},"excerpt":{"rendered":"<p>Es ist schon wieder alles weitgehend weg, aber die letzte Woche hat es bei uns heftiger geschneit. Schneeschippen war mehrere Tage angesagt &#8211; und momentan sind alle Waldwege heftig vereist. Hier einige kurze Foto-Impressionen, die ich die Tage aus meinem &hellip; <a href=\"https:\/\/borncity.eu\/senioren\/2021\/01\/19\/winter-impressionen-januar-2020\/\">Weiterlesen <span class=\"meta-nav\">&rarr;<\/span><\/a><\/p>\n","protected":false},"author":1,"featured_media":0,"comment_status":"open","ping_status":"open","sticky":false,"template":"","format":"standard","meta":{"footnotes":""},"categories":[18,13],"tags":[19,119],"class_list":["post-15630","post","type-post","status-publish","format-standard","hentry","category-foto","category-natur","tag-foto","tag-natur"],"_links":{"self":[{"href":"https:\/\/borncity.eu\/senioren\/wp-json\/wp\/v2\/posts\/15630","targetHints":{"allow":["GET"]}}],"collection":[{"href":"https:\/\/borncity.eu\/senioren\/wp-json\/wp\/v2\/posts"}],"about":[{"href":"https:\/\/borncity.eu\/senioren\/wp-json\/wp\/v2\/types\/post"}],"author":[{"embeddable":true,"href":"https:\/\/borncity.eu\/senioren\/wp-json\/wp\/v2\/users\/1"}],"replies":[{"embeddable":true,"href":"https:\/\/borncity.eu\/senioren\/wp-json\/wp\/v2\/comments?post=15630"}],"version-history":[{"count":0,"href":"https:\/\/borncity.eu\/senioren\/wp-json\/wp\/v2\/posts\/15630\/revisions"}],"wp:attachment":[{"href":"https:\/\/borncity.eu\/senioren\/wp-json\/wp\/v2\/media?parent=15630"}],"wp:term":[{"taxonomy":"category","embeddable":true,"href":"https:\/\/borncity.eu\/senioren\/wp-json\/wp\/v2\/categories?post=15630"},{"taxonomy":"post_tag","embeddable":true,"href":"https:\/\/borncity.eu\/senioren\/wp-json\/wp\/v2\/tags?post=15630"}],"curies":[{"name":"wp","href":"https:\/\/api.w.org\/{rel}","templated":true}]}}