{"id":15693,"date":"2021-01-27T10:30:35","date_gmt":"2021-01-27T09:30:35","guid":{"rendered":"https:\/\/borncity.com\/senioren\/?p=15693"},"modified":"2021-12-01T16:13:10","modified_gmt":"2021-12-01T15:13:10","slug":"der-liebesperlenstrauch-im-garten","status":"publish","type":"post","link":"https:\/\/borncity.eu\/senioren\/2021\/01\/27\/der-liebesperlenstrauch-im-garten\/","title":{"rendered":"Der Liebesperlenstrauch im Garten"},"content":{"rendered":"<p><img loading=\"lazy\" decoding=\"async\" style=\"float: left; margin: 0px 10px 0px 0px; display: inline;\" title=\"Beeren des Liebesperlenstrauchs (Callicarpa bodinieri )\" src=\"https:\/\/i.imgur.com\/SC3GNZM.png\" alt=\"Beeren des Liebesperlenstrauchs (Callicarpa bodinieri )\" width=\"151\" height=\"201\" align=\"left\" \/>Heute noch ein kleiner Hauch 'Exotik' aus meinem Garten. In einer Ecke haben wir einen Liebesperlenstrauch (auch als Sch\u00f6nfrucht bekannt) gepflanzt. Der botanische Name lautet Callicarpa bodinieri (wobei oft die <a href=\"https:\/\/www.mein-schoener-garten.de\/pflanzen\/schoenfrucht\/liebesperlenstrauch\" target=\"_blank\" rel=\"noopener\">Variante giraldii 'Profusion'<\/a> gepflanzt wird). Es ist eine Bl\u00fctenpflanzenart aus der Gattung Callicarpa der Familie Lamiaceae, die in West- und Zentralchina heimisch ist. Es wird in der Natur bis zu 3 m hoch und 2,5 m breit, wird aber von mir immer regelm\u00e4\u00dfig beschnitten.<\/p>\n<p><!--more--><\/p>\n<p>Daher ist der Strauch bei uns gerade mannshoch &#8211; wobei es jedes Jahr zu einer veritablen Ehekrise kommt. 'Der Liebesperlenstrauch m\u00fcsste etwas gestutzt werden'. Ergo stutzt Mann &#8211; worauf die bessere H\u00e4lfte in 'Oh Gott, ich hatte etwas gesagt, mein sch\u00f6ner Liebesperlenbaum' ausbricht und w\u00fctend ins Haus st\u00fcrmt. Aber seht selbst, der Strauch sieht auf der nachfolgendem Aufnahmen vom 12. November 2020 doch ganz veritabel aus. Sch\u00f6n kugelig und voller violetter Beeren.<\/p>\n<p><img decoding=\"async\" title=\"Liebesperlenstrauch (Callicarpa bodinieri)\" src=\"https:\/\/i.imgur.com\/yufmrPt.png\" alt=\"Liebesperlenstrauch (Callicarpa bodinieri)\" \/><br \/>\n(Liebesperlenstrauch, Callicarpa bodinieri)<\/p>\n<p>Das ganze Jahr ist es ein aufrecht stehender Laubstrauch mit dunkelgr\u00fcnen Bl\u00e4ttern. Aber im Herbst setzt unser Liebesperlenstrauch lilafarbene Beeren an, die regelrechte Dolden bilden (siehe nachfolgendes Foto). Die Bl\u00e4tter werden dagegen abgeworfen.<\/p>\n<p><img decoding=\"async\" title=\"Beeren des Liebesperlenstrauchs (Callicarpa bodinieri )\" src=\"https:\/\/i.imgur.com\/SC3GNZM.png\" alt=\"Beeren des Liebesperlenstrauchs (Callicarpa bodinieri )\" \/><br \/>\n(Beerendolden des Liebesperlenstrauchs)<\/p>\n<p>Das ist dann der Zeitpunkt wo mich der Strauch regelrecht begeistert. Die Beeren stehen dann einige Tage, bis die V\u00f6gel die es bei uns noch gibt, die Fr\u00fcchte entdecken. Oft sind die Beeren dann binnen einer Woche von den V\u00f6geln gefressen &#8211; aktuell steht der Strauch 'beerenlos' im frisch gefallenen Schnee. In <a href=\"https:\/\/www.mein-schoener-garten.de\/pflanzen\/schoenfrucht\/liebesperlenstrauch\" target=\"_blank\" rel=\"noopener\">diesem Artikel<\/a> hei\u00dft es, dass die V\u00f6gel gelernt h\u00e4tten, dass die Beeren, die f\u00fcr Menschen giftig sind, fressbar seien.<\/p>\n<p>Interessante Beobachtung am Rande:\u00a0 Gut 500 Meter weiter steht ein solcher Strauch in einem Vorgarten, direkt an der Stra\u00dfe. Als wir im letzten November beim t\u00e4glichen Spaziergang an diesem Strauch vorbei kamen, waren dort die lilafarbenen Beeren noch dran, obwohl unser Strauch im Garten l\u00e4ngst von den V\u00f6geln abgeerntet war. Vielleicht ist die direkt am Strauch vorbei f\u00fchrende Nebenstra\u00dfe ein St\u00f6rfaktor, der die Tiere davon abh\u00e4lt, die Beeren zu fressen. Oder da hausen nur 'dumme V\u00f6gel' &#8211; ich wei\u00df es nicht. Jedenfalls ist der Liebesperlenstrauch im November\/Dezember eines unserer Garten-Highlights. Und heuer schaue ich, dass ich mir wieder einen Hibiskus besorge, den ich zwei Meter weiter in eine frisch geschaffene L\u00fccke pflanzen will (ein Strauch war von einem Pilz befallen, worauf ich diesen ausgegraben habe).<\/p>\n<p><strong>\u00c4hnliche Artikel:<br \/>\n<\/strong><a href=\"https:\/\/borncity.eu\/senioren\/2020\/02\/10\/der-frhling-2020-ist-im-anmarsch\/\">Der Fr\u00fchling 2020 ist im Anmarsch<\/a><br \/>\n<a href=\"https:\/\/borncity.eu\/senioren\/2020\/03\/31\/der-frhling-2020-in-bildern-i\/\">Der Fr\u00fchling 2020 in Bildern \u2013 I<\/a><br \/>\n<a href=\"https:\/\/borncity.eu\/senioren\/2020\/04\/01\/der-frhling-2020-in-bildern-ii\/\">Der Fr\u00fchling 2020 in Bildern \u2013 II<\/a><br \/>\n<a href=\"https:\/\/borncity.eu\/senioren\/2019\/04\/10\/frhling-pflaumen-und-kirschbaumblte\/\">Fr\u00fchling: Pflaumen- und Kirschbaumbl\u00fcte<\/a><br \/>\n<a href=\"https:\/\/borncity.eu\/senioren\/2020\/04\/11\/frhling-2020-um-ostern-teil-1\/\">Fr\u00fchling 2020 \u2013 um Ostern \u2013 Teil 1<\/a><br \/>\n<a href=\"https:\/\/borncity.eu\/senioren\/2020\/04\/13\/frhling-2020-um-ostern-tulpenzeit-teil-2\/\">Fr\u00fchling 2020 \u2013 um Ostern \u2013 Tulpenzeit \u2013 Teil 2<\/a><br \/>\n<a href=\"https:\/\/borncity.eu\/senioren\/2020\/04\/12\/frhling-2020-wei-blau-und-grn-am-karfreitag\/\">Fr\u00fchling 2020: Wei\u00df-blau und gr\u00fcn am Karfreitag<\/a><br \/>\n<a href=\"https:\/\/borncity.eu\/senioren\/2020\/04\/24\/der-frhling-2020-in-bildern-kirschblten-iii\/\">Der Fr\u00fchling 2020 in Bildern: Kirschbl\u00fcten \u2013 III<\/a><br \/>\n<a href=\"https:\/\/borncity.eu\/senioren\/2020\/04\/26\/frhling-2020-birnbaum-und-apfelbaumblte\/\">Fr\u00fchling 2020: Birnbaum und Apfelbaumbl\u00fcte<\/a><br \/>\n<a href=\"https:\/\/borncity.eu\/senioren\/2020\/05\/19\/frhling-2020-stiefmtterchen\/\">Fr\u00fchling 2020: Stiefm\u00fctterchen<\/a><br \/>\n<a href=\"https:\/\/borncity.eu\/senioren\/?p=12285\">Fr\u00fchling 2020: Kornblume<\/a><br \/>\n<a href=\"https:\/\/borncity.eu\/senioren\/?p=12301\">Fr\u00fchling 2020: Klatschmohn<\/a><br \/>\n<a href=\"https:\/\/borncity.eu\/senioren\/2020\/05\/25\/frhling-2020-schwertlilie-iris-als-zaungast\/\">Fr\u00fchling 2020: Schwertlilie (Iris) als 'Zaungast'<\/a><br \/>\n<a href=\"https:\/\/borncity.eu\/senioren\/2020\/04\/25\/frhling-2020-raps-blauer-himmel-und-frische-bltter\/\">Fr\u00fchling 2020: Raps, blauer Himmel und gr\u00fcne B\u00e4ume<\/a><br \/>\n<a href=\"https:\/\/borncity.eu\/senioren\/2017\/05\/01\/1-mai-impressionen-unser-l-leuchtet-gelb\/\">1. Mai-Impressionen: Unser \u00d6l leuchtet gelb<\/a><br \/>\n<a href=\"https:\/\/borncity.eu\/senioren\/2016\/05\/13\/mai-impressionen-raps-apfelblte-und-mehr\/\">Mai-Impressionen: Raps- und Apfelbl\u00fcte<\/a><br \/>\n<a href=\"https:\/\/borncity.eu\/senioren\/2017\/08\/14\/impressionen-vom-sommergarten-malven-und-mehr\/\">Impressionen vom Sommergarten: Malven, Zinnien und mehr<\/a><br \/>\n<a href=\"https:\/\/borncity.eu\/senioren\/2017\/08\/13\/impressionen-vom-sommergarten-lilien\/\">Impressionen vom Sommergarten: Lilien<\/a><br \/>\n<a href=\"https:\/\/borncity.eu\/senioren\/2020\/08\/18\/sommer-2020-oleander-in-voller-blte\/\">Sommer 2020: Oleander in voller Bl\u00fcte<\/a><br \/>\n<a href=\"https:\/\/borncity.eu\/senioren\/2020\/08\/13\/reinfall-gibt-keinen-mehrfarbig-blhenden-hibiskus\/\">Reinfall: Gibt keinen mehrfarbig bl\u00fchenden Hibiskus \u2026<\/a><br \/>\n<a href=\"https:\/\/borncity.eu\/senioren\/2020\/08\/26\/petunien-komplementr\/\">Petunien-Komplement\u00e4r<\/a><br \/>\n<a href=\"https:\/\/borncity.eu\/senioren\/2020\/08\/24\/lampionblumen-in-meinem-garten\/\">Lampionblumen in meinem Garten<\/a><br \/>\n<a href=\"https:\/\/borncity.eu\/senioren\/2020\/10\/07\/herbst-feuerdorn-sanddorn-ebereschen\/\">Herbst: Feuerdorn, Sanddorn, Ebereschen, Hagebutten<\/a><br \/>\n<a href=\"https:\/\/borncity.eu\/senioren\/2018\/11\/19\/novemberimpressionen-herbstwald-wandern-am-taunussteig\/\">Novemberimpressionen: Herbstwald, Wandern am Taunussteig<\/a><br \/>\n<a href=\"https:\/\/borncity.eu\/senioren\/2020\/08\/27\/foto-projekt-blhender-ackerrandstreifen-teil-i\/\">Foto-Projekt: Bl\u00fchender Ackerrandstreifen<\/a> \u2013 Teil I<br \/>\n<a href=\"https:\/\/borncity.eu\/senioren\/?p=13213\">Foto-Projekt: Bl\u00fchender Ackerrandstreifen<\/a> \u2013 Teil II<br \/>\n<a href=\"https:\/\/borncity.eu\/senioren\/?p=13223\">Foto-Projekt: Bl\u00fchender Ackerrandstreifen<\/a> \u2013 Teil III<br \/>\n<a href=\"https:\/\/borncity.eu\/senioren\/2020\/10\/02\/foto-projekt-blhender-ackerrandstreifen-teil-iv\/\">Foto-Projekt: Bl\u00fchender Ackerrandstreifen<\/a> \u2013 Teil IV<\/p>\n","protected":false},"excerpt":{"rendered":"<p>Heute noch ein kleiner Hauch 'Exotik' aus meinem Garten. In einer Ecke haben wir einen Liebesperlenstrauch (auch als Sch\u00f6nfrucht bekannt) gepflanzt. Der botanische Name lautet Callicarpa bodinieri (wobei oft die Variante giraldii 'Profusion' gepflanzt wird). Es ist eine Bl\u00fctenpflanzenart aus &hellip; <a href=\"https:\/\/borncity.eu\/senioren\/2021\/01\/27\/der-liebesperlenstrauch-im-garten\/\">Weiterlesen <span class=\"meta-nav\">&rarr;<\/span><\/a><\/p>\n","protected":false},"author":1,"featured_media":0,"comment_status":"open","ping_status":"open","sticky":false,"template":"","format":"standard","meta":{"footnotes":""},"categories":[18,13],"tags":[19,119],"class_list":["post-15693","post","type-post","status-publish","format-standard","hentry","category-foto","category-natur","tag-foto","tag-natur"],"_links":{"self":[{"href":"https:\/\/borncity.eu\/senioren\/wp-json\/wp\/v2\/posts\/15693","targetHints":{"allow":["GET"]}}],"collection":[{"href":"https:\/\/borncity.eu\/senioren\/wp-json\/wp\/v2\/posts"}],"about":[{"href":"https:\/\/borncity.eu\/senioren\/wp-json\/wp\/v2\/types\/post"}],"author":[{"embeddable":true,"href":"https:\/\/borncity.eu\/senioren\/wp-json\/wp\/v2\/users\/1"}],"replies":[{"embeddable":true,"href":"https:\/\/borncity.eu\/senioren\/wp-json\/wp\/v2\/comments?post=15693"}],"version-history":[{"count":0,"href":"https:\/\/borncity.eu\/senioren\/wp-json\/wp\/v2\/posts\/15693\/revisions"}],"wp:attachment":[{"href":"https:\/\/borncity.eu\/senioren\/wp-json\/wp\/v2\/media?parent=15693"}],"wp:term":[{"taxonomy":"category","embeddable":true,"href":"https:\/\/borncity.eu\/senioren\/wp-json\/wp\/v2\/categories?post=15693"},{"taxonomy":"post_tag","embeddable":true,"href":"https:\/\/borncity.eu\/senioren\/wp-json\/wp\/v2\/tags?post=15693"}],"curies":[{"name":"wp","href":"https:\/\/api.w.org\/{rel}","templated":true}]}}