{"id":16229,"date":"2021-03-17T00:14:00","date_gmt":"2021-03-16T23:14:00","guid":{"rendered":"https:\/\/borncity.com\/senioren\/?p=16229"},"modified":"2023-02-13T07:23:24","modified_gmt":"2023-02-13T06:23:24","slug":"vulkan-in-der-eifel-ein-dorf-hebt-sich","status":"publish","type":"post","link":"https:\/\/borncity.eu\/senioren\/2021\/03\/17\/vulkan-in-der-eifel-ein-dorf-hebt-sich\/","title":{"rendered":"Vulkan in der Eifel &#8211; ein Dorf hebt sich"},"content":{"rendered":"<p>Die Bewohner des Eifel\u00f6rtchens Glees, in N\u00e4he des Laacher Sees sitzen buchst\u00e4blich auf \"hei\u00dfen Kohlen\" &#8211; oder einer Magma-Blase im Untergrund. Der Boden um das Dorf wird angehoben &#8211; gut m\u00f6glich, dass irgendwann ein Vulkanausbruch droht. <\/p>\n<p><!--more--><\/p>\n<p>Die <a href=\"https:\/\/de.wikipedia.org\/wiki\/Vulkaneifel\" target=\"_blank\" rel=\"noopener\">Vulkaneifel<\/a> ist eine in Rheinland-Pfalz gelegene Region der Eifel, die sich durch ihre in besonderem Ma\u00df mit Vulkanismus verkn\u00fcpfte geologische Geschichte und Gegenwart auszeichnet. Charakteristisch f\u00fcr ihre Landschaft sind die typischen Eifelmaare, zahlreiche andere Zeugnisse vulkanischer Aktivit\u00e4ten wie Vulkanbauten, Lavastr\u00f6me und Vulkankrater wie die Caldera des <a href=\"https:\/\/de.wikipedia.org\/wiki\/Laacher_See\" target=\"_blank\" rel=\"noopener\">Laacher Sees<\/a>. Die Vulkaneifel, von der Gro\u00dfteile im <a href=\"https:\/\/de.wikipedia.org\/wiki\/Naturpark_Vulkaneifel\" target=\"_blank\" rel=\"noopener\">Naturpark Vulkaneifel<\/a> liegen, ist heute immer noch vulkanisch aktiv. Ein Kennzeichen dieser vulkanischen Aktivit\u00e4t sind austretende vulkanische Gase, wie zum Beispiel im Laacher See.<\/p>\n<p><img decoding=\"async\" title=\"Eifel-Maar\" alt=\"Eifel-Maar\" src=\"https:\/\/i.imgur.com\/RE3hWHl.png\"><\/p>\n<p>Meine Vorfahren konnten vor etwas ca. 13.000 Jahren konnte noch vulkanische Aktivit\u00e4ten erleben. Nicht weit von meinem Geburtsort findet sich beim Eifel\u00f6rtchen Bettenfeld der <a href=\"https:\/\/web.archive.org\/web\/20170612065306\/http:\/\/www.geopark-vulkaneifel.de:80\/index.php\/mosenberg\" target=\"_blank\" rel=\"noopener\">Mosenberg<\/a> mit einem Maar (ich hatte im Artikel <a href=\"https:\/\/borncity.com\/reisen\/2017\/08\/07\/heidsmhle-eifelmanderscheid\/\">Heidsm\u00fchle (Eifel\/Manderscheid)<\/a> kurz was geschrieben). In den vergangenen Jahren gab es immer wieder Studien, die belegen, dass der Untergrund der Vulkaneifel noch geologisch und vulkanologisch aktiv ist. Der letzte Ausbruch war vor ca. 13.000 Jahren, aber ein solches Ereignis k\u00f6nnte sich k\u00fcnftig auch wiederholen. Wissenschaftler schreiben im \u201eGeophysical Journal International\", dass sich unter der Eifel Magma in einer Tiefe von rund 50 Kilometern ansammele. Dieser Artikel aus dem Jahr 2020 <a href=\"https:\/\/www.morgenpost.de\/vermischtes\/article229310736\/Eifel-Vulkan-Forscher-weisen-Aktivitaet-nach-Ausbruch-Studie.html\" target=\"_blank\" rel=\"noopener\">thematisiert<\/a> diesen Sachverhalt.<\/p>\n<p>Aber auch heute ist der Boden der Eifel an manchen Stellen nicht zur Ruhe gekommen. In der N\u00e4he des Lacher Sees hebt sich der Boden des Dorfes Glees um bis zu einem Zentimeter pro Jahr. Das haben Messungen des Satelliten Sentinel-1 ergeben. Die Mineralwasserbrunnen der SOL Kohlens\u00e4ure GmbH &amp; Co. KG. haben seit 50 Jahren aufgeh\u00f6rt, kohlens\u00e4urehaltiges Wasser zu liefern. Daf\u00fcr sprudelt es im Untergrund des Laacher Sees oder des Rheins. <\/p>\n<p><a href=\"https:\/\/www.t-online.de\/nachrichten\/panorama\/katastrophen\/id_89493448\/vulkan-in-deutschland-erde-hebt-sich-in-diesem-dorf-in-der-eifel.html?utm_source=pocket-newtab-global-de-DE\" target=\"_blank\" rel=\"noopener\">Dieser Artikel auf t-online<\/a> beschreibt, dass das Dach des Brunnengeb\u00e4udes in der Gemeinde Glees sich zwischen 2016 und 2019 um vier Zentimeter gehoben hat. Das Dorf liegt auf einer Magma-Kammer, aus der jetzt Magma in h\u00f6here Gesteinsschichten aufsteigt. Messungen zeigen, dass es dort in der Tiefe st\u00e4ndig kleinere Erdbeben gibt. Da stellt sich die Frage, ob der Eifel ein gewaltiger Vulkanausbruch bevorsteht, wie vor ca. 12.900 Jahren? Im <a href=\"https:\/\/www.merkur.de\/welt\/vulkan-ausbruch-deutschland-eifel-laacher-forschung-see-geologie-gefahr-usa-zr-13820929.html\" target=\"_blank\" rel=\"noopener\">Merkur geben deutsche Vulkanologen Entwarnung<\/a>.&nbsp; \u00c4hnliches l\u00e4sst sich in <a href=\"https:\/\/web.archive.org\/web\/20221209035117\/https:\/\/www.vulkane.net\/blogmobil\/vulkaneifel-bodenanhebung-am-laacher-see-nachgewiesen\/\" target=\"_blank\" rel=\"noopener\">diesem Blog-Beitrag<\/a> auf vulkane.net nachlesen. <\/p>\n<p><a href=\"https:\/\/twitter.com\/rlpNews\/status\/1093881895908139008\" target=\"_blank\" rel=\"noopener\"><img decoding=\"async\" title=\"Laacher See\" alt=\"Laacher See\" src=\"https:\/\/i.imgur.com\/Qg1NqvF.png\"><\/a><\/p>\n<p>Wer es hochoffiziell haben will: Auch die Regierung von Rheinland-Pfalz gibt in obigem <a href=\"https:\/\/twitter.com\/rlpNews\/status\/1093881895908139008\" target=\"_blank\" rel=\"noopener\">Tweet<\/a> Entwarnung &#8211; noch haben wir wohl mehrere Tausend Jahre Zeit &#8211; und bis das so weit ist, sind wir bestimmt in Rente. Ich bin ja bereits in Vorbereitung auf diese hei\u00dfe Phase vor vielen Jahren aus der Eifel weggezogen &#8211; und warte jetzt darauf, dass es los geht ;-).<\/p>\n","protected":false},"excerpt":{"rendered":"<p>Die Bewohner des Eifel\u00f6rtchens Glees, in N\u00e4he des Laacher Sees sitzen buchst\u00e4blich auf \"hei\u00dfen Kohlen\" &#8211; oder einer Magma-Blase im Untergrund. Der Boden um das Dorf wird angehoben &#8211; gut m\u00f6glich, dass irgendwann ein Vulkanausbruch droht.<\/p>\n","protected":false},"author":1,"featured_media":0,"comment_status":"open","ping_status":"","sticky":false,"template":"","format":"standard","meta":{"footnotes":""},"categories":[13],"tags":[119,207],"class_list":["post-16229","post","type-post","status-publish","format-standard","hentry","category-natur","tag-natur","tag-wissenschaft"],"_links":{"self":[{"href":"https:\/\/borncity.eu\/senioren\/wp-json\/wp\/v2\/posts\/16229","targetHints":{"allow":["GET"]}}],"collection":[{"href":"https:\/\/borncity.eu\/senioren\/wp-json\/wp\/v2\/posts"}],"about":[{"href":"https:\/\/borncity.eu\/senioren\/wp-json\/wp\/v2\/types\/post"}],"author":[{"embeddable":true,"href":"https:\/\/borncity.eu\/senioren\/wp-json\/wp\/v2\/users\/1"}],"replies":[{"embeddable":true,"href":"https:\/\/borncity.eu\/senioren\/wp-json\/wp\/v2\/comments?post=16229"}],"version-history":[{"count":1,"href":"https:\/\/borncity.eu\/senioren\/wp-json\/wp\/v2\/posts\/16229\/revisions"}],"predecessor-version":[{"id":21261,"href":"https:\/\/borncity.eu\/senioren\/wp-json\/wp\/v2\/posts\/16229\/revisions\/21261"}],"wp:attachment":[{"href":"https:\/\/borncity.eu\/senioren\/wp-json\/wp\/v2\/media?parent=16229"}],"wp:term":[{"taxonomy":"category","embeddable":true,"href":"https:\/\/borncity.eu\/senioren\/wp-json\/wp\/v2\/categories?post=16229"},{"taxonomy":"post_tag","embeddable":true,"href":"https:\/\/borncity.eu\/senioren\/wp-json\/wp\/v2\/tags?post=16229"}],"curies":[{"name":"wp","href":"https:\/\/api.w.org\/{rel}","templated":true}]}}