{"id":16236,"date":"2021-03-17T14:07:04","date_gmt":"2021-03-17T13:07:04","guid":{"rendered":"https:\/\/borncity.com\/senioren\/?p=16236"},"modified":"2021-03-17T14:07:04","modified_gmt":"2021-03-17T13:07:04","slug":"heute-17-3-ist-saint-patricks-day","status":"publish","type":"post","link":"https:\/\/borncity.eu\/senioren\/2021\/03\/17\/heute-17-3-ist-saint-patricks-day\/","title":{"rendered":"Heute (17.3.) ist Saint Patrick&rsquo;s Day"},"content":{"rendered":"<p>Der <a href=\"https:\/\/de.wikipedia.org\/wiki\/Saint_Patrick%E2%80%99s_Day\" target=\"_blank\" rel=\"noopener\">Saint Patrick's Day<\/a> (irisch L\u00e1 Fh\u00e9ile P\u00e1draig), deutsch Sankt-Patricks-Tag, ist der Gedenktag des irischen Bischofs Patrick, der im 5. Jahrhundert lebte und als erster christlicher Missionar in Irland gilt. Sein Geburts- und sein Sterbetag sind nicht bekannt; das Datum 17. M\u00e4rz f\u00fcr den Sterbetag tauchte erstmals im 7. Jahrhundert auf. Am 17. M\u00e4rz ist Gr\u00fcn die vorherrschende Farbe der feiernden Iren in aller Welt. Dieses Jahr d\u00fcrfte die Feier, auch in Deutschland, wegen Corona etwas kleiner ausfallen. Trotzdem sch\u00f6nen Sankt-Patricks-Tag &#8211; ich werde ggf. &#8211; in geb\u00fchrendem Abstand von 150 km &#8211; ein Gl\u00e4schen auf den 1. Geburtstag der beiden Enkelkinder trinken. <\/p>\n","protected":false},"excerpt":{"rendered":"<p>Der Saint Patrick's Day (irisch L\u00e1 Fh\u00e9ile P\u00e1draig), deutsch Sankt-Patricks-Tag, ist der Gedenktag des irischen Bischofs Patrick, der im 5. Jahrhundert lebte und als erster christlicher Missionar in Irland gilt. Sein Geburts- und sein Sterbetag sind nicht bekannt; das Datum &hellip; <a href=\"https:\/\/borncity.eu\/senioren\/2021\/03\/17\/heute-17-3-ist-saint-patricks-day\/\">Weiterlesen <span class=\"meta-nav\">&rarr;<\/span><\/a><\/p>\n","protected":false},"author":1,"featured_media":0,"comment_status":"open","ping_status":"","sticky":false,"template":"","format":"standard","meta":{"footnotes":""},"categories":[1],"tags":[168],"class_list":["post-16236","post","type-post","status-publish","format-standard","hentry","category-allgemein","tag-allgemein"],"_links":{"self":[{"href":"https:\/\/borncity.eu\/senioren\/wp-json\/wp\/v2\/posts\/16236","targetHints":{"allow":["GET"]}}],"collection":[{"href":"https:\/\/borncity.eu\/senioren\/wp-json\/wp\/v2\/posts"}],"about":[{"href":"https:\/\/borncity.eu\/senioren\/wp-json\/wp\/v2\/types\/post"}],"author":[{"embeddable":true,"href":"https:\/\/borncity.eu\/senioren\/wp-json\/wp\/v2\/users\/1"}],"replies":[{"embeddable":true,"href":"https:\/\/borncity.eu\/senioren\/wp-json\/wp\/v2\/comments?post=16236"}],"version-history":[{"count":0,"href":"https:\/\/borncity.eu\/senioren\/wp-json\/wp\/v2\/posts\/16236\/revisions"}],"wp:attachment":[{"href":"https:\/\/borncity.eu\/senioren\/wp-json\/wp\/v2\/media?parent=16236"}],"wp:term":[{"taxonomy":"category","embeddable":true,"href":"https:\/\/borncity.eu\/senioren\/wp-json\/wp\/v2\/categories?post=16236"},{"taxonomy":"post_tag","embeddable":true,"href":"https:\/\/borncity.eu\/senioren\/wp-json\/wp\/v2\/tags?post=16236"}],"curies":[{"name":"wp","href":"https:\/\/api.w.org\/{rel}","templated":true}]}}